{"id":522868,"date":"2025-11-09T14:06:16","date_gmt":"2025-11-09T14:06:16","guid":{"rendered":"https:\/\/www.europesays.com\/fr\/522868\/"},"modified":"2025-11-09T14:06:16","modified_gmt":"2025-11-09T14:06:16","slug":"la-brt-cette-brigade-qui-rassure-les-voyageurs-en-ile-de-france","status":"publish","type":"post","link":"https:\/\/www.europesays.com\/fr\/522868\/","title":{"rendered":"la BRT, cette brigade qui rassure les voyageurs en \u00cele-de-France"},"content":{"rendered":"<p>            Par<br \/>\n        <strong><br \/>\n            <a href=\"https:\/\/actu.fr\/auteur\/thomas-rideau\" title=\"Consulter tous les articles de Thomas Rideau\" target=\"_blank\" rel=\"noopener\">Thomas Rideau<\/a><br \/>\n        <\/strong><\/p>\n<p>        Publi\u00e9 le<\/p>\n<p>            9 nov. 2025 \u00e0 6h46        <\/p>\n<p>Un <strong>nouvel uniforme<\/strong> monte \u00e0 bord. Et peut-\u00eatre les avez-vous d\u00e9j\u00e0 remarqu\u00e9s\u2009? <a href=\"https:\/\/actu.fr\/tag\/ile-de-france-mobilites\" target=\"_blank\" rel=\"noopener\">\u00cele-de-France Mobilit\u00e9s<\/a> a cr\u00e9\u00e9 l\u2019ann\u00e9e derni\u00e8re la <strong>BRT<\/strong>, pour <a href=\"https:\/\/actu.fr\/ile-de-france\/paris_75056\/a-quoi-va-servir-la-brigade-regionale-des-transports-creee-par-ile-de-france-mobilites_60905938.html\" target=\"_blank\" rel=\"noopener\">brigade r\u00e9gionale des transports<\/a>. Une force d\u2019une centaine d\u2019agents de s\u00e9curit\u00e9 qui patrouillent dans les bus, les tramways, mais aussi aux arr\u00eats de bus et les parvis de gare. Une pr\u00e9sence qui permet de <strong>\u00ab\u2009rassurer\u2009\u00bb<\/strong> les passagers. Mais pas que.<\/p>\n<p>Une \u00ab\u2009force d\u2019appui\u2009\u00bb qui peut \u00ab\u2009se d\u00e9ployer tr\u00e8s vite\u2009\u00bb<\/p>\n<p class=\" wall-content\">Comprenez bien\u2009: la BRT n\u2019a pas tout \u00e0 fait les m\u00eames missions que la <strong>S\u00fbret\u00e9 Ferroviaire<\/strong>, par exemple. \u00ab\u2009C\u2019est une force mobile\u2009\u00bb, r\u00e9sume Nicolas Monrepos, chef du d\u00e9partement \u00e9tat-major d\u2019IDFM. \u00ab\u2009Ils viennent <strong>en suppl\u00e9ment<\/strong>. On va rep\u00e9rer une difficult\u00e9 sur une partie du r\u00e9seau et ils arrivent en force d\u2019appui. Ils peuvent se d\u00e9ployer tr\u00e8s vite et rester sur zone dans des situations d\u00e9grad\u00e9es.\u2009\u00bb<\/p>\n<blockquote class=\"tiktok-embed\" cite=\"https:\/\/www.tiktok.com\/@actu.paris\/video\/7570037071180500246\" data-video-id=\"7570037071180500246\" data-embed-from=\"oembed\" style=\"max-width:605px; min-width:325px;\"><p>\n<a target=\"_blank\" title=\"@actu.paris\" href=\"https:\/\/www.tiktok.com\/@actu.paris?refer=embed\" rel=\"noopener\">@actu.paris<\/a> <\/p>\n<p>La brigade r\u00e9gionale des transports (BRT) patrouille dans les bus et tramways d\u2019\u00cele-de-France depuis l\u2019\u00e9t\u00e9 2024. Ils sont l\u00e0 pour tranquiliser les usagers et les professionnels des transports publics. <a title=\"paris\" target=\"_blank\" href=\"https:\/\/www.tiktok.com\/tag\/paris?refer=embed\" rel=\"noopener\">#paris<\/a> <a title=\"idfm\" target=\"_blank\" href=\"https:\/\/www.tiktok.com\/tag\/idfm?refer=embed\" rel=\"noopener\">#idfm<\/a> <a title=\"bus\" target=\"_blank\" href=\"https:\/\/www.tiktok.com\/tag\/bus?refer=embed\" rel=\"noopener\">#bus<\/a><\/p>\n<p> <a target=\"_blank\" title=\"\u266c son original - Actu Paris - Actu Paris\" href=\"https:\/\/www.tiktok.com\/music\/son-original-Actu-Paris-7570037069867895574?refer=embed\" rel=\"noopener\">\u266c son original \u2013 Actu Paris \u2013 Actu Paris<\/a> <\/p>\n<\/blockquote>\n<p class=\" wall-content\">Arm\u00e9s d\u2019\u00e9quipements de <strong>cat\u00e9gorie D<\/strong> (gaz et b\u00e2ton t\u00e9lescopique), les agents sont l\u00e0 pour \u00ab\u2009faciliter\u2009\u00bb la vie de tout le monde. \u00ab\u2009Il y a beaucoup <strong>d\u2019actions pr\u00e9ventives<\/strong>. On va \u00eatre l\u00e0 pour les sorties d\u2019\u00e9tablissements scolaires, par exemple, l\u2019\u00e9t\u00e9 aussi, aux abords des bases de loisirs. On peut aussi citer les s\u00e9curisations lors des op\u00e9rations de contr\u00f4le.\u2009\u00bb Le cadre est pos\u00e9.<\/p>\n<p>Des agents qui rassurent les coll\u00e8gues<\/p>\n<p class=\" wall-content\">Direction d\u00e9sormais la DSP 7, autrement dit, le r\u00e9seau de transports en commun qui parcourt <strong>Sevran, Aulnay et La Courneuve<\/strong> <a href=\"https:\/\/actu.fr\/ile-de-france\/seine-saint-denis_93\" target=\"_blank\" rel=\"noopener\">(Seine-Saint-Denis)<\/a> avec trois agents de la BRT\u2009: Noah, Fabien et Djibril. Devant la gare d\u2019Aulnay-sous-Bois, leur pr\u00e9sence change l\u2019ambiance en quelques instants. Mais ce sont essentiellement leurs coll\u00e8gues qui notent la transformation, et notamment Sandra, cheffe d\u2019\u00e9quipe chez <strong>IDFM<\/strong>. \u00ab\u2009Quand ils arrivent, on a <strong>moins la crainte d\u2019affronter<\/strong> un voyageur contraignant\u2009!\u2009\u00bb, indique-t-elle. \u00ab\u2009On veut qu\u2019ils restent avec nous, \u00e7a file droit quand ils sont l\u00e0\u2009\u00bb, rit-elle, \u00ab\u2009ne nous les enlevez pas\u2009!\u2009\u00bb<\/p>\n<p class=\" wall-content\">Ces brigades sont compos\u00e9es de patrouilleurs form\u00e9s \u00e0 la pr\u00e9vention et \u00e0 la tranquillit\u00e9 dans les transports publics. \u00ab\u2009C\u2019est autre chose qu\u2019une rue. L\u00e0, ils agissent dans un lieu confin\u00e9 avec des sp\u00e9cificit\u00e9s li\u00e9es aux bus\u2009\u00bb, note <strong>IDFM<\/strong>. \u00c0 noter qu\u2019ils sont \u00e9galement form\u00e9s \u00e0 la gestion des violences sexistes et sexuelles.<\/p>\n<p>Plus de 3 000 agents dans les transports<\/p>\n<p>Au total, 3\u2009000 personnels op\u00e8rent pour la s\u00e9curit\u00e9 dans les transports en \u00cele-de-France. On peut citer la GPSR (de la RATP) et la s\u00fbret\u00e9 ferroviaire (SUGE) et d\u00e9sormais la centaine d\u2019agents de la BRT.<\/p>\n<p>Votre r\u00e9gion, votre actu !<\/p>\n<p>Recevez chaque jour les infos qui comptent pour vous.<\/p>\n<p>\t<a href=\"https:\/\/actu.fr\/newsletter\" class=\"ac-btn ac-btn--corner ac-btn--medium ac-btn--blue800\" target=\"_blank\" rel=\"noopener\">S&rsquo;incrire<\/a><\/p>\n<p class=\" wall-content\">En position dans le bus 615 avec une voiture suiveuse, Noah, le chef d\u2019\u00e9quipe, r\u00e9sume\u2009: \u00ab\u2009\u00c7a peut \u00eatre des incivilit\u00e9s, des pieds sur les si\u00e8ges, de la musique trop forte\u2026\u2009\u00bb Et force est de constater que les pass Navigo sont peut-\u00eatre plus naturellement valid\u00e9s sous le regard de Noah et son \u00e9quipe.<\/p>\n<p>Une pr\u00e9sence dans plus de 200 communes<\/p>\n<p class=\" wall-content\">Mais ce n\u2019est pas tout. Parfois, les \u00e9quipages de la BRT sont primo intervenants sur des d\u00e9lits graves, voire des crimes. Noah se souvient encore, il y a quelques mois, en gare d\u2019<a href=\"https:\/\/actu.fr\/ile-de-france\/argenteuil_95018\" target=\"_blank\" rel=\"noopener\">Argenteuil (Val-d\u2019Oise)<\/a> : la panique sur le visage d\u2019une passag\u00e8re. \u00ab\u2009Elle <strong>\u00e9tait suivie par un homme<\/strong> et elle est venue directement vers nous en nous disant qu\u2019elle ne le connaissait pas.\u2009\u00bb L\u2019homme en question tentait de l\u2019agresser sexuellement. Les agents de la BRT \u00ab\u2009prennent attache\u2009\u00bb avec l\u2019individu et appellent imm\u00e9diatement la police.<\/p>\n<p>    <img   decoding=\"async\" loading=\"lazy\" src=\"https:\/\/www.europesays.com\/fr\/wp-content\/uploads\/2025\/11\/whatsapp-image-2025-11-05-at-174405-960x640.jpeg\" alt=\"Les membres de la BRT s\u00e9curisent aussi les alentours des arr\u00eats de bus et les parvis de gare.\" width=\"960\" height=\"640\"\/><br \/>\n    Les membres de la BRT s\u00e9curisent aussi les alentours des arr\u00eats de bus et les parvis de gare. (\u00a9TR\/actu Paris)<\/p>\n<p class=\" wall-content\">Sur place, la police intervient et <strong>interroge l\u2019homme<\/strong>. Surtout, les forces de l\u2019ordre d\u00e9couvrent que ce n\u2019est pas la premi\u00e8re fois que cet individu est mis en cause dans pareilles circonstances. L\u2019agresseur est interpell\u00e9 et les agents de la BRT f\u00e9licit\u00e9s. \u00ab\u2009C\u2019est vrai qu\u2019on se sent vraiment utile\u2009\u00bb, note avec une pointe de fiert\u00e9 Djibril.<\/p>\n<p class=\" wall-content\">Depuis la cr\u00e9ation de la BRT, ses membres ont s\u00e9curis\u00e9 plus de 200 communes, avec pas moins de 650 d\u00e9ploiements sur le territoire d\u2019Aulnay, Sevran et Villepinte. Pour un total d\u2019une trentaine d\u2019interventions depuis juillet 2024.<\/p>\n<p class=\" wall-content\">Personnalisez votre actualit\u00e9 en ajoutant vos villes et m\u00e9dias en favori avec <a href=\"https:\/\/moncompte.actu.fr\" title=\"D\u00e9couvez Mon Actu\" rel=\"nofollow noopener\" data-trk=\"{&quot;cta&quot;:{&quot;action&quot;:&quot;https:\\\/\\\/moncompte.actu.fr&quot;,&quot;category&quot;:&quot;mon compte&quot;,&quot;from&quot;:&quot;article footer&quot;,&quot;name&quot;:&quot;Mon actu&quot;,&quot;type&quot;:&quot;cta&quot;}}\" target=\"_blank\">Mon Actu<\/a>.<\/p>\n<p>                    <script async src=\"\/\/www.tiktok.com\/embed.js\"><\/script><\/p>\n","protected":false},"excerpt":{"rendered":"Par Thomas Rideau Publi\u00e9 le 9 nov. 2025 \u00e0 6h46 Un nouvel uniforme monte \u00e0 bord. Et peut-\u00eatre&hellip;\n","protected":false},"author":2,"featured_media":522869,"comment_status":"","ping_status":"","sticky":false,"template":"","format":"standard","meta":{"footnotes":""},"categories":[1592],"tags":[1111,11,1777,674,1011,27,662,10883,12,626,25,5009,104,2803],"class_list":{"0":"post-522868","1":"post","2":"type-post","3":"status-publish","4":"format-standard","5":"has-post-thumbnail","7":"category-ile-de-france","8":"tag-actu","9":"tag-actualites","10":"tag-eu","11":"tag-europe","12":"tag-fr","13":"tag-france","14":"tag-ile-de-france","15":"tag-ile-de-france-mobilites","16":"tag-news","17":"tag-paris","18":"tag-republique-francaise","19":"tag-securite-routiere","20":"tag-societe","21":"tag-transport"},"share_on_mastodon":{"url":"https:\/\/pubeurope.com\/@fr\/115520129917173150","error":""},"_links":{"self":[{"href":"https:\/\/www.europesays.com\/fr\/wp-json\/wp\/v2\/posts\/522868","targetHints":{"allow":["GET"]}}],"collection":[{"href":"https:\/\/www.europesays.com\/fr\/wp-json\/wp\/v2\/posts"}],"about":[{"href":"https:\/\/www.europesays.com\/fr\/wp-json\/wp\/v2\/types\/post"}],"author":[{"embeddable":true,"href":"https:\/\/www.europesays.com\/fr\/wp-json\/wp\/v2\/users\/2"}],"replies":[{"embeddable":true,"href":"https:\/\/www.europesays.com\/fr\/wp-json\/wp\/v2\/comments?post=522868"}],"version-history":[{"count":0,"href":"https:\/\/www.europesays.com\/fr\/wp-json\/wp\/v2\/posts\/522868\/revisions"}],"wp:featuredmedia":[{"embeddable":true,"href":"https:\/\/www.europesays.com\/fr\/wp-json\/wp\/v2\/media\/522869"}],"wp:attachment":[{"href":"https:\/\/www.europesays.com\/fr\/wp-json\/wp\/v2\/media?parent=522868"}],"wp:term":[{"taxonomy":"category","embeddable":true,"href":"https:\/\/www.europesays.com\/fr\/wp-json\/wp\/v2\/categories?post=522868"},{"taxonomy":"post_tag","embeddable":true,"href":"https:\/\/www.europesays.com\/fr\/wp-json\/wp\/v2\/tags?post=522868"}],"curies":[{"name":"wp","href":"https:\/\/api.w.org\/{rel}","templated":true}]}}