{"id":522870,"date":"2025-11-09T14:07:12","date_gmt":"2025-11-09T14:07:12","guid":{"rendered":"https:\/\/www.europesays.com\/fr\/522870\/"},"modified":"2025-11-09T14:07:12","modified_gmt":"2025-11-09T14:07:12","slug":"un-homme-transporte-en-urgence-absolue-a-lhopital-apres-avoir-ete-pique-par-des-frelons-asiatiques-en-taillant-sa-haie","status":"publish","type":"post","link":"https:\/\/www.europesays.com\/fr\/522870\/","title":{"rendered":"Un homme transport\u00e9 en urgence absolue \u00e0 l\u2019h\u00f4pital apr\u00e8s avoir \u00e9t\u00e9 piqu\u00e9 par des frelons asiatiques en taillant sa haie"},"content":{"rendered":"<p class=\"paragraph text_align_left lp-f-body-02\">Il a \u00e9t\u00e9 transport\u00e9 \u00e0 l\u2019h\u00f4pital en urgence absolue. Un homme, \u00e2g\u00e9 d\u2019une quarantaine d\u2019ann\u00e9es, a \u00e9t\u00e9 <a href=\"https:\/\/www.leparisien.fr\/faits-divers\/couverts-de-taches-rouges-un-pere-et-son-fils-tues-par-un-essaim-de-frelons-lors-dune-descente-en-tyrolienne-au-laos-06-11-2025-DCL7HCUIBBGDHLBW5QOSWC3UB4.php\" target=\"_blank\" rel=\"noreferrer nofollow noopener\">piqu\u00e9 \u00e0 de multiples reprises par des frelons asiatiques<\/a>, ce samedi \u00e0 Ladon (<a href=\"https:\/\/www.leparisien.fr\/loiret-45\/\" target=\"_blank\" rel=\"noreferrer nofollow noopener\">Loiret<\/a>), alors qu\u2019il taillait sa haie, a fait savoir le SDIS45 <a href=\"https:\/\/www.larep.fr\/ladon-45270\/faits-divers\/un-homme-en-urgence-absolue-apres-avoir-ete-pique-a-de-multiples-reprises-par-des-frelons-asiatiques-pres-de-montargis_14778900\/?fbclid=IwY2xjawN9ZtxleHRuA2FlbQIxMQBicmlkETFSczRpTzNiMHZvMHN5U1Fkc3J0YwZhcHBfaWQQMjIyMDM5MTc4ODIwMDg5MgABHm4yXnKuxJTEXa3UjSLr9ASeMy2ODDNcF_EgnkfBrU37Gyvs4ikmOL1zuBu8_aem_E3SDUD9WJoWma2cr4zCSlg\" target=\"_blank\" rel=\"noreferrer nofollow noopener\">\u00e0 nos confr\u00e8res de La R\u00e9publique du Centre<\/a>.<\/p>\n<p class=\"paragraph text_align_left lp-f-body-02\">Ce samedi, vers 10h30, cet homme \u00e9tait en train de tailler sa haie dans son jardin, quand il a \u00e9t\u00e9 attaqu\u00e9 par plusieurs frelons asiatiques. Selon les pompiers du Loiret, le nid \u00e9tait \u00ab \u00e0 hauteur d\u2019homme, \u00e0 l\u2019int\u00e9rieur de la haie que la victime \u00e9tait en train de tailler \u00bb.<\/p>\n<p>Des temp\u00e9ratures relativement douces<\/p>\n<p class=\"paragraph text_align_left lp-f-body-02\">Piqu\u00e9 \u00e0 de multiples reprises, le quadrag\u00e9naire a \u00e9t\u00e9 pris en charge par les secours et transport\u00e9 en urgence absolue au centre hospitalier de Pithiviers. Pas moins de sept sapeurs-pompiers ont \u00e9t\u00e9 mobilis\u00e9s sur l\u2019op\u00e9ration.<\/p>\n<p class=\"paragraph text_align_left lp-f-body-02\">M\u00eame \u00e0 l\u2019automne, \u00ab et d\u2019autant plus avec les temp\u00e9ratures actuelles qui restent relativement douces \u00bb, les nids de frelons asiatiques restent actifs et dangereux, mettent en garde les pompiers. Avant de tailler des haies, les secours conseillent de v\u00e9rifier au pr\u00e9alable l\u2019absence de nids.<\/p>\n<p class=\"lp-card-podcast-highlighting__title  lp-f-subtitle-05\">[4\/4] L\u2019assassinat du PDG de Renault\u00a0: la sanglante \u00e9pop\u00e9e du groupe Action directe<\/p>\n<p class=\"lp-card-podcast-highlighting__description lp-f-ui-05\">Crime story raconte chaque semaine les grandes affaires criminelles.<\/p>\n<p><a class=\"lp-card-podcast-highlighting__call-to-action\" data-page-type=\"HP\" data-block-name=\"podcast-highlight\">\u00c9couter<\/a><\/p>\n<p class=\"paragraph text_align_left lp-f-body-02\">En cas de d\u00e9couverte d\u2019un nid de frelons asiatiques, les pompiers conseillent d\u2019interrompre les travaux, sans gestes brusques, et de s\u2019\u00e9loigner calmement de la zone, de ne pas tenter de d\u00e9truire le nid par soi-m\u00eame, d\u2019alerter ses voisins et de contacter un professionnel. Dans certains cas, les piq\u00fbres de frelons asiatiques peuvent provoquer des r\u00e9actions allergiques graves pouvant mettre en jeu le pronostic vital.<\/p>\n","protected":false},"excerpt":{"rendered":"Il a \u00e9t\u00e9 transport\u00e9 \u00e0 l\u2019h\u00f4pital en urgence absolue. Un homme, \u00e2g\u00e9 d\u2019une quarantaine d\u2019ann\u00e9es, a \u00e9t\u00e9 piqu\u00e9&hellip;\n","protected":false},"author":2,"featured_media":522871,"comment_status":"","ping_status":"","sticky":false,"template":"","format":"standard","meta":{"footnotes":""},"categories":[1888],"tags":[1111,1928,11,1927,459,1777,674,118,1011,27,12,1926,626,1925,25],"class_list":{"0":"post-522870","1":"post","2":"type-post","3":"status-publish","4":"format-standard","5":"has-post-thumbnail","7":"category-paris","8":"tag-actu","9":"tag-actu-paris","10":"tag-actualites","11":"tag-actualites-paris","12":"tag-departements-horsidfo","13":"tag-eu","14":"tag-europe","15":"tag-faits-divers","16":"tag-fr","17":"tag-france","18":"tag-news","19":"tag-news-paris","20":"tag-paris","21":"tag-paris-news","22":"tag-republique-francaise"},"share_on_mastodon":{"url":"https:\/\/pubeurope.com\/@fr\/115520133210933686","error":""},"_links":{"self":[{"href":"https:\/\/www.europesays.com\/fr\/wp-json\/wp\/v2\/posts\/522870","targetHints":{"allow":["GET"]}}],"collection":[{"href":"https:\/\/www.europesays.com\/fr\/wp-json\/wp\/v2\/posts"}],"about":[{"href":"https:\/\/www.europesays.com\/fr\/wp-json\/wp\/v2\/types\/post"}],"author":[{"embeddable":true,"href":"https:\/\/www.europesays.com\/fr\/wp-json\/wp\/v2\/users\/2"}],"replies":[{"embeddable":true,"href":"https:\/\/www.europesays.com\/fr\/wp-json\/wp\/v2\/comments?post=522870"}],"version-history":[{"count":0,"href":"https:\/\/www.europesays.com\/fr\/wp-json\/wp\/v2\/posts\/522870\/revisions"}],"wp:featuredmedia":[{"embeddable":true,"href":"https:\/\/www.europesays.com\/fr\/wp-json\/wp\/v2\/media\/522871"}],"wp:attachment":[{"href":"https:\/\/www.europesays.com\/fr\/wp-json\/wp\/v2\/media?parent=522870"}],"wp:term":[{"taxonomy":"category","embeddable":true,"href":"https:\/\/www.europesays.com\/fr\/wp-json\/wp\/v2\/categories?post=522870"},{"taxonomy":"post_tag","embeddable":true,"href":"https:\/\/www.europesays.com\/fr\/wp-json\/wp\/v2\/tags?post=522870"}],"curies":[{"name":"wp","href":"https:\/\/api.w.org\/{rel}","templated":true}]}}