{"id":522876,"date":"2025-11-09T14:10:16","date_gmt":"2025-11-09T14:10:16","guid":{"rendered":"https:\/\/www.europesays.com\/fr\/522876\/"},"modified":"2025-11-09T14:10:16","modified_gmt":"2025-11-09T14:10:16","slug":"une-rixe-a-la-sortie-de-la-garde-a-vue-des-suspects-des-interpellations","status":"publish","type":"post","link":"https:\/\/www.europesays.com\/fr\/522876\/","title":{"rendered":"une rixe \u00e0 la sortie de la garde \u00e0 vue des suspects, des interpellations"},"content":{"rendered":"<p>            Par<br \/>\n        <strong><br \/>\n            <a href=\"https:\/\/actu.fr\/auteur\/antoine-grotteria02\" title=\"Consulter tous les articles de Antoine Grotteria\" target=\"_blank\" rel=\"noopener\">Antoine Grotteria<\/a><br \/>\n        <\/strong><\/p>\n<p>        Publi\u00e9 le<\/p>\n<p>            9 nov. 2025 \u00e0 15h03        <\/p>\n<p>La tension ne retombe pas. Quarante-huit heures apr\u00e8s les <strong>perturbations<\/strong> du <a href=\"https:\/\/actu.fr\/ile-de-france\/paris_75056\/video-le-concert-de-l-orchestre-d-israel-perturbe-par-de-graves-incidents-denonce-la-philharmonie-de-paris_63406977.html\" target=\"_blank\" rel=\"noopener\">concert<\/a> \u00ab<a href=\"https:\/\/actu.fr\/societe\/debordements-a-la-philharmonie-une-video-virale-preparation-des-municipales-l-info-a-midi-en-ile-de-france_63408449.html\" target=\"_blank\" rel=\"noopener\">\u2009Israel Philamornic Orchestra<\/a>\u2009\u00bb organis\u00e9 \u00e0 la Philharmonie de <a href=\"https:\/\/actu.fr\/paris\/\" target=\"_blank\" rel=\"noopener\">Paris<\/a>, de nouveaux heurts ont eu lieu, samedi 8\u00a0novembre 2025, devant un commissariat du 19e arrondissement o\u00f9 \u00e9taient gard\u00e9s \u00e0 vue <strong>quatre militants pro-palestiniens<\/strong> soup\u00e7onn\u00e9s d\u2019avoir d\u00e9clench\u00e9 les incidents, a appris actu Paris aupr\u00e8s du parquet, confirmant une information du <a href=\"https:\/\/www.lefigaro.fr\/faits-divers\/concert-perturbe-a-la-philharmonie-de-paris-une-nouvelle-rixe-eclate-a-la-sortie-des-gardes-a-vue-des-suspects-20251109\" target=\"_blank\" rel=\"noopener\">Figaro<\/a>.<\/p>\n<p>Trois policiers bless\u00e9s<\/p>\n<p class=\" wall-content\">Les faits se sont d\u00e9roul\u00e9s vers 17h30. Selon le minist\u00e8re public, un groupe pro-palestinien a fait le trajet jusqu\u2019\u00e0 un commissariat du 19e arrondissement pour soutenir <a href=\"https:\/\/actu.fr\/ile-de-france\/paris_75056\/concert-d-un-orchestre-israelien-a-la-philharmonie-de-paris-quatre-personnes-en-garde-a-vue-apres-les-violen_63409862.html\" target=\"_blank\" rel=\"noopener\">les quatre personnes qui devaient \u00eatre pr\u00e9sent\u00e9es<\/a> devant un juge du tribunal de Paris. \u00ab\u2009Quelques minutes plus tard\u2009\u00bb, des <strong>militants pro-isr\u00e9aliens<\/strong> les ont rejoints. \u00ab\u2009Des <strong>heurts<\/strong> ont alors \u00e9clat\u00e9\u2009\u00bb, souligne le parquet.<\/p>\n<p class=\" wall-content\">Les forces de l\u2019ordre sont intervenus pour s\u00e9parer les deux groupes. Au cours de cette op\u00e9ration, <strong>trois d\u2019entre eux ont \u00e9t\u00e9 bless\u00e9s<\/strong>, puis conduits \u00e0 l\u2019h\u00f4pital. D\u2019apr\u00e8s le parquet, trois pro-isr\u00e9aliens ont \u00e9t\u00e9 interpell\u00e9s et plac\u00e9s en garde \u00e0 vue dans un commissariat du 17e arrondissement. De leur c\u00f4t\u00e9, \u00ab\u2009les manifestants pro-palestiniens ont \u00e9t\u00e9 invit\u00e9s \u00e0 quitter les lieux sans incident\u2009\u00bb. Mais l\u2019un d\u2019entre eux a \u00e9t\u00e9 plac\u00e9 en garde \u00e0 vue pour propos <a href=\"https:\/\/actu.fr\/tag\/antisemitisme\" target=\"_blank\" rel=\"noopener\">antis\u00e9mites<\/a>.<\/p>\n<p class=\" wall-content\">Ce nouvel acc\u00e8s de violence, en \u00e9cho \u00e0 la guerre \u00e0 <a href=\"https:\/\/actu.fr\/tag\/gaza\" target=\"_blank\" rel=\"noopener\">Gaza<\/a>, intervient deux jours apr\u00e8s la perturbation d\u2019une repr\u00e9sentation l\u2019Orchestre philarmonique d\u2019Isra\u00ebl. Des fumig\u00e8nes avaient \u00e9t\u00e9 craqu\u00e9s et des <strong>coups de poing<\/strong> \u00e9chang\u00e9s dans les gradins. La mobilisation contre la venue de collectif musical a \u00e9t\u00e9 revendiqu\u00e9e par <strong>Palestine Action France<\/strong>.<\/p>\n<p class=\" wall-content\">Quatre personnes avaient \u00e9t\u00e9 ainsi \u00e9t\u00e9 interpell\u00e9es pour participation \u00e0 un groupement en vue de commettre des violences ou d\u00e9gradations et organisation d\u2019une manifestation non d\u00e9clar\u00e9e.<\/p>\n<p class=\" wall-content\">Personnalisez votre actualit\u00e9 en ajoutant vos villes et m\u00e9dias en favori avec <a href=\"https:\/\/moncompte.actu.fr\" title=\"D\u00e9couvez Mon Actu\" rel=\"nofollow noopener\" data-trk=\"{&quot;cta&quot;:{&quot;action&quot;:&quot;https:\\\/\\\/moncompte.actu.fr&quot;,&quot;category&quot;:&quot;mon compte&quot;,&quot;from&quot;:&quot;article footer&quot;,&quot;name&quot;:&quot;Mon actu&quot;,&quot;type&quot;:&quot;cta&quot;}}\" target=\"_blank\">Mon Actu<\/a>.<\/p>\n","protected":false},"excerpt":{"rendered":"Par Antoine Grotteria Publi\u00e9 le 9 nov. 2025 \u00e0 15h03 La tension ne retombe pas. Quarante-huit heures apr\u00e8s&hellip;\n","protected":false},"author":2,"featured_media":522877,"comment_status":"","ping_status":"","sticky":false,"template":"","format":"standard","meta":{"footnotes":""},"categories":[1888],"tags":[11,1777,674,118,1011,27,5643,12,626,1072,25,4595],"class_list":{"0":"post-522876","1":"post","2":"type-post","3":"status-publish","4":"format-standard","5":"has-post-thumbnail","7":"category-paris","8":"tag-actualites","9":"tag-eu","10":"tag-europe","11":"tag-faits-divers","12":"tag-fr","13":"tag-france","14":"tag-guerre-israel-hamas","15":"tag-news","16":"tag-paris","17":"tag-police","18":"tag-republique-francaise","19":"tag-tribunal-de-paris"},"share_on_mastodon":{"url":"https:\/\/pubeurope.com\/@fr\/115520145059340441","error":""},"_links":{"self":[{"href":"https:\/\/www.europesays.com\/fr\/wp-json\/wp\/v2\/posts\/522876","targetHints":{"allow":["GET"]}}],"collection":[{"href":"https:\/\/www.europesays.com\/fr\/wp-json\/wp\/v2\/posts"}],"about":[{"href":"https:\/\/www.europesays.com\/fr\/wp-json\/wp\/v2\/types\/post"}],"author":[{"embeddable":true,"href":"https:\/\/www.europesays.com\/fr\/wp-json\/wp\/v2\/users\/2"}],"replies":[{"embeddable":true,"href":"https:\/\/www.europesays.com\/fr\/wp-json\/wp\/v2\/comments?post=522876"}],"version-history":[{"count":0,"href":"https:\/\/www.europesays.com\/fr\/wp-json\/wp\/v2\/posts\/522876\/revisions"}],"wp:featuredmedia":[{"embeddable":true,"href":"https:\/\/www.europesays.com\/fr\/wp-json\/wp\/v2\/media\/522877"}],"wp:attachment":[{"href":"https:\/\/www.europesays.com\/fr\/wp-json\/wp\/v2\/media?parent=522876"}],"wp:term":[{"taxonomy":"category","embeddable":true,"href":"https:\/\/www.europesays.com\/fr\/wp-json\/wp\/v2\/categories?post=522876"},{"taxonomy":"post_tag","embeddable":true,"href":"https:\/\/www.europesays.com\/fr\/wp-json\/wp\/v2\/tags?post=522876"}],"curies":[{"name":"wp","href":"https:\/\/api.w.org\/{rel}","templated":true}]}}