{"id":522878,"date":"2025-11-09T14:11:12","date_gmt":"2025-11-09T14:11:12","guid":{"rendered":"https:\/\/www.europesays.com\/fr\/522878\/"},"modified":"2025-11-09T14:11:12","modified_gmt":"2025-11-09T14:11:12","slug":"elle-souffrait-pour-moi-emprisonne-en-russie-cest-lamour-qui-a-fait-tenir-le-cycliste-sofiane-sehili","status":"publish","type":"post","link":"https:\/\/www.europesays.com\/fr\/522878\/","title":{"rendered":"\u00ab\u00a0Elle souffrait pour moi\u00a0\u00bb\u00a0: emprisonn\u00e9 en Russie, c\u2019est l\u2019amour qui a fait tenir le cycliste Sofiane Sehili"},"content":{"rendered":"<p class=\"paragraph text_align_left lp-f-body-02\">Au c\u0153ur du Lot, \u00e0 quelques kilom\u00e8tres de Cahors, novembre offre en ce moment un somptueux incendie de couleurs. Avant de finir leur destin au sol, les feuilles des ch\u00eanes truffiers et des noisetiers s\u2019\u00e9tirent du jaune \u00e0 l\u2019orange dans une belle vague d\u2019automne.<\/p>\n<p class=\"paragraph text_align_left lp-f-body-02\">Ce doux spectacle bucolique au bord de ses fen\u00eatres, <a href=\"https:\/\/www.leparisien.fr\/sports\/cyclisme\/le-cycliste-sofiane-sehili-de-retour-en-france-apres-sa-detention-en-russie-pour-franchissement-illegal-de-la-frontiere-27-10-2025-IOKDQLM7C5GN5MHGZY6ZPMWILA.php\" target=\"_self\" rel=\"nofollow noopener\">Sofiane Sehili<\/a> a longtemps cru ne pas pouvoir le contempler cette ann\u00e9e. Le cycliste fran\u00e7ais, consid\u00e9r\u00e9 comme le meilleur du monde en ultra-distance, n\u2019a \u00e9t\u00e9 <a href=\"https:\/\/www.leparisien.fr\/international\/russie-le-cycliste-francais-sofiane-sehili-a-ete-libere-apres-deux-mois-de-prison-23-10-2025-T5IJLVB53JBKNGWF7FPONGTLOM.php\" target=\"_blank\" rel=\"noreferrer nofollow noopener\">lib\u00e9r\u00e9 d\u2019une prison russe<\/a> que le 23 octobre, apr\u00e8s cinquante jours de d\u00e9tention pour franchissement ill\u00e9gal de la fronti\u00e8re.<\/p>\n","protected":false},"excerpt":{"rendered":"Au c\u0153ur du Lot, \u00e0 quelques kilom\u00e8tres de Cahors, novembre offre en ce moment un somptueux incendie de&hellip;\n","protected":false},"author":2,"featured_media":522879,"comment_status":"","ping_status":"","sticky":false,"template":"","format":"standard","meta":{"footnotes":""},"categories":[1591],"tags":[11,207,459,1887,12,1885,1886,132,60],"class_list":{"0":"post-522878","1":"post","2":"type-post","3":"status-publish","4":"format-standard","5":"has-post-thumbnail","7":"category-russie","8":"tag-actualites","9":"tag-cyclisme","10":"tag-departements-horsidfo","11":"tag-federation-de-russie","12":"tag-news","13":"tag-russia","14":"tag-russian-federation","15":"tag-russie","16":"tag-sports"},"share_on_mastodon":{"url":"https:\/\/pubeurope.com\/@fr\/115520148876873471","error":""},"_links":{"self":[{"href":"https:\/\/www.europesays.com\/fr\/wp-json\/wp\/v2\/posts\/522878","targetHints":{"allow":["GET"]}}],"collection":[{"href":"https:\/\/www.europesays.com\/fr\/wp-json\/wp\/v2\/posts"}],"about":[{"href":"https:\/\/www.europesays.com\/fr\/wp-json\/wp\/v2\/types\/post"}],"author":[{"embeddable":true,"href":"https:\/\/www.europesays.com\/fr\/wp-json\/wp\/v2\/users\/2"}],"replies":[{"embeddable":true,"href":"https:\/\/www.europesays.com\/fr\/wp-json\/wp\/v2\/comments?post=522878"}],"version-history":[{"count":0,"href":"https:\/\/www.europesays.com\/fr\/wp-json\/wp\/v2\/posts\/522878\/revisions"}],"wp:featuredmedia":[{"embeddable":true,"href":"https:\/\/www.europesays.com\/fr\/wp-json\/wp\/v2\/media\/522879"}],"wp:attachment":[{"href":"https:\/\/www.europesays.com\/fr\/wp-json\/wp\/v2\/media?parent=522878"}],"wp:term":[{"taxonomy":"category","embeddable":true,"href":"https:\/\/www.europesays.com\/fr\/wp-json\/wp\/v2\/categories?post=522878"},{"taxonomy":"post_tag","embeddable":true,"href":"https:\/\/www.europesays.com\/fr\/wp-json\/wp\/v2\/tags?post=522878"}],"curies":[{"name":"wp","href":"https:\/\/api.w.org\/{rel}","templated":true}]}}