{"id":522902,"date":"2025-11-09T14:23:16","date_gmt":"2025-11-09T14:23:16","guid":{"rendered":"https:\/\/www.europesays.com\/fr\/522902\/"},"modified":"2025-11-09T14:23:16","modified_gmt":"2025-11-09T14:23:16","slug":"un-homme-ivre-debarque-a-la-soiree-avec-un-fusil-et-menace-plusieurs-personnes-un-jeune-rugbyman-le-desarme-et-empeche-un-drame","status":"publish","type":"post","link":"https:\/\/www.europesays.com\/fr\/522902\/","title":{"rendered":"Un homme ivre d\u00e9barque \u00e0 la soir\u00e9e avec un fusil et menace plusieurs personnes\u00a0: un jeune rugbyman le d\u00e9sarme et emp\u00eache un drame"},"content":{"rendered":"<p>\n                                                                    l&rsquo;essentiel<br \/>\n                                                                \u00c0 Gimont dans le Gers, dans la nuit du samedi\u00a08 au dimanche 9\u00a0novembre, une f\u00eate a failli mal tourner quand un homme arm\u00e9 a tir\u00e9 en l\u2019air. Un jeune rugbyman courageux l\u2019a d\u00e9sarm\u00e9, \u00e9vitant ainsi le pire. L\u2019individu a \u00e9t\u00e9 interpell\u00e9.\n                            <\/p>\n<p>La soir\u00e9e, plac\u00e9e sous le signe de la f\u00eate, a failli tourner au drame. Ce samedi 8\u00a0novembre, \u00e0 Gimont (Gers), un individu a fait irruption arm\u00e9 d\u2019un fusil de chasse avant de mettre en joue un groupe de personnes et de tirer. Le coup serait parti en l\u2019air, aucun bless\u00e9 n\u2019est \u00e0 d\u00e9plorer.<\/p>\n<p>La soir\u00e9e-concert battait son plein dans la salle des f\u00eates gimontoise. Vers minuit, le dernier groupe fait danser la foule. \u00c0 la fin de l\u2019\u00e9v\u00e9nement, le public rentre chez lui. Un individu de 51 ans se pr\u00e9sente sur les lieux, visiblement alcoolis\u00e9. Il ne restait alors que l\u2019\u00e9quipe d\u2019organisation, rapidement rejointe par un groupe de jeunes rugbymen venus les saluer.<\/p>\n<p>Les organisateurs demandent calmement \u00e0 l\u2019individu alcoolis\u00e9 de rentrer chez lui, la f\u00eate \u00e9tant termin\u00e9e. Ce dernier fait demi-tour avant de revenir en trottinette, arm\u00e9 d\u2019un fusil de chasse.<\/p>\n<p>Un geste h\u00e9ro\u00efque<\/p>\n<p>Connu des services de police, cet habitant du Gers, anciennement domicili\u00e9 \u00e0 Auch, avait d\u00e9j\u00e0 fait parler de lui par le pass\u00e9. Les personnes pr\u00e9sentes tentent de le calmer, en vain. L\u2019individu, toujours sur sa trottinette, vise le groupe de jeunes et tire. D\u00e9s\u00e9quilibr\u00e9 par sa trottinette, l\u2019homme n\u2019a r\u00e9ussi \u00e0 toucher personne.<\/p>\n<p>Le sang-froid d\u2019un jeune rugbyman a sans doute permis d\u2019\u00e9viter le drame. Profitant d\u2019un moment d\u2019inattention de l\u2019individu, il contourne la salle, le surprend par derri\u00e8re, le d\u00e9sarme et le plaque au sol pour le ma\u00eetriser. Alert\u00e9s, les pompiers et gendarmes se sont rendus sur les lieux. Les forces de l\u2019ordre ont appr\u00e9hend\u00e9 le quinquag\u00e9naire, r\u00e9cup\u00e9r\u00e9\u00a0le fusil et ont plac\u00e9 l\u2019homme en garde \u00e0 vue.<\/p>\n<p>Une plainte a \u00e9t\u00e9 d\u00e9pos\u00e9e<\/p>\n<p>De son c\u00f4t\u00e9, la municipalit\u00e9 de Gimont confirme avoir d\u00e9pos\u00e9 plainte. Une enqu\u00eate a \u00e9t\u00e9 ouverte par la gendarmerie pour d\u00e9terminer les circonstances exactes des faits.<\/p>\n","protected":false},"excerpt":{"rendered":"l&rsquo;essentiel \u00c0 Gimont dans le Gers, dans la nuit du samedi\u00a08 au dimanche 9\u00a0novembre, une f\u00eate a failli&hellip;\n","protected":false},"author":2,"featured_media":522903,"comment_status":"","ping_status":"","sticky":false,"template":"","format":"standard","meta":{"footnotes":""},"categories":[1416],"tags":[1011,27,479,1468,60],"class_list":{"0":"post-522902","1":"post","2":"type-post","3":"status-publish","4":"format-standard","5":"has-post-thumbnail","7":"category-rugby","8":"tag-fr","9":"tag-france","10":"tag-rugby","11":"tag-rugby-football","12":"tag-sports"},"share_on_mastodon":{"url":"https:\/\/pubeurope.com\/@fr\/115520196245590274","error":""},"_links":{"self":[{"href":"https:\/\/www.europesays.com\/fr\/wp-json\/wp\/v2\/posts\/522902","targetHints":{"allow":["GET"]}}],"collection":[{"href":"https:\/\/www.europesays.com\/fr\/wp-json\/wp\/v2\/posts"}],"about":[{"href":"https:\/\/www.europesays.com\/fr\/wp-json\/wp\/v2\/types\/post"}],"author":[{"embeddable":true,"href":"https:\/\/www.europesays.com\/fr\/wp-json\/wp\/v2\/users\/2"}],"replies":[{"embeddable":true,"href":"https:\/\/www.europesays.com\/fr\/wp-json\/wp\/v2\/comments?post=522902"}],"version-history":[{"count":0,"href":"https:\/\/www.europesays.com\/fr\/wp-json\/wp\/v2\/posts\/522902\/revisions"}],"wp:featuredmedia":[{"embeddable":true,"href":"https:\/\/www.europesays.com\/fr\/wp-json\/wp\/v2\/media\/522903"}],"wp:attachment":[{"href":"https:\/\/www.europesays.com\/fr\/wp-json\/wp\/v2\/media?parent=522902"}],"wp:term":[{"taxonomy":"category","embeddable":true,"href":"https:\/\/www.europesays.com\/fr\/wp-json\/wp\/v2\/categories?post=522902"},{"taxonomy":"post_tag","embeddable":true,"href":"https:\/\/www.europesays.com\/fr\/wp-json\/wp\/v2\/tags?post=522902"}],"curies":[{"name":"wp","href":"https:\/\/api.w.org\/{rel}","templated":true}]}}