{"id":522904,"date":"2025-11-09T14:24:18","date_gmt":"2025-11-09T14:24:18","guid":{"rendered":"https:\/\/www.europesays.com\/fr\/522904\/"},"modified":"2025-11-09T14:24:18","modified_gmt":"2025-11-09T14:24:18","slug":"des-choses-se-sont-passees-djokovic-exile-en-grece-apres-des-remarques-sur-la-corruption","status":"publish","type":"post","link":"https:\/\/www.europesays.com\/fr\/522904\/","title":{"rendered":"\u00ab\u00a0Des choses se sont pass\u00e9es\u00a0\u00bb : Djokovic exil\u00e9 en Gr\u00e8ce apr\u00e8s des remarques sur la corruption"},"content":{"rendered":"<ul class=\"jsx-862013697 ArticleChapo__List\">\n<li class=\"jsx-862013697 ArticleChapo__List_Item flex\">Le champion de tennis, Novak Djokovic, s&rsquo;est install\u00e9 \u00e0 Ath\u00e8nes il y a quelques mois.<\/li>\n<li class=\"jsx-862013697 ArticleChapo__List_Item flex\">Une d\u00e9cision prise apr\u00e8s qu&rsquo;il est devenu ind\u00e9sirable en Serbie pour ses positions contre la corruption des autorit\u00e9s.<\/li>\n<\/ul>\n<p><a href=\"https:\/\/www.tf1info.fr\/emissions\/lci\/la-matinale-14333\/\" rel=\"noopener\" class=\"jsx-484472199 Link jsx-1428418400 jsx-640816507\" target=\"_blank\"><\/p>\n<p style=\"font-weight:400\" class=\"jsx-1837267516\">Suivez la couverture compl\u00e8te<\/p>\n<p style=\"font-weight:800\" class=\"jsx-1837267516\">La Matinale<\/p>\n<p><\/a><\/p>\n<p data-module=\"article-paragraph\" class=\"jsx-3046738180 Paragraph\">Il a soulev\u00e9 une coupe pour la 101e fois. Le champion de tennis, Novak Djokovic, a ajout\u00e9 une nouvelle ligne \u00e0 son <a href=\"https:\/\/www.tf1info.fr\/jeux-olympiques\/jo-2024-djokovic-complete-son-palmares-de-legende-avec-le-titre-olympique-le-seul-qui-lui-manquait-2313198.html\" target=\"_blank\" rel=\"noopener\">immense palmar\u00e8s<\/a> en remportant le tournoi d&rsquo;Ath\u00e8nes, samedi 8 novembre. Ce n&rsquo;est pas un tournoi majeur du circuit ATP, mais il aura une place particuli\u00e8re pour celui qui a d\u00e9cid\u00e9 de s&rsquo;installer en Gr\u00e8ce il y a quelques mois. La raison officielle est d&rsquo;ailleurs assez floue. \u00ab\u00a0Des choses se sont pass\u00e9es, des d\u00e9cisions ont chang\u00e9 dans nos vies, aussi bien sur le plan priv\u00e9 que sur le plan professionnel\u00a0\u00bb, a-t-il expliqu\u00e9 \u00e0 un m\u00e9dia grec.<\/p>\n<p data-module=\"article-paragraph\" class=\"jsx-3046738180 Paragraph Paragraph__End\">\u00ab\u00a0Mais derri\u00e8re \u00e7a, on comprend que Djokovic n&rsquo;est plus forc\u00e9ment le bienvenu dans son pays\u00a0\u00bb, rel\u00e8ve le journaliste Jordan Ollivier, sur LCI, dimanche 9 novembre. \u00ab\u00a0Alors \u00e9videmment, il reste un immense champion, mais il est devenu la cible de certains m\u00e9dias en Serbie\u00a0\u00bb, poursuit-il.\u00a0<\/p>\n<p>Des positions engag\u00e9es contre la corruption des autorit\u00e9s serbes<\/p>\n<p data-module=\"article-paragraph\" class=\"jsx-3046738180 Paragraph Paragraph__End\">Pour tout comprendre, il faut faire un saut en arri\u00e8re. Le 1er novembre 2024, un accident mortel se produit \u00e0 <a href=\"https:\/\/www.tf1info.fr\/international\/serbie-le-toit-exterieur-d-une-gare-s-effondre-au-moins-14-morts-2331854.html\" target=\"_blank\" rel=\"noopener\">la gare de Novi Sad<\/a>, au nord de la Serbie. Une partie du b\u00e2timent s&rsquo;\u00e9croule, tuant 16 personnes. \u00ab\u00a0Cet \u00e9v\u00e9nement est le point de d\u00e9part d&rsquo;une contestation des jeunes, des \u00e9tudiants. Ils <a href=\"https:\/\/www.tf1info.fr\/international\/manifestation-massive-a-belgrade-mouvement-contre-la-corruption-que-se-passe-t-il-en-serbie-2359550.html\" target=\"_blank\" rel=\"noopener\">d\u00e9noncent la corruption<\/a> au sein de la classe politique\u00a0\u00bb, rappelle-t-il. Dans un premier temps, Novak Djokovic reste plut\u00f4t neutre. \u00ab\u00a0En tant que personne croyant en l&rsquo;\u00e9nergie des jeunes et en leur d\u00e9sir d&rsquo;un meilleur avenir, je pense qu&rsquo;il est important d&rsquo;entendre leur voix\u00a0\u00bb, \u00e9crit le sportif sur X.\u00a0<\/p>\n<p><a href=\"https:\/\/www.tf1info.fr\/sport\/tennis-roland-garros-le-kosovo-est-le-coeur-de-la-serbie-novak-djokovic-va-t-il-etre-sanctionne-apres-son-message-politique-2258662.html\" rel=\"noopener\" class=\"jsx-3308031228 Link flex\" target=\"_blank\"><img decoding=\"async\" src=\"https:\/\/www.europesays.com\/fr\/wp-content\/uploads\/2025\/11\/novak-djokovic-roland-garros-mai-2023-illustration-9c2438-0@1x.jpeg\" alt=\"EMMANUEL DUNAND \/ AFP\" loading=\"lazy\" importance=\"low\" fetchpriority=\"low\" class=\"\" aria-hidden=\"true\"\/><\/p>\n<p class=\"jsx-3657663356 ReadMoreArticle__Title\">Lire aussi<\/p>\n<p class=\"jsx-3657663356\">\u00ab\u00a0Le Kosovo, c&rsquo;est le c\u0153ur de la Serbie\u00a0\u00bb : la provocation de Novak Djokovic \u00e0 Roland-Garros lui vaudra-t-elle une sanction ?<\/p>\n<p><\/a><\/p>\n<p data-module=\"article-paragraph\" class=\"jsx-3046738180 Paragraph\">Quelques semaines plus tard, \u00ab\u00a0il va un peu plus loin. Apr\u00e8s un match remport\u00e9 \u00e0 l&rsquo;Open d&rsquo;Australie, il signe &lsquo;pour Sonia&rsquo; sur l&rsquo;objectif d&rsquo;une cam\u00e9ra, une fa\u00e7on de rendre hommage \u00e0 une \u00e9tudiante percut\u00e9e par une voiture lors des manifestations \u00e0 Belgrade\u00a0\u00bb, explique Jordan Ollivier. \u00ab\u00a0C&rsquo;est en quelque sorte le point de d\u00e9part de la foudre qu&rsquo;il s&rsquo;est attir\u00e9 de la part des m\u00e9dias proches du gouvernement et du pr\u00e9sident Aleksandar Vucic\u00a0\u00bb, observe-t-il. On le qualifie alors de \u00ab\u00a0faux patriote\u00a0\u00bb. Il est m\u00eame accus\u00e9 de soutenir la violence et \u00ab\u00a0la r\u00e9volution de couleur\u00a0\u00bb, un terme employ\u00e9 par certains Serbes pour d\u00e9noncer une contestation qui viendrait de l&rsquo;\u00e9tranger.\u00a0<\/p>\n<p data-module=\"article-paragraph\" class=\"jsx-3046738180 Paragraph Paragraph__End\">Le champion de tennis est donc devenu un ind\u00e9sirable pour les autorit\u00e9s serbes alors m\u00eame qu&rsquo;il \u00e9tait consid\u00e9r\u00e9 comme proche du pouvoir, il y a peu. \u00ab\u00a0Tr\u00e8s patriotique, appr\u00e9ci\u00e9 pour ses positions nationalistes sur la question du Kosovo, soutenu par le pouvoir pour son opposition \u00e0 la vaccination lors de la crise du Covid, il semblerait que d\u00e9sormais, les choses ont chang\u00e9\u00a0\u00bb, conclut-il. Voil\u00e0 qui pourrait expliquer son exil, avec sa famille, \u00e0 Ath\u00e8nes.<\/p>\n<p>Emma ALLAMAND<\/p>\n","protected":false},"excerpt":{"rendered":"Le champion de tennis, Novak Djokovic, s&rsquo;est install\u00e9 \u00e0 Ath\u00e8nes il y a quelques mois. Une d\u00e9cision prise&hellip;\n","protected":false},"author":2,"featured_media":522905,"comment_status":"","ping_status":"","sticky":false,"template":"","format":"standard","meta":{"footnotes":""},"categories":[1415],"tags":[1111,11,1921,1011,27,8906,1922,6225,6433,60,1467,133,4712],"class_list":{"0":"post-522904","1":"post","2":"type-post","3":"status-publish","4":"format-standard","5":"has-post-thumbnail","7":"category-tennis","8":"tag-actu","9":"tag-actualites","10":"tag-article-video","11":"tag-fr","12":"tag-france","13":"tag-grece","14":"tag-info","15":"tag-la-matinale","16":"tag-novak-djokovic","17":"tag-sports","18":"tag-tennis","19":"tag-video","20":"tag-video-sports"},"share_on_mastodon":{"url":"https:\/\/pubeurope.com\/@fr\/115520200894275586","error":""},"_links":{"self":[{"href":"https:\/\/www.europesays.com\/fr\/wp-json\/wp\/v2\/posts\/522904","targetHints":{"allow":["GET"]}}],"collection":[{"href":"https:\/\/www.europesays.com\/fr\/wp-json\/wp\/v2\/posts"}],"about":[{"href":"https:\/\/www.europesays.com\/fr\/wp-json\/wp\/v2\/types\/post"}],"author":[{"embeddable":true,"href":"https:\/\/www.europesays.com\/fr\/wp-json\/wp\/v2\/users\/2"}],"replies":[{"embeddable":true,"href":"https:\/\/www.europesays.com\/fr\/wp-json\/wp\/v2\/comments?post=522904"}],"version-history":[{"count":0,"href":"https:\/\/www.europesays.com\/fr\/wp-json\/wp\/v2\/posts\/522904\/revisions"}],"wp:featuredmedia":[{"embeddable":true,"href":"https:\/\/www.europesays.com\/fr\/wp-json\/wp\/v2\/media\/522905"}],"wp:attachment":[{"href":"https:\/\/www.europesays.com\/fr\/wp-json\/wp\/v2\/media?parent=522904"}],"wp:term":[{"taxonomy":"category","embeddable":true,"href":"https:\/\/www.europesays.com\/fr\/wp-json\/wp\/v2\/categories?post=522904"},{"taxonomy":"post_tag","embeddable":true,"href":"https:\/\/www.europesays.com\/fr\/wp-json\/wp\/v2\/tags?post=522904"}],"curies":[{"name":"wp","href":"https:\/\/api.w.org\/{rel}","templated":true}]}}