{"id":522908,"date":"2025-11-09T14:29:13","date_gmt":"2025-11-09T14:29:13","guid":{"rendered":"https:\/\/www.europesays.com\/fr\/522908\/"},"modified":"2025-11-09T14:29:13","modified_gmt":"2025-11-09T14:29:13","slug":"d3f-girondins-de-bordeaux-as-cannes-en-direct","status":"publish","type":"post","link":"https:\/\/www.europesays.com\/fr\/522908\/","title":{"rendered":"D3F : Girondins de Bordeaux- AS Cannes en direct"},"content":{"rendered":"<p>\n    09\/11 &#8211; 12:37 | Par Nicolas Pietrelli | Il y a<br \/>\n    3 heures\n  <\/p>\n<p><strong>L&rsquo;\u00e9quipe f\u00e9minine des Girondins de Bordeaux re\u00e7oit le co-leader de l&rsquo;AS Cannes ce dimanche au Stade Bel Air de Bordeaux. C&rsquo;est la 7e journ\u00e9e de National 2. La rencontre est \u00e0 suivre en direct vid\u00e9o sur Aquitele.<\/strong><\/p>\n<p><img decoding=\"async\" src=\"https:\/\/www.europesays.com\/fr\/wp-content\/uploads\/2025\/10\/671_36b20c5ed26727f46a779e6eb446ac98.jpg\" alt=\"D3F : Girondins de Bordeaux- AS Cannes en direct \" class=\"img-responsive mt-3\"\/><\/p>\n<p class=\"text-center mb-3\" style=\"font-size: 14px\">\u00a9 Iconsport<\/p>\n<p>      <strong>D3F : Bordeaux-AS Cannes en direct<\/strong><\/p>\n<p>Le match est \u00e0 suivre sur cette page avec la retransmission d&rsquo;Aquitele :<\/p>\n<p>Ce navigateur ne supporte pas les iframes<\/p>\n<p>\u00a0<\/p>\n<p>&gt; <strong><a href=\"https:\/\/www.webgirondins.com\/classement-girondins-feminines-division3\" target=\"_blank\" rel=\"noopener\">Voir le classement de D3 f\u00e9minine<\/a><\/strong><\/p>\n<p>\u00a0<\/p>\n<p>    <a href=\"https:\/\/www.webgirondins.com\/actualites-categorie-feminines-18\" target=\"_blank\" rel=\"noopener\">#F\u00e9minines<\/a><\/p>\n<p>  COMMENTAIRES<br \/>\n  ()<\/p>\n","protected":false},"excerpt":{"rendered":"09\/11 &#8211; 12:37 | Par Nicolas Pietrelli | Il y a 3 heures L&rsquo;\u00e9quipe f\u00e9minine des Girondins de&hellip;\n","protected":false},"author":2,"featured_media":458024,"comment_status":"","ping_status":"","sticky":false,"template":"","format":"standard","meta":{"footnotes":""},"categories":[1410],"tags":[1997,7306,6664,814,2263,4283,63,1011,27,1987,3465,6079,3238,15397,60,2858],"class_list":{"0":"post-522908","1":"post","2":"type-post","3":"status-publish","4":"format-standard","5":"has-post-thumbnail","7":"category-football","8":"tag-bordeaux","9":"tag-cannes","10":"tag-dimanche","11":"tag-direct","12":"tag-equipe","13":"tag-feminine","14":"tag-football","15":"tag-fr","16":"tag-france","17":"tag-girondins","18":"tag-journee","19":"tag-leader","20":"tag-national","21":"tag-recoit","22":"tag-sports","23":"tag-stade"},"share_on_mastodon":{"url":"https:\/\/pubeurope.com\/@fr\/115520219669347419","error":""},"_links":{"self":[{"href":"https:\/\/www.europesays.com\/fr\/wp-json\/wp\/v2\/posts\/522908","targetHints":{"allow":["GET"]}}],"collection":[{"href":"https:\/\/www.europesays.com\/fr\/wp-json\/wp\/v2\/posts"}],"about":[{"href":"https:\/\/www.europesays.com\/fr\/wp-json\/wp\/v2\/types\/post"}],"author":[{"embeddable":true,"href":"https:\/\/www.europesays.com\/fr\/wp-json\/wp\/v2\/users\/2"}],"replies":[{"embeddable":true,"href":"https:\/\/www.europesays.com\/fr\/wp-json\/wp\/v2\/comments?post=522908"}],"version-history":[{"count":0,"href":"https:\/\/www.europesays.com\/fr\/wp-json\/wp\/v2\/posts\/522908\/revisions"}],"wp:featuredmedia":[{"embeddable":true,"href":"https:\/\/www.europesays.com\/fr\/wp-json\/wp\/v2\/media\/458024"}],"wp:attachment":[{"href":"https:\/\/www.europesays.com\/fr\/wp-json\/wp\/v2\/media?parent=522908"}],"wp:term":[{"taxonomy":"category","embeddable":true,"href":"https:\/\/www.europesays.com\/fr\/wp-json\/wp\/v2\/categories?post=522908"},{"taxonomy":"post_tag","embeddable":true,"href":"https:\/\/www.europesays.com\/fr\/wp-json\/wp\/v2\/tags?post=522908"}],"curies":[{"name":"wp","href":"https:\/\/api.w.org\/{rel}","templated":true}]}}