{"id":522911,"date":"2025-11-09T14:31:14","date_gmt":"2025-11-09T14:31:14","guid":{"rendered":"https:\/\/www.europesays.com\/fr\/522911\/"},"modified":"2025-11-09T14:31:14","modified_gmt":"2025-11-09T14:31:14","slug":"la-foret-daubrac-avec-le-photographe-renaud-dengreville","status":"publish","type":"post","link":"https:\/\/www.europesays.com\/fr\/522911\/","title":{"rendered":"La for\u00eat d\u2019Aubrac avec le photographe Renaud Dengreville"},"content":{"rendered":"<p class=\"PopSlotParagraph qg-tx2 qg-xtra-lh svelte-1r0pyek\">Au d\u00e9but, il y eut les algues, puis les foug\u00e8res, puis les arbres. La for\u00eat s\u2019inventa.<\/p>\n<p class=\"PopSlotParagraph qg-tx2 qg-xtra-lh svelte-1r0pyek\"><strong>Cette for\u00eat originelle<\/strong> devait penser qu\u2019un jour &#8211; quand l\u2019humain serait bricol\u00e9 bien plus tard &#8211; un photographe fou d\u2019elle et po\u00e8te marcherait sous ses frondaisons.<\/p>\n<p class=\"PopSlotParagraph qg-tx2 qg-xtra-lh svelte-1r0pyek\">Aujourd\u2019hui, c\u2019est <strong>Renaud Dengreville<\/strong>.<\/p>\n<p>  <img decoding=\"async\" class=\"Image-preview  svelte-1b9cmvl\" data-testid=\"image-preview\" src=\"data:image\/jpeg;charset=utf-8;base64, \/9j\/2wBDACgcHiMeGSgjISMtKygwPGRBPDc3PHtYXUlkkYCZlo+AjIqgtObDoKrarYqMyP\/L2u71\/\/\/\/m8H\/\/\/\/6\/+b9\/\/j\/2wBDASstLTw1PHZBQXb4pYyl+Pj4+Pj4+Pj4+Pj4+Pj4+Pj4+Pj4+Pj4+Pj4+Pj4+Pj4+Pj4+Pj4+Pj4+Pj4+Pj4+Pj\/wAARCAAbACoDASIAAhEBAxEB\/8QAFwABAQEBAAAAAAAAAAAAAAAAAAIBA\/\/EABcQAQEBAQAAAAAAAAAAAAAAAAARARL\/xAAWAQEBAQAAAAAAAAAAAAAAAAABAAL\/xAAVEQEBAAAAAAAAAAAAAAAAAAAAAf\/aAAwDAQACEQMRAD8A5VqSoqVmopUHTNVXKnQSCmsEbraVI0wqlSIP\/9k=\" alt=\"\" aria-hidden=\"false\"\/>     <img decoding=\"async\" src=\"https:\/\/www.europesays.com\/fr\/wp-content\/uploads\/2025\/11\/860_sc_foret-d-automne.jpg\" loading=\"lazy\" fetchpriority=\"low\" width=\"860\" height=\"570\" class=\"Image-main  svelte-1b9cmvl rounded\" data-testid=\"image-src\" alt=\"L'automne dans la for\u00eat d'Aubrac\" aria-hidden=\"false\" onload=\"this.__e=event\" onerror=\"this.__e=event\"\/> L&rsquo;automne dans la for\u00eat d&rsquo;Aubrac  &#8211; Renaud Dengreville <\/p>\n<p class=\"PopSlotParagraph qg-tx2 qg-xtra-lh svelte-1r0pyek\">Nous sommes dans <strong>ce bel Aubrac, aujourd\u2019hui r\u00e9uni par un Parc Naturel R\u00e9gional,<\/strong>\u00a0qui f\u00e9d\u00e8re cette identit\u00e9 g\u00e9ographique et culturelle.<\/p>\n<p class=\"PopSlotParagraph qg-tx2 qg-xtra-lh svelte-1r0pyek\">Un nom qui claque, Alto Braco, un haut lieu \u00e9lev\u00e9 et humide\u00a0; l&rsquo;\u00e9l\u00e9vation est bien l\u00e0, \u00e0 1100 m\u00e8tres d\u2019altitude en moyenne.<\/p>\n<p class=\"PopSlotParagraph qg-tx2 qg-xtra-lh svelte-1r0pyek\"><strong>Nous sommes en R\u00e9gion Occitanie, en Loz\u00e8re<\/strong>, avec sa beaut\u00e9 marchande de 4 saisons.<\/p>\n<p class=\"PopSlotParagraph qg-tx2 qg-xtra-lh svelte-1r0pyek\"><strong>Et Renaud Dengreville sait contempler ce qu\u2019est une saison<\/strong>.<\/p>\n<p>  <img decoding=\"async\" class=\"Image-preview  svelte-1b9cmvl\" data-testid=\"image-preview\" src=\"data:image\/jpeg;charset=utf-8;base64, \/9j\/2wBDACgcHiMeGSgjISMtKygwPGRBPDc3PHtYXUlkkYCZlo+AjIqgtObDoKrarYqMyP\/L2u71\/\/\/\/m8H\/\/\/\/6\/+b9\/\/j\/2wBDASstLTw1PHZBQXb4pYyl+Pj4+Pj4+Pj4+Pj4+Pj4+Pj4+Pj4+Pj4+Pj4+Pj4+Pj4+Pj4+Pj4+Pj4+Pj4+Pj4+Pj\/wAARCAAcACoDASIAAhEBAxEB\/8QAFwABAQEBAAAAAAAAAAAAAAAAAQACA\/\/EABYQAQEBAAAAAAAAAAAAAAAAAAABEf\/EABUBAQEAAAAAAAAAAAAAAAAAAAAB\/8QAFBEBAAAAAAAAAAAAAAAAAAAAAP\/aAAwDAQACEQMRAD8A5RqKQ4gYdCA6dZILFjYoMYmqBQVCg\/\/Z\" alt=\"\" aria-hidden=\"false\"\/>     <img decoding=\"async\" src=\"https:\/\/www.europesays.com\/fr\/wp-content\/uploads\/2025\/11\/860_sc_renard.jpg\" loading=\"lazy\" fetchpriority=\"low\" width=\"860\" height=\"574\" class=\"Image-main  svelte-1b9cmvl rounded\" data-testid=\"image-src\" alt=\"Un renard de la for\u00eat d'Aubrac\" aria-hidden=\"false\" onload=\"this.__e=event\" onerror=\"this.__e=event\"\/> Un renard de la for\u00eat d&rsquo;Aubrac  &#8211; Renaud Dengreville <\/p>\n<p class=\"PopSlotParagraph qg-tx2 qg-xtra-lh svelte-1r0pyek\"><strong>Il aime les replis de la terre<\/strong>, l\u2019\u00e9clat de soleil dans les sentiers ombrag\u00e9s, il aime la neige, le froid, le chaud, le vent et tous les printemps naissants.<\/p>\n<p class=\"PopSlotParagraph qg-tx2 qg-xtra-lh svelte-1r0pyek\"><strong>Il aime l\u2019arbre<\/strong>\u00a0: son \u00e9tait p\u00e8re ouvrier du bois, puis responsable d\u2019une scierie.<\/p>\n<p class=\"PopSlotParagraph qg-tx2 qg-xtra-lh svelte-1r0pyek\">Mais apr\u00e8s avoir vu enfant des grands troncs de h\u00eatres, des gisants sur un terre-plein\u2026 <strong>ce charivari l\u2019a amen\u00e9 vers le calme, vers l\u2019arbre en vie, debout, cherchant le ciel<\/strong>.<\/p>\n<p>  <img decoding=\"async\" class=\"Image-preview  svelte-1b9cmvl\" data-testid=\"image-preview\" src=\"data:image\/jpeg;charset=utf-8;base64, \/9j\/2wBDACgcHiMeGSgjISMtKygwPGRBPDc3PHtYXUlkkYCZlo+AjIqgtObDoKrarYqMyP\/L2u71\/\/\/\/m8H\/\/\/\/6\/+b9\/\/j\/2wBDASstLTw1PHZBQXb4pYyl+Pj4+Pj4+Pj4+Pj4+Pj4+Pj4+Pj4+Pj4+Pj4+Pj4+Pj4+Pj4+Pj4+Pj4+Pj4+Pj4+Pj\/wAARCAAdACoDASIAAhEBAxEB\/8QAGAABAQEBAQAAAAAAAAAAAAAAAgEDAAT\/xAAWEAEBAQAAAAAAAAAAAAAAAAAAAQL\/xAAWAQEBAQAAAAAAAAAAAAAAAAABAAL\/xAAUEQEAAAAAAAAAAAAAAAAAAAAA\/9oADAMBAAIRAxEAPwApSo1AaNWjUkqOqFPXYOo0oajJZUaegpQoqEP\/2Q==\" alt=\"\" aria-hidden=\"false\"\/>     <img decoding=\"async\" src=\"https:\/\/www.europesays.com\/fr\/wp-content\/uploads\/2025\/11\/860_sc_cerf.jpg\" loading=\"lazy\" fetchpriority=\"low\" width=\"860\" height=\"599\" class=\"Image-main  svelte-1b9cmvl rounded\" data-testid=\"image-src\" alt=\"Un cerf de la for\u00eat d'Aubrac\" aria-hidden=\"false\" onload=\"this.__e=event\" onerror=\"this.__e=event\"\/> Un cerf de la for\u00eat d&rsquo;Aubrac  &#8211; Renaud Dengreville <\/p>\n<p class=\"PopSlotParagraph qg-tx2 qg-xtra-lh svelte-1r0pyek\"><strong>Denis Cheissoux vous emm\u00e8ne dans ces hautes terres de Loz\u00e8re<\/strong>, un horizon d\u2019herbes \u00e0 la lisi\u00e8re du ciel\u00a0!<\/p>\n<p class=\"PopSlotParagraph qg-tx2 qg-xtra-lh svelte-1r0pyek\"><strong>On quitte les p\u00e2turages, et sa lente diffusion de l\u2019\u00e9levage, on entre en for\u00eat<\/strong>.<\/p>\n<p class=\"PopSlotParagraph qg-tx2 qg-xtra-lh svelte-1r0pyek\">Superbe route qui serpente du col de Bonnecombe \u00e0 Nasbinals, puis Renaud a emmen\u00e9 Denis dans le secret des branches.<\/p>\n<p class=\"PopSlotParagraph qg-tx2 qg-xtra-lh svelte-1r0pyek\">A l\u2019origine \u00e9tait la for\u00eat\u2026 bien avant le chemin de Compostelle\u00a0!<\/p>\n<p>  <img decoding=\"async\" class=\"Image-preview  svelte-1b9cmvl\" data-testid=\"image-preview\" src=\"data:image\/jpeg;charset=utf-8;base64, \/9j\/2wBDACgcHiMeGSgjISMtKygwPGRBPDc3PHtYXUlkkYCZlo+AjIqgtObDoKrarYqMyP\/L2u71\/\/\/\/m8H\/\/\/\/6\/+b9\/\/j\/2wBDASstLTw1PHZBQXb4pYyl+Pj4+Pj4+Pj4+Pj4+Pj4+Pj4+Pj4+Pj4+Pj4+Pj4+Pj4+Pj4+Pj4+Pj4+Pj4+Pj4+Pj\/wAARCAAbACoDASIAAhEBAxEB\/8QAFwABAQEBAAAAAAAAAAAAAAAAAQIDAP\/EABcQAQEBAQAAAAAAAAAAAAAAAAABEQL\/xAAWAQEBAQAAAAAAAAAAAAAAAAABAAL\/xAAUEQEAAAAAAAAAAAAAAAAAAAAA\/9oADAMBAAIRAxEAPwDKVcrKVWsBdrPqm1FpSbU6aEWkrtDkjamkUhNBriX\/2Q==\" alt=\"\" aria-hidden=\"false\"\/>     <img decoding=\"async\" src=\"https:\/\/www.europesays.com\/fr\/wp-content\/uploads\/2025\/11\/860_sc_foret-cascade-pouget.jpg\" loading=\"lazy\" fetchpriority=\"low\" width=\"860\" height=\"570\" class=\"Image-main  svelte-1b9cmvl rounded\" data-testid=\"image-src\" alt=\"Une cascade de la for\u00eat d'Aubrac\" aria-hidden=\"false\" onload=\"this.__e=event\" onerror=\"this.__e=event\"\/> Une cascade de la for\u00eat d&rsquo;Aubrac  &#8211; Renaud Dengreville Pour aller plus loin<\/p>\n<ul>\n<li>Ouvrage \u00ab\u00a0Souffle d&rsquo;Aubrac\u00a0\u00bb, de Renaud Dengreville (Editions Fleurines)<\/li>\n<li>Ouvrage \u00ab\u00a0Une France sauvage, l&rsquo;Aubrac\u00a0\u00bb, de Renaud Dengreville (Editions du Rouergue)<\/li>\n<li>Ouvrage \u00ab\u00a0Intime et secr\u00e8te for\u00eat de l&rsquo;Aubrac\u00a0\u00bb, de Renaud Dengreville (Editions Fleurines)<\/li>\n<\/ul>\n<p>Programmation musicale<\/p>\n<ul>\n<li>\u00ab\u00a0Shy girl\u00a0\u00bb &#8211; Hollie Cook<\/li>\n<li>\u00ab\u00a0Volutes\u00a0\u00bb &#8211; Alain Bashung<\/li>\n<\/ul>\n","protected":false},"excerpt":{"rendered":"Au d\u00e9but, il y eut les algues, puis les foug\u00e8res, puis les arbres. La for\u00eat s\u2019inventa. Cette for\u00eat&hellip;\n","protected":false},"author":2,"featured_media":522912,"comment_status":"","ping_status":"","sticky":false,"template":"","format":"standard","meta":{"footnotes":""},"categories":[1358],"tags":[1348,1384,1385,1386,58,59,1011,27],"class_list":{"0":"post-522911","1":"post","2":"type-post","3":"status-publish","4":"format-standard","5":"has-post-thumbnail","7":"category-arts-et-design","8":"tag-arts","9":"tag-arts-and-design","10":"tag-arts-et-design","11":"tag-design","12":"tag-divertissement","13":"tag-entertainment","14":"tag-fr","15":"tag-france"},"share_on_mastodon":{"url":"https:\/\/pubeurope.com\/@fr\/115520228580964046","error":""},"_links":{"self":[{"href":"https:\/\/www.europesays.com\/fr\/wp-json\/wp\/v2\/posts\/522911","targetHints":{"allow":["GET"]}}],"collection":[{"href":"https:\/\/www.europesays.com\/fr\/wp-json\/wp\/v2\/posts"}],"about":[{"href":"https:\/\/www.europesays.com\/fr\/wp-json\/wp\/v2\/types\/post"}],"author":[{"embeddable":true,"href":"https:\/\/www.europesays.com\/fr\/wp-json\/wp\/v2\/users\/2"}],"replies":[{"embeddable":true,"href":"https:\/\/www.europesays.com\/fr\/wp-json\/wp\/v2\/comments?post=522911"}],"version-history":[{"count":0,"href":"https:\/\/www.europesays.com\/fr\/wp-json\/wp\/v2\/posts\/522911\/revisions"}],"wp:featuredmedia":[{"embeddable":true,"href":"https:\/\/www.europesays.com\/fr\/wp-json\/wp\/v2\/media\/522912"}],"wp:attachment":[{"href":"https:\/\/www.europesays.com\/fr\/wp-json\/wp\/v2\/media?parent=522911"}],"wp:term":[{"taxonomy":"category","embeddable":true,"href":"https:\/\/www.europesays.com\/fr\/wp-json\/wp\/v2\/categories?post=522911"},{"taxonomy":"post_tag","embeddable":true,"href":"https:\/\/www.europesays.com\/fr\/wp-json\/wp\/v2\/tags?post=522911"}],"curies":[{"name":"wp","href":"https:\/\/api.w.org\/{rel}","templated":true}]}}