{"id":522914,"date":"2025-11-09T14:34:13","date_gmt":"2025-11-09T14:34:13","guid":{"rendered":"https:\/\/www.europesays.com\/fr\/522914\/"},"modified":"2025-11-09T14:34:13","modified_gmt":"2025-11-09T14:34:13","slug":"alizee-se-confie-sur-ce-fleau-qui-a-gache-son-enfance-video","status":"publish","type":"post","link":"https:\/\/www.europesays.com\/fr\/522914\/","title":{"rendered":"Aliz\u00e9e se confie sur ce fl\u00e9au qui a g\u00e2ch\u00e9 son enfance (VIDEO)"},"content":{"rendered":"<p>Samedi 9 novembre 2025, Aliz\u00e9e \u00e9tait l&rsquo;invit\u00e9e d&rsquo;Eric Dussart dans On refait la t\u00e9l\u00e9 sur RTL. La chanteuse, maman de deux filles, est revenue sur ce fl\u00e9au qui a g\u00e2ch\u00e9 son enfance et qu&rsquo;elle redoutait pour ses enfants.<\/p>\n<p>Elle s&rsquo;est fait conna\u00eetre \u00e0 seulement quinze ans dans Graines de star sur M6 en f\u00e9vrier 2000. Quelques mois apr\u00e8s, son single Moi&#8230; Lolita, \u00e9crit par <a href=\"https:\/\/www.programme-tv.net\/biographie\/113042-farmer-mylene\/\" data-link-people=\"107cae59-faa0-488c-b159-07e772e75c9f\" target=\"_blank\" rel=\"noopener\">Myl\u00e8ne Farmer<\/a> et compos\u00e9 par Laurent Boutonnat, lui fait acc\u00e9der \u00e0 un succ\u00e8s vertigineux. Pour autant, l&rsquo;enfance d&rsquo;Aliz\u00e9e n&rsquo;a pas toujours \u00e9t\u00e9 rose. \u00ab\u00a0Quand j&rsquo;\u00e9tais petite, en primaire, j&rsquo;\u00e9tais pas la reine de l&rsquo;\u00e9cole, au contraire, confie-t-elle dans <a href=\"https:\/\/www.programme-tv.net\/news\/people\/391672-c-est-tres-onereux-et-tres-douloureux-alizee-tatouee-de-partout-ce-tatouage-quelle-regrette-et-a-fait-enlever-video\/\" data-api-deeplink=\"teleloisirs:\/\/news\/391672\" target=\"_blank\" rel=\"noopener\">On refait la t\u00e9l\u00e9 <\/a>sur RTL samedi 9 novembre 2025. <b>On parlait pas d&rsquo;harc\u00e8lement \u00e0 l&rsquo;\u00e9poque, mais j&rsquo;ai v\u00e9cu ce truc l\u00e0.<\/b>\u00ab\u00a0<\/p>\n<p>La danse a \u00ab\u00a0sauv\u00e9\u00a0\u00bb Aliz\u00e9e, victime de harc\u00e8lement \u00e0 l&rsquo;\u00e9cole<\/p>\n<p>Avant de percer dans la musique, Aliz\u00e9e \u00e9tait donc le souffre-douleur de ses camarades de classe. \u00ab\u00a0J&rsquo;\u00e9tais dans la cour d&rsquo;\u00e9cole, j&rsquo;avais une personne qui montait vraiment tous les autres enfants contre moi. <b>Personne ne me parlait, on m&rsquo;invitait pas aux anniversaires<\/b>\u00ab\u00a0, explique-t-elle \u00e0 \u00c9ric Dussart. Un harc\u00e8lement en raison de ses lunettes mais aussi de son pr\u00e9nom, devenu son nom de sc\u00e8ne. \u00ab\u00a0<b>Tous les matins j&rsquo;avais mal au ventre pour aller \u00e0 l&rsquo;\u00e9cole<\/b>. Pour moi le primaire c&rsquo;est pas des super souvenirs\u00a0\u00bb, regrette la chanteuse. Pour tenir, elle se raccroche \u00e0 sa passion de l&rsquo;\u00e9poque : <a href=\"https:\/\/www.programme-tv.net\/news\/people\/391637-il-se-prend-pour-un-autre-alizee-livre-sa-premiere-impression-de-gregoire-lyonnet-dans-danse-avec-les-stars-entre-eux-ce-n-etait-pas-gagne-video\/\" data-api-deeplink=\"teleloisirs:\/\/news\/391637\" target=\"_blank\" rel=\"noopener\">la danse<\/a>. Un endroit o\u00f9 elle rencontre d&rsquo;autres personnes. \u00ab\u00a0Je passais le plus d&rsquo;heures possibles dans mon \u00e9cole de danse. J&rsquo;avais ma prof de danse que j&rsquo;idol\u00e2trais, je r\u00eavais d&rsquo;\u00eatre elle, d\u00e9taille l&rsquo;interpr\u00e8te de Moi&#8230; Lolita. Je me sentais bien. <b>C&rsquo;est cette passion l\u00e0 qui a fait que j&rsquo;ai pu continuer \u00e0 vivre mon enfance<\/b>\u00ab\u00a0. Une activit\u00e9 qui l&rsquo;a \u00ab\u00a0sauv\u00e9e\u00a0\u00bb, m\u00eame si le mot est \u00ab\u00a0peut-\u00eatre un peu fort\u00a0\u00bb selon elle.<\/p>\n<p>                        Aliz\u00e9e confie sa plus grande peur pour ses filles<\/p>\n<p>Malgr\u00e9 ce qu&rsquo;elle subissait, Aliz\u00e9e n&rsquo;arrivait pas \u00e0 se confier \u00e0 ses parents : \u00ab\u00a0Je le disais, mais pas vraiment\u00a0\u00bb. Devenue m\u00e8re de deux filles, Annily (2005), avec le chanteur <a href=\"https:\/\/www.programme-tv.net\/biographie\/257071-chatelain-jeremy\/\" data-link-people=\"dbbe7913-d2e1-4aad-8f12-e3cef5d97b0e\" target=\"_blank\" rel=\"noopener\">J\u00e9r\u00e9my Chatelain<\/a>, et <a href=\"https:\/\/www.programme-tv.net\/news\/people\/386692-alizee-publie-des-photos-de-sa-fille-maggy-qui-vient-de-franchir-une-grande-etape\/\" data-api-deeplink=\"teleloisirs:\/\/news\/386692\" target=\"_blank\" rel=\"noopener\">Maggy<\/a> (2019), avec le danseur Gr\u00e9gory Lyonnet, elle craignait qu&rsquo;il leur arrive la m\u00eame exp\u00e9rience. \u00ab\u00a0Je vois que maintenant on parle beaucoup de harc\u00e8lement, et c&rsquo;est horrible parce qu&rsquo;il y a des enfants qui ont peur. <b>Moi, ma hantise, c&rsquo;\u00e9tait que mes filles vivent \u00e7a<\/b>\u00ab\u00a0, avoue la chanteuse.<\/p>\n<p>Article \u00e9crit en collaboration avec 6Medias<\/p>\n","protected":false},"excerpt":{"rendered":"Samedi 9 novembre 2025, Aliz\u00e9e \u00e9tait l&rsquo;invit\u00e9e d&rsquo;Eric Dussart dans On refait la t\u00e9l\u00e9 sur RTL. La chanteuse,&hellip;\n","protected":false},"author":2,"featured_media":522915,"comment_status":"","ping_status":"","sticky":false,"template":"","format":"standard","meta":{"footnotes":""},"categories":[1355],"tags":[64339,244,58,59,11889,18287,1011,27,45705,1361,873,11887],"class_list":{"0":"post-522914","1":"post","2":"type-post","3":"status-publish","4":"format-standard","5":"has-post-thumbnail","7":"category-musique","8":"tag-alizu00e9e","9":"tag-commentaire","10":"tag-divertissement","11":"tag-entertainment","12":"tag-eric-dussart","13":"tag-extraits","14":"tag-fr","15":"tag-france","16":"tag-harcu00e8lement","17":"tag-music","18":"tag-musique","19":"tag-on-refait-la-tu00e9lu00e9"},"share_on_mastodon":{"url":"https:\/\/pubeurope.com\/@fr\/115520239617520400","error":""},"_links":{"self":[{"href":"https:\/\/www.europesays.com\/fr\/wp-json\/wp\/v2\/posts\/522914","targetHints":{"allow":["GET"]}}],"collection":[{"href":"https:\/\/www.europesays.com\/fr\/wp-json\/wp\/v2\/posts"}],"about":[{"href":"https:\/\/www.europesays.com\/fr\/wp-json\/wp\/v2\/types\/post"}],"author":[{"embeddable":true,"href":"https:\/\/www.europesays.com\/fr\/wp-json\/wp\/v2\/users\/2"}],"replies":[{"embeddable":true,"href":"https:\/\/www.europesays.com\/fr\/wp-json\/wp\/v2\/comments?post=522914"}],"version-history":[{"count":0,"href":"https:\/\/www.europesays.com\/fr\/wp-json\/wp\/v2\/posts\/522914\/revisions"}],"wp:featuredmedia":[{"embeddable":true,"href":"https:\/\/www.europesays.com\/fr\/wp-json\/wp\/v2\/media\/522915"}],"wp:attachment":[{"href":"https:\/\/www.europesays.com\/fr\/wp-json\/wp\/v2\/media?parent=522914"}],"wp:term":[{"taxonomy":"category","embeddable":true,"href":"https:\/\/www.europesays.com\/fr\/wp-json\/wp\/v2\/categories?post=522914"},{"taxonomy":"post_tag","embeddable":true,"href":"https:\/\/www.europesays.com\/fr\/wp-json\/wp\/v2\/tags?post=522914"}],"curies":[{"name":"wp","href":"https:\/\/api.w.org\/{rel}","templated":true}]}}