{"id":522933,"date":"2025-11-09T14:45:16","date_gmt":"2025-11-09T14:45:16","guid":{"rendered":"https:\/\/www.europesays.com\/fr\/522933\/"},"modified":"2025-11-09T14:45:16","modified_gmt":"2025-11-09T14:45:16","slug":"affluences-et-taux-doccupation-de-la-14e-journee-de-ligue-2","status":"publish","type":"post","link":"https:\/\/www.europesays.com\/fr\/522933\/","title":{"rendered":"Affluences et taux d&rsquo;occupation de la 14e journ\u00e9e de Ligue 2"},"content":{"rendered":"<p><img fetchpriority=\"high\" decoding=\"async\" width=\"620\" height=\"413\" src=\"https:\/\/www.europesays.com\/fr\/wp-content\/uploads\/2025\/11\/USL-Dunkerque-illustration-620x413.jpg\" alt=\"Affluences et taux d'occupation de la 14e journ\u00e9e de Ligue 2\" class=\"wp-image-349236\"  \/>Le stade Marcel-Tribut a fait le plein pour le derby USLD \u2013 USBO ce week-end de Ligue 2.<\/p>\n<p>Affiche choc de cette douzi\u00e8me journ\u00e9e, avec l\u2019opposition de deux pensionnaires de la <a href=\"https:\/\/sportune.20minutes.fr\/ligue-1-l1\" rel=\"nofollow noopener\" target=\"_blank\">Ligue 1<\/a> en ballotage favorable pour retrouver l\u2019\u00e9lite, <a href=\"https:\/\/sportune.20minutes.fr\/estac-troyes\" rel=\"nofollow noopener\" target=\"_blank\">ESTAC Troyes<\/a> \u2013 <a href=\"https:\/\/sportune.20minutes.fr\/as-saint-etienne-asse\" rel=\"nofollow noopener\" target=\"_blank\">AS Saint-Etienne<\/a> se faisant face. Le stade de l\u2019Aube n\u2019a \u00e9t\u00e9 rempli qu\u2019aux trois quarts, mais le match a \u00e9t\u00e9 le plus suivi en tribunes, ce week-end en <a href=\"https:\/\/sportune.20minutes.fr\/ligue-2-l2\" rel=\"nofollow noopener\" target=\"_blank\">Ligue 2<\/a>.<\/p>\n<p>4 fois et demie plus de spectateurs \u00e0 Troyes et Nancy qu\u2019\u00e0 Grenoble<\/p>\n<p>Un choc entre deux \u00e9quipes de t\u00eate, en balance avec un autre pour le maintien entre le promu <a href=\"https:\/\/sportune.20minutes.fr\/as-nancy-lorraine-asnl\" rel=\"nofollow noopener\" target=\"_blank\">AS Nancy Lorraine<\/a> et le <a href=\"https:\/\/sportune.20minutes.fr\/stade-lavallois\" rel=\"nofollow noopener\" target=\"_blank\">Stade Lavallois<\/a>, \u00e0 Marcel-Picot. Il n\u2019y avait qu\u2019une centaine de supporters de diff\u00e9rence entre Troyes et Nancy.<\/p>\n<p>Et quatre fois et demie plus de spectateurs qu\u2019en Is\u00e8re, pour l\u2019explication entre le <a href=\"https:\/\/sportune.20minutes.fr\/grenoble-foot-38-gf38\" rel=\"nofollow noopener\" target=\"_blank\">Grenoble Foot 38<\/a> et le <a href=\"https:\/\/sportune.20minutes.fr\/rodez-af-raf\" rel=\"nofollow noopener\" target=\"_blank\">Rodez AF<\/a>. Dans un stade des Alpes d\u2019une capacit\u00e9 commerciale de 16 000 places, selon les donn\u00e9es de la Ligue de football professionnel, c\u2019est bien peu ; \u00e0 peine 18% de taux d\u2019occupation.<\/p>\n<p>Une journ\u00e9e dans la moyenne de la saison en cours<\/p>\n<p>Au cumul 71 121 ont fr\u00e9quent\u00e9 les gradins de neuf matchs de cette douzi\u00e8me journ\u00e9e de la saison 2025-2026 de <a href=\"https:\/\/sportune.20minutes.fr\/ligue-2-l2\" rel=\"nofollow noopener\" target=\"_blank\">Ligue 2<\/a>. La moyenne est de 7 902, l\u00e9g\u00e8rement sup\u00e9rieure aux 7 818 de la saison en cours. En termes de remplissage, c\u2019est assez in\u00e9gal d\u2019un stade \u00e0 l\u2019autre, mais globalement faible. A part au nord, pour le derby entre l\u2019<a href=\"https:\/\/sportune.20minutes.fr\/usl-dunkerque\" rel=\"nofollow noopener\" target=\"_blank\">USL Dunkerque<\/a> et le promu <a href=\"https:\/\/sportune.20minutes.fr\/us-boulogne\" rel=\"nofollow noopener\" target=\"_blank\">US Boulogne<\/a>, disput\u00e9 dans un stade Marcel-Tribut plein jusqu\u2019\u00e0 ras bord.<\/p>\n<p>Affluences et taux d\u2019occupation de la 14e journ\u00e9e de Ligue 2<\/p>\n<p>Troyes \u2013 Saint-\u00c9tienne = 13 216 (73,9%)<br \/>Nancy \u2013 Laval = 13 114 (65,7%)<br \/>Bastia \u2013 Reims = 9 439 (70,0%)<br \/>Le Mans \u2013 Red Star = 9 323 (37,6%)<br \/>Montpellier \u2013 Annecy = 8 114 (40,8%)<br \/>Guingamp \u2013 Pau = 6 638 (34,9%)<br \/>Dunkerque \u2013 Boulogne-sur-Mer = 4 933 (100%)<br \/>Clermont \u2013 Amiens = 3 470 (32,4%)<br \/>Grenoble \u2013 Rodez = 2 874 (18,0%)<\/p>\n","protected":false},"excerpt":{"rendered":"Le stade Marcel-Tribut a fait le plein pour le derby USLD \u2013 USBO ce week-end de Ligue 2.&hellip;\n","protected":false},"author":2,"featured_media":522934,"comment_status":"","ping_status":"","sticky":false,"template":"","format":"standard","meta":{"footnotes":""},"categories":[9653],"tags":[1111,11,40798,3703,461,2430,33977,19062,40799,1777,674,20116,1011,27,21780,40797,446,463,12,40800,5416,25,40801,4001,5628,464,40802,45541,40803],"class_list":{"0":"post-522933","1":"post","2":"type-post","3":"status-publish","4":"format-standard","5":"has-post-thumbnail","7":"category-saint-etienne","8":"tag-actu","9":"tag-actualites","10":"tag-amiens-sc","11":"tag-asnl","12":"tag-asse","13":"tag-auvergne-rhone-alpes","14":"tag-clermont-foot","15":"tag-ea-guingamp","16":"tag-estac","17":"tag-eu","18":"tag-europe","19":"tag-fc-annecy","20":"tag-fr","21":"tag-france","22":"tag-gf38","23":"tag-le-mans-fc","24":"tag-ligue-2","25":"tag-mhsc","26":"tag-news","27":"tag-pau-fc","28":"tag-red-star","29":"tag-republique-francaise","30":"tag-rodez-af","31":"tag-saint-etienne","32":"tag-sc-bastia","33":"tag-stade-de-reims","34":"tag-stade-lavallois","35":"tag-us-boulogne","36":"tag-usl-dunkerque"},"share_on_mastodon":{"url":"https:\/\/pubeurope.com\/@fr\/115520283443953953","error":""},"_links":{"self":[{"href":"https:\/\/www.europesays.com\/fr\/wp-json\/wp\/v2\/posts\/522933","targetHints":{"allow":["GET"]}}],"collection":[{"href":"https:\/\/www.europesays.com\/fr\/wp-json\/wp\/v2\/posts"}],"about":[{"href":"https:\/\/www.europesays.com\/fr\/wp-json\/wp\/v2\/types\/post"}],"author":[{"embeddable":true,"href":"https:\/\/www.europesays.com\/fr\/wp-json\/wp\/v2\/users\/2"}],"replies":[{"embeddable":true,"href":"https:\/\/www.europesays.com\/fr\/wp-json\/wp\/v2\/comments?post=522933"}],"version-history":[{"count":0,"href":"https:\/\/www.europesays.com\/fr\/wp-json\/wp\/v2\/posts\/522933\/revisions"}],"wp:featuredmedia":[{"embeddable":true,"href":"https:\/\/www.europesays.com\/fr\/wp-json\/wp\/v2\/media\/522934"}],"wp:attachment":[{"href":"https:\/\/www.europesays.com\/fr\/wp-json\/wp\/v2\/media?parent=522933"}],"wp:term":[{"taxonomy":"category","embeddable":true,"href":"https:\/\/www.europesays.com\/fr\/wp-json\/wp\/v2\/categories?post=522933"},{"taxonomy":"post_tag","embeddable":true,"href":"https:\/\/www.europesays.com\/fr\/wp-json\/wp\/v2\/tags?post=522933"}],"curies":[{"name":"wp","href":"https:\/\/api.w.org\/{rel}","templated":true}]}}