{"id":522937,"date":"2025-11-09T14:47:39","date_gmt":"2025-11-09T14:47:39","guid":{"rendered":"https:\/\/www.europesays.com\/fr\/522937\/"},"modified":"2025-11-09T14:47:39","modified_gmt":"2025-11-09T14:47:39","slug":"meurthe-et-moselle-une-voiture-fonce-dans-la-facade-dun-immeuble-deux-morts-et-deux-blesses-graves","status":"publish","type":"post","link":"https:\/\/www.europesays.com\/fr\/522937\/","title":{"rendered":"Meurthe-et-Moselle\u00a0: une voiture fonce dans la fa\u00e7ade d\u2019un immeuble, deux morts et deux bless\u00e9s graves"},"content":{"rendered":"<p class=\"paragraph text_align_left lp-f-body-02\">Un dramatique accident. Un v\u00e9hicule a percut\u00e9 \u00e0 haute vitesse la fa\u00e7ade d\u2019un immeuble \u00e0 Nancy (<a href=\"https:\/\/www.leparisien.fr\/faits-divers\/meurthe-et-moselle-un-homme-tire-des-coups-de-feu-a-proximite-dune-ecole-primaire-les-enfants-confines-07-11-2025-TQ4KGGJVP5CYXJ37VPOXAMHHPA.php\" target=\"_blank\" rel=\"noreferrer noopener\">Meurthe-et-Moselle<\/a>) dans la nuit de vendredi \u00e0 ce samedi, indique au Parisien le parquet de la ville, confirmant une information de <a href=\"https:\/\/www.estrepublicain.fr\/faits-divers-justice\/2025\/11\/08\/deux-morts-dans-un-grave-accident-au-bas-de-l-avenue-de-boufflers-a-nancy\" target=\"_blank\" rel=\"noreferrer noopener\">l\u2019Est R\u00e9publicain<\/a>.<\/p>\n<p class=\"paragraph text_align_left lp-f-body-02\">Selon un bilan confirm\u00e9 par les autorit\u00e9s judiciaires les deux passagers arri\u00e8re, dont une personne d\u2019une vingtaine d\u2019ann\u00e9es, sont morts sur le coup. Le conducteur et le passager avant, \u00e2g\u00e9s de 21 et 19 ans, ont \u00e9t\u00e9 transport\u00e9s \u00e0 l\u2019h\u00f4pital. Le pronostic vital du second ne serait pas engag\u00e9, selon l\u2019Est R\u00e9publicain. Quatre ambulances et un fourgon incendie se sont rendus sur place.<\/p>\n<p class=\"paragraph text_align_left lp-f-body-02\">Selon les premiers \u00e9l\u00e9ments, la voiture roulait \u00e0 vive allure au moment de l\u2019accident. La raison l\u2019ayant pouss\u00e9e \u00e0 quitter la route reste pour l\u2019heure inconnue. Mais selon l\u2019Est R\u00e9publicain, la route o\u00f9 a eu lieu l\u2019accident poss\u00e8de une forte pente, ce qui &#8211; coupl\u00e9 \u00e0 une vitesse excessive &#8211; peut apporter des \u00e9l\u00e9ments de r\u00e9ponse.<\/p>\n<p class=\"paragraph text_align_left lp-f-body-02\">Des pr\u00e9l\u00e8vements li\u00e9s \u00e0 l\u2019alcool et \u00e0 la drogue ont \u00e9t\u00e9 r\u00e9alis\u00e9s. Une enqu\u00eate a \u00e9t\u00e9 ouverte par la police nationale, d\u2019apr\u00e8s <a href=\"https:\/\/www.francebleu.fr\/infos\/faits-divers-justice\/deux-morts-et-deux-blesses-graves-dramatique-accident-de-la-route-a-nancy-6346214\" target=\"_blank\" rel=\"noreferrer noopener\">Ici Lorraine (ex-France Bleu)<\/a>.<\/p>\n","protected":false},"excerpt":{"rendered":"Un dramatique accident. Un v\u00e9hicule a percut\u00e9 \u00e0 haute vitesse la fa\u00e7ade d\u2019un immeuble \u00e0 Nancy (Meurthe-et-Moselle) dans&hellip;\n","protected":false},"author":2,"featured_media":522938,"comment_status":"","ping_status":"","sticky":false,"template":"","format":"standard","meta":{"footnotes":""},"categories":[9635],"tags":[1111,11,459,1777,674,118,1011,27,775,1702,12,25],"class_list":{"0":"post-522937","1":"post","2":"type-post","3":"status-publish","4":"format-standard","5":"has-post-thumbnail","7":"category-nancy","8":"tag-actu","9":"tag-actualites","10":"tag-departements-horsidfo","11":"tag-eu","12":"tag-europe","13":"tag-faits-divers","14":"tag-fr","15":"tag-france","16":"tag-grand-est","17":"tag-nancy","18":"tag-news","19":"tag-republique-francaise"},"share_on_mastodon":{"url":"https:\/\/pubeurope.com\/@fr\/115520290387070555","error":""},"_links":{"self":[{"href":"https:\/\/www.europesays.com\/fr\/wp-json\/wp\/v2\/posts\/522937","targetHints":{"allow":["GET"]}}],"collection":[{"href":"https:\/\/www.europesays.com\/fr\/wp-json\/wp\/v2\/posts"}],"about":[{"href":"https:\/\/www.europesays.com\/fr\/wp-json\/wp\/v2\/types\/post"}],"author":[{"embeddable":true,"href":"https:\/\/www.europesays.com\/fr\/wp-json\/wp\/v2\/users\/2"}],"replies":[{"embeddable":true,"href":"https:\/\/www.europesays.com\/fr\/wp-json\/wp\/v2\/comments?post=522937"}],"version-history":[{"count":0,"href":"https:\/\/www.europesays.com\/fr\/wp-json\/wp\/v2\/posts\/522937\/revisions"}],"wp:featuredmedia":[{"embeddable":true,"href":"https:\/\/www.europesays.com\/fr\/wp-json\/wp\/v2\/media\/522938"}],"wp:attachment":[{"href":"https:\/\/www.europesays.com\/fr\/wp-json\/wp\/v2\/media?parent=522937"}],"wp:term":[{"taxonomy":"category","embeddable":true,"href":"https:\/\/www.europesays.com\/fr\/wp-json\/wp\/v2\/categories?post=522937"},{"taxonomy":"post_tag","embeddable":true,"href":"https:\/\/www.europesays.com\/fr\/wp-json\/wp\/v2\/tags?post=522937"}],"curies":[{"name":"wp","href":"https:\/\/api.w.org\/{rel}","templated":true}]}}