{"id":522942,"date":"2025-11-09T14:53:17","date_gmt":"2025-11-09T14:53:17","guid":{"rendered":"https:\/\/www.europesays.com\/fr\/522942\/"},"modified":"2025-11-09T14:53:17","modified_gmt":"2025-11-09T14:53:17","slug":"on-a-beaucoup-et-bien-travaille-cest-la-recompense","status":"publish","type":"post","link":"https:\/\/www.europesays.com\/fr\/522942\/","title":{"rendered":"On a beaucoup et bien travaill\u00e9, c\u2019est la r\u00e9compense"},"content":{"rendered":"<p><img loading=\"lazy\" decoding=\"async\" width=\"696\" height=\"464\" class=\"lazyload entry-thumb\" src=\"https:\/\/www.europesays.com\/fr\/wp-content\/uploads\/2025\/07\/BROUARD-Regis-696x464.jpg\" alt=\"R\u00e9gis Brouard\" title=\"R\u00e9gis Brouard\"\/>R\u00e9gis Brouard (\u00a9 Philippe Le Brech)<\/p>\n<p style=\"font-size:20px\"><strong>L\u2019entra\u00eeneur du FC Rouen R\u00e9gis Brouard, a accord\u00e9 un entretien <a href=\"https:\/\/www.paris-normandie.fr\/id672776\/article\/2025-11-08\/football-national-je-suis-focus-sur-la-montee-en-ligue-2-affirme-brouard-le?utm_medium=post_organique&amp;utm_source=Facebook\" target=\"_blank\" rel=\"noreferrer noopener\">\u00e0 nos confr\u00e8res de Paris Normandie<\/a> o\u00f9 il revient notamment sur l\u2019excellent d\u00e9but de saison de son \u00e9quipe, large leader du <a href=\"https:\/\/footamateur.ouest-france.fr\/categories\/nationaux\/championnat-national\/\" target=\"_blank\" rel=\"noopener\">National<\/a>. Extrait.<\/strong><\/p>\n<p>R\u00e9gis Brouard (entra\u00eeneur FC Rouen) :<\/p>\n<p>\u00ab\u00a0On a beaucoup et bien travaill\u00e9, quelque part, c\u2019est la r\u00e9compense. La r\u00e9compense de l\u2019investissement des joueurs, de leur \u00e9coute par rapport \u00e0 ce qu\u2019on leur propose. On ne va pas revenir sur tous les changements qu\u2019il y a eus durant l\u2019intersaison, mais, tout de m\u00eame, il faut l\u2019int\u00e9grer. Je pense qu\u2019il fallait que les joueurs assimilent pas mal de choses. \u00e7a explique qu\u2019on ait commenc\u00e9 par deux matches nuls (contre Fleury, 0-0 puis Dijon 1-1).<\/p>\n<p>J\u2019entends, je lis. Je con\u00e7ois qu\u2019on doit s\u2019am\u00e9liorer sur l\u2019aspect technique, sur des temps de match. Parfois, quand on est un peu moins bien, on devrait peut-\u00eatre avoir plus de ma\u00eetrise pour pouvoir r\u00e9cup\u00e9rer, car on a un jeu \u00e9prouvant, mais on ne le fait pas. A contrario. Ce manque de ma\u00eetrise am\u00e8ne souvent de l\u2019incertitude chez l\u2019adversaire, il est dans l\u2019obligation de rester concentr\u00e9, parce qu\u2019on propose toujours quelque chose. C\u2019est moi qui demande \u00e7a aux joueurs. Je leur dis tous les jours que j\u2019accepte le d\u00e9chet.\u00a0\u00bb\u00a0<\/p>\n<p><a href=\"https:\/\/footamateur.ouest-france.fr\/author\/fred\/\" class=\"url\" title=\"Fr\u00e9d\u00e9ric Sougey\" target=\"_blank\" rel=\"noopener\"> <img decoding=\"async\" src=\"https:\/\/www.europesays.com\/fr\/wp-content\/uploads\/2025\/04\/gnlpcfya_400x400.jpg\" class=\"lazyload photo\" width=\"250\" alt=\"Fr\u00e9d\u00e9ric Sougey\"\/><\/a><\/p>\n<p>Journaliste chez Sports M\u00e9dia<\/p>\n<p>Elev\u00e9 au c\u0153ur des Alpes, Fred quitte (temporairement) son Grenoble ador\u00e9 pour pr\u00eater sa plume et son regard au monde amateur et plus particuli\u00e8rement au Championnat National dont il est un assidu observateur. Fan de tartiflette, de Karim Mokeddem et de Mulholland Drive. Les bonnes choses de la vie, en somme.<\/p>\n<p><a href=\"https:\/\/footamateur.ouest-france.fr\/author\/fred\/\" class=\"url\" title=\"Fr\u00e9d\u00e9ric Sougey\" target=\"_blank\" rel=\"noopener\"><img decoding=\"async\" src=\"https:\/\/www.europesays.com\/fr\/wp-content\/uploads\/2025\/04\/gnlpcfya_400x400.jpg\" class=\"lazyload photo\" width=\"250\" alt=\"Fr\u00e9d\u00e9ric Sougey\"\/><\/a>Les derniers articles par Fr\u00e9d\u00e9ric Sougey (<a href=\"https:\/\/footamateur.ouest-france.fr\/author\/fred\/\" target=\"_blank\" rel=\"noopener\">tout voir<\/a>)<\/p>\n","protected":false},"excerpt":{"rendered":"R\u00e9gis Brouard (\u00a9 Philippe Le Brech) L\u2019entra\u00eeneur du FC Rouen R\u00e9gis Brouard, a accord\u00e9 un entretien \u00e0 nos&hellip;\n","protected":false},"author":2,"featured_media":217596,"comment_status":"","ping_status":"","sticky":false,"template":"","format":"standard","meta":{"footnotes":""},"categories":[9587],"tags":[1111,11,1777,674,13096,1011,27,12,5161,23067,25,9590],"class_list":{"0":"post-522942","1":"post","2":"type-post","3":"status-publish","4":"format-standard","5":"has-post-thumbnail","7":"category-rouen","8":"tag-actu","9":"tag-actualites","10":"tag-eu","11":"tag-europe","12":"tag-fc-rouen-1899","13":"tag-fr","14":"tag-france","15":"tag-news","16":"tag-normandie","17":"tag-regis-brouard","18":"tag-republique-francaise","19":"tag-rouen"},"share_on_mastodon":{"url":"https:\/\/pubeurope.com\/@fr\/115520314754452804","error":""},"_links":{"self":[{"href":"https:\/\/www.europesays.com\/fr\/wp-json\/wp\/v2\/posts\/522942","targetHints":{"allow":["GET"]}}],"collection":[{"href":"https:\/\/www.europesays.com\/fr\/wp-json\/wp\/v2\/posts"}],"about":[{"href":"https:\/\/www.europesays.com\/fr\/wp-json\/wp\/v2\/types\/post"}],"author":[{"embeddable":true,"href":"https:\/\/www.europesays.com\/fr\/wp-json\/wp\/v2\/users\/2"}],"replies":[{"embeddable":true,"href":"https:\/\/www.europesays.com\/fr\/wp-json\/wp\/v2\/comments?post=522942"}],"version-history":[{"count":0,"href":"https:\/\/www.europesays.com\/fr\/wp-json\/wp\/v2\/posts\/522942\/revisions"}],"wp:featuredmedia":[{"embeddable":true,"href":"https:\/\/www.europesays.com\/fr\/wp-json\/wp\/v2\/media\/217596"}],"wp:attachment":[{"href":"https:\/\/www.europesays.com\/fr\/wp-json\/wp\/v2\/media?parent=522942"}],"wp:term":[{"taxonomy":"category","embeddable":true,"href":"https:\/\/www.europesays.com\/fr\/wp-json\/wp\/v2\/categories?post=522942"},{"taxonomy":"post_tag","embeddable":true,"href":"https:\/\/www.europesays.com\/fr\/wp-json\/wp\/v2\/tags?post=522942"}],"curies":[{"name":"wp","href":"https:\/\/api.w.org\/{rel}","templated":true}]}}