{"id":522943,"date":"2025-11-09T14:55:27","date_gmt":"2025-11-09T14:55:27","guid":{"rendered":"https:\/\/www.europesays.com\/fr\/522943\/"},"modified":"2025-11-09T14:55:27","modified_gmt":"2025-11-09T14:55:27","slug":"isere-un-bebe-enleve-a-grenoble-le-pere-et-ses-complices-recherches","status":"publish","type":"post","link":"https:\/\/www.europesays.com\/fr\/522943\/","title":{"rendered":"Is\u00e8re. Un b\u00e9b\u00e9 enlev\u00e9 \u00e0 Grenoble, le p\u00e8re et ses complices recherch\u00e9s"},"content":{"rendered":"<p>Un mandat d&rsquo;arr\u00eat europ\u00e9en a \u00e9t\u00e9 lanc\u00e9 ce mercredi contre un p\u00e8re et ses complices apr\u00e8s l&rsquo;enl\u00e8vement d&rsquo;un nourrisson dimanche 2 novembre \u00e0 Grenoble (Is\u00e8re), indique <a href=\"https:\/\/www.ledauphine.com\/faits-divers-justice\/2025\/11\/04\/isere-metropole-de-grenoble-enlevement-d-un-bebe-a-grenoble-un-mandat-d-arret-europeen-lance-contre-le-pere\" target=\"_blank\" rel=\"noopener\">Le Dauphin\u00e9 Lib\u00e9r\u00e9<\/a>. La m\u00e8re du b\u00e9b\u00e9 a pr\u00e9venu les forces de l&rsquo;ordre. L&rsquo;information judiciaire a \u00e9t\u00e9 ouverte par le parquet de Grenoble pour \u00ab\u00a0soustraction de mineur par ascendant \u00bb et \u00ab violences volontaires aggrav\u00e9es \u00bb.<\/p>\n<p>Selon <a href=\"https:\/\/www.ledauphine.com\/faits-divers-justice\/2025\/11\/02\/une-mere-signale-l-enlevement-de-son-nourrisson-par-le-pere\" target=\"_blank\" rel=\"noopener\">Le Dauphin\u00e9 Lib\u00e9r\u00e9<\/a>, le couple \u00e9tait install\u00e9 en Belgique. Apr\u00e8s avoir subi des violences conjugales, l&rsquo;\u00e9pouse a choisi de fuir avec son b\u00e9b\u00e9, \u00e2g\u00e9 de quelques mois, et s&rsquo;est r\u00e9fugi\u00e9e chez sa m\u00e8re \u00e0 Grenoble, le 17 octobre. Le p\u00e8re est arriv\u00e9 dimanche 2 novembre avec une batte de base-ball au domicile grenoblois, accompagn\u00e9 de sa propre m\u00e8re et d&rsquo;un cousin. \u00ab Particuli\u00e8rement agressif \u00bb, il a enlev\u00e9 le nourrisson.<\/p>\n<p>L\u2019alerte enl\u00e8vement n\u2019a pas \u00e9t\u00e9 d\u00e9clench\u00e9e, une source proche de l\u2019enqu\u00eate ayant confi\u00e9 qu\u2019\u00ab aucun \u00e9l\u00e9ment ne laisse penser que le mineur est en danger avec son p\u00e8re \u00bb.<\/p>\n<p class=\"note\">&gt;&gt; Lire l&rsquo;article du\u00a0<a href=\"https:\/\/www.ledauphine.com\/faits-divers-justice\/2025\/11\/04\/isere-metropole-de-grenoble-enlevement-d-un-bebe-a-grenoble-un-mandat-d-arret-europeen-lance-contre-le-pere\" target=\"_blank\" rel=\"noopener\">Dauphin\u00e9 Lib\u00e9r\u00e9<\/a>.<\/p>\n","protected":false},"excerpt":{"rendered":"Un mandat d&rsquo;arr\u00eat europ\u00e9en a \u00e9t\u00e9 lanc\u00e9 ce mercredi contre un p\u00e8re et ses complices apr\u00e8s l&rsquo;enl\u00e8vement d&rsquo;un&hellip;\n","protected":false},"author":2,"featured_media":522944,"comment_status":"","ping_status":"","sticky":false,"template":"","format":"standard","meta":{"footnotes":""},"categories":[9566],"tags":[1111,11,2430,271,272,1777,674,274,107,1011,27,329,2731,12,25],"class_list":{"0":"post-522943","1":"post","2":"type-post","3":"status-publish","4":"format-standard","5":"has-post-thumbnail","7":"category-grenoble","8":"tag-actu","9":"tag-actualites","10":"tag-auvergne-rhone-alpes","11":"tag-crime","12":"tag-delit-et-contravention","13":"tag-eu","14":"tag-europe","15":"tag-faits-divers-justice","16":"tag-fil-info","17":"tag-fr","18":"tag-france","19":"tag-france-monde","20":"tag-grenoble","21":"tag-news","22":"tag-republique-francaise"},"share_on_mastodon":{"url":"https:\/\/pubeurope.com\/@fr\/115520321885900658","error":""},"_links":{"self":[{"href":"https:\/\/www.europesays.com\/fr\/wp-json\/wp\/v2\/posts\/522943","targetHints":{"allow":["GET"]}}],"collection":[{"href":"https:\/\/www.europesays.com\/fr\/wp-json\/wp\/v2\/posts"}],"about":[{"href":"https:\/\/www.europesays.com\/fr\/wp-json\/wp\/v2\/types\/post"}],"author":[{"embeddable":true,"href":"https:\/\/www.europesays.com\/fr\/wp-json\/wp\/v2\/users\/2"}],"replies":[{"embeddable":true,"href":"https:\/\/www.europesays.com\/fr\/wp-json\/wp\/v2\/comments?post=522943"}],"version-history":[{"count":0,"href":"https:\/\/www.europesays.com\/fr\/wp-json\/wp\/v2\/posts\/522943\/revisions"}],"wp:featuredmedia":[{"embeddable":true,"href":"https:\/\/www.europesays.com\/fr\/wp-json\/wp\/v2\/media\/522944"}],"wp:attachment":[{"href":"https:\/\/www.europesays.com\/fr\/wp-json\/wp\/v2\/media?parent=522943"}],"wp:term":[{"taxonomy":"category","embeddable":true,"href":"https:\/\/www.europesays.com\/fr\/wp-json\/wp\/v2\/categories?post=522943"},{"taxonomy":"post_tag","embeddable":true,"href":"https:\/\/www.europesays.com\/fr\/wp-json\/wp\/v2\/tags?post=522943"}],"curies":[{"name":"wp","href":"https:\/\/api.w.org\/{rel}","templated":true}]}}