{"id":522949,"date":"2025-11-09T14:59:41","date_gmt":"2025-11-09T14:59:41","guid":{"rendered":"https:\/\/www.europesays.com\/fr\/522949\/"},"modified":"2025-11-09T14:59:41","modified_gmt":"2025-11-09T14:59:41","slug":"mulhouse-le-promoteur-en-liquidation-le-chantier-de-la-tour-elithis-arrete","status":"publish","type":"post","link":"https:\/\/www.europesays.com\/fr\/522949\/","title":{"rendered":"Mulhouse. Le promoteur en liquidation, le chantier de la tour Elithis arr\u00eat\u00e9"},"content":{"rendered":"<p>\u00c7a tangue un peu quai d\u2019Oran du c\u00f4t\u00e9 de la tour Elithis. Apr\u00e8s avoir avanc\u00e9 \u00e0 un bon rythme jusqu\u2019\u00e0 cet \u00e9t\u00e9, le chantier de cet \u00e9difice tout en verticalit\u00e9, semble actuellement au point mort. Deux de ses huit pans de fa\u00e7ade sont encore \u00e0 nue, dans l\u2019attente des panneaux photovolta\u00efques qui doivent les recouvrir, et plus aucun ouvrier ne s\u2019active \u00e0 ses pieds ou dans ses \u00e9tages.<\/p>\n<p>Christophe Bearune, patron de Bearune Ing\u00e9nierie, ma\u00eetre&#8230;<\/p>\n","protected":false},"excerpt":{"rendered":"\u00c7a tangue un peu quai d\u2019Oran du c\u00f4t\u00e9 de la tour Elithis. Apr\u00e8s avoir avanc\u00e9 \u00e0 un bon&hellip;\n","protected":false},"author":2,"featured_media":522950,"comment_status":"","ping_status":"","sticky":false,"template":"","format":"standard","meta":{"footnotes":""},"categories":[2820],"tags":[1111,11,4749,33,1636,1777,674,107,1011,27,775,1634,12,25,1635,4604,640],"class_list":{"0":"post-522949","1":"post","2":"type-post","3":"status-publish","4":"format-standard","5":"has-post-thumbnail","7":"category-strasbourg","8":"tag-actu","9":"tag-actualites","10":"tag-btp-et-chantiers","11":"tag-economie","12":"tag-edition-mulhouse-thann","13":"tag-eu","14":"tag-europe","15":"tag-fil-info","16":"tag-fr","17":"tag-france","18":"tag-grand-est","19":"tag-mulhouse","20":"tag-news","21":"tag-republique-francaise","22":"tag-secteur-de-mulhouse","23":"tag-selection-abonne","24":"tag-strasbourg"},"share_on_mastodon":{"url":"https:\/\/pubeurope.com\/@fr\/115520337628195925","error":""},"_links":{"self":[{"href":"https:\/\/www.europesays.com\/fr\/wp-json\/wp\/v2\/posts\/522949","targetHints":{"allow":["GET"]}}],"collection":[{"href":"https:\/\/www.europesays.com\/fr\/wp-json\/wp\/v2\/posts"}],"about":[{"href":"https:\/\/www.europesays.com\/fr\/wp-json\/wp\/v2\/types\/post"}],"author":[{"embeddable":true,"href":"https:\/\/www.europesays.com\/fr\/wp-json\/wp\/v2\/users\/2"}],"replies":[{"embeddable":true,"href":"https:\/\/www.europesays.com\/fr\/wp-json\/wp\/v2\/comments?post=522949"}],"version-history":[{"count":0,"href":"https:\/\/www.europesays.com\/fr\/wp-json\/wp\/v2\/posts\/522949\/revisions"}],"wp:featuredmedia":[{"embeddable":true,"href":"https:\/\/www.europesays.com\/fr\/wp-json\/wp\/v2\/media\/522950"}],"wp:attachment":[{"href":"https:\/\/www.europesays.com\/fr\/wp-json\/wp\/v2\/media?parent=522949"}],"wp:term":[{"taxonomy":"category","embeddable":true,"href":"https:\/\/www.europesays.com\/fr\/wp-json\/wp\/v2\/categories?post=522949"},{"taxonomy":"post_tag","embeddable":true,"href":"https:\/\/www.europesays.com\/fr\/wp-json\/wp\/v2\/tags?post=522949"}],"curies":[{"name":"wp","href":"https:\/\/api.w.org\/{rel}","templated":true}]}}