{"id":522957,"date":"2025-11-09T15:03:16","date_gmt":"2025-11-09T15:03:16","guid":{"rendered":"https:\/\/www.europesays.com\/fr\/522957\/"},"modified":"2025-11-09T15:03:16","modified_gmt":"2025-11-09T15:03:16","slug":"agriculture-et-climat-serge-zaka-sera-a-vertou-mercredi-19-novembre","status":"publish","type":"post","link":"https:\/\/www.europesays.com\/fr\/522957\/","title":{"rendered":"Agriculture et climat\u00a0: Serge Zaka, sera \u00e0 Vertou mercredi 19\u00a0novembre"},"content":{"rendered":"<p>L\u2019association Ici pour demain a invit\u00e9 un expert, mercredi 19\u00a0novembre 2025, \u00e0 la salle S\u00e8vre et Maine \u00e0 Vertou, pour parler de notre alimentation dans les prochaines ann\u00e9es. <a href=\"https:\/\/angers.maville.com\/actu\/actudet_-portrait.-chasseur-d-orages-et-aventurier-scientifique...-serge-zaka-tel-un-indiana-jones-du-climat-_9-6155119_actu.Htm\" target=\"_blank\" rel=\"noopener\">Serge Zaka, agronome et docteur en agroclimatologie<\/a> en a une id\u00e9e. Il d\u00e9crypte les transformations en cours sur les productions agricoles (grandes cultures, mara\u00eechage, arboriculture, viticulture, \u00e9levage) et propose des strat\u00e9gies d\u2019adaptation et d\u2019att\u00e9nuation des cons\u00e9quences du changement climatique. Il faudra, selon lui, une agriculture durable, r\u00e9siliente et robuste pour garantir l\u2019ind\u00e9pendance alimentaire de la France \u00e0 l\u2019horizon 2050.<\/p>\n<p>Conf\u00e9rence suivie de d\u00e9dicaces de sa bande-dessin\u00e9e<\/p>\n<p>Durant cette conf\u00e9rence-d\u00e9bat, il fera un focus sur la r\u00e9gion Pays de la Loire et ses productions agricoles.<\/p>\n<p>Serge Zaka d\u00e9dicacera ensuite les exemplaires de ses livres, dont sa derni\u00e8re Bande dessin\u00e9e Dr Zarge et l\u2019agroclimatologie, en pr\u00e9sence d\u2019Ana Dess, l\u2019illustratrice et \u00e9ditrice, et de Rudy Cavalheiro, le sc\u00e9nariste de la BD.<\/p>\n<p><strong>Mercredi 19\u00a0novembre,<\/strong> salle S\u00e8vre et Maine, \u00e0 Vertou, \u00e0 20\u00a0h. 8\u00a0\u20ac, 3\u00a0\u20ac moins de 26\u00a0ans. Inscriptions sur <a href=\"https:\/\/www.icipourdemain.fr\/fr\/a-venir\/detail\/conference-que-mangerons-nous-en-2050-changement-climatique-et-agriculture\/90261\" target=\"_blank\" rel=\"noopener\">www.icipourdemain.fr.<\/a><\/p>\n<p>\u00a0<\/p>\n","protected":false},"excerpt":{"rendered":"L\u2019association Ici pour demain a invit\u00e9 un expert, mercredi 19\u00a0novembre 2025, \u00e0 la salle S\u00e8vre et Maine \u00e0&hellip;\n","protected":false},"author":2,"featured_media":522958,"comment_status":"","ping_status":"","sticky":false,"template":"","format":"standard","meta":{"footnotes":""},"categories":[2818],"tags":[5185,1111,11,327,1129,1777,674,1011,27,6774,766,12,24649,2636,25,58987,14532,64340],"class_list":{"0":"post-522957","1":"post","2":"type-post","3":"status-publish","4":"format-standard","5":"has-post-thumbnail","7":"category-nantes","8":"tag-5185","9":"tag-actu","10":"tag-actualites","11":"tag-agriculture","12":"tag-climat","13":"tag-eu","14":"tag-europe","15":"tag-fr","16":"tag-france","17":"tag-mercredi","18":"tag-nantes","19":"tag-news","20":"tag-novembre","21":"tag-pays-de-la-loire","22":"tag-republique-francaise","23":"tag-serge","24":"tag-vertou","25":"tag-zaka"},"share_on_mastodon":{"url":"https:\/\/pubeurope.com\/@fr\/115520353422642501","error":""},"_links":{"self":[{"href":"https:\/\/www.europesays.com\/fr\/wp-json\/wp\/v2\/posts\/522957","targetHints":{"allow":["GET"]}}],"collection":[{"href":"https:\/\/www.europesays.com\/fr\/wp-json\/wp\/v2\/posts"}],"about":[{"href":"https:\/\/www.europesays.com\/fr\/wp-json\/wp\/v2\/types\/post"}],"author":[{"embeddable":true,"href":"https:\/\/www.europesays.com\/fr\/wp-json\/wp\/v2\/users\/2"}],"replies":[{"embeddable":true,"href":"https:\/\/www.europesays.com\/fr\/wp-json\/wp\/v2\/comments?post=522957"}],"version-history":[{"count":0,"href":"https:\/\/www.europesays.com\/fr\/wp-json\/wp\/v2\/posts\/522957\/revisions"}],"wp:featuredmedia":[{"embeddable":true,"href":"https:\/\/www.europesays.com\/fr\/wp-json\/wp\/v2\/media\/522958"}],"wp:attachment":[{"href":"https:\/\/www.europesays.com\/fr\/wp-json\/wp\/v2\/media?parent=522957"}],"wp:term":[{"taxonomy":"category","embeddable":true,"href":"https:\/\/www.europesays.com\/fr\/wp-json\/wp\/v2\/categories?post=522957"},{"taxonomy":"post_tag","embeddable":true,"href":"https:\/\/www.europesays.com\/fr\/wp-json\/wp\/v2\/tags?post=522957"}],"curies":[{"name":"wp","href":"https:\/\/api.w.org\/{rel}","templated":true}]}}