{"id":522961,"date":"2025-11-09T15:05:11","date_gmt":"2025-11-09T15:05:11","guid":{"rendered":"https:\/\/www.europesays.com\/fr\/522961\/"},"modified":"2025-11-09T15:05:11","modified_gmt":"2025-11-09T15:05:11","slug":"le-point-sur-les-horaires-du-11-novembre-a-bordeaux","status":"publish","type":"post","link":"https:\/\/www.europesays.com\/fr\/522961\/","title":{"rendered":"le point sur les horaires du 11 novembre \u00e0 Bordeaux"},"content":{"rendered":"<p>            Par<br \/>\n        <strong><br \/>\n            <a href=\"https:\/\/actu.fr\/auteur\/juliette-cardinale\" title=\"Consulter tous les articles de Juliette Cardinale\" target=\"_blank\" rel=\"noopener\">Juliette Cardinale<\/a><br \/>\n        <\/strong><\/p>\n<p>        Publi\u00e9 le<\/p>\n<p>            9 nov. 2025 \u00e0 15h32        <\/p>\n<p>Ce mardi 11 novembre 2025, comme tous les ans, la France c\u00e9l\u00e8bre <strong>l\u2019Armistice de 1918<\/strong> mettant fin \u00e0 la Premi\u00e8re Guerre mondiale. Cette journ\u00e9e de comm\u00e9moration annuelle de la victoire et de la paix rendant hommage \u00e0 tous les morts pour le pays est f\u00e9ri\u00e9e.\u00a0Des <strong>fermetures<\/strong> et des changements d\u2019horaires sont alors pr\u00e9vus pour certains services<a href=\"https:\/\/actu.fr\/bordeaux\/\" target=\"_blank\" rel=\"noopener\"> \u00e0 Bordeaux.<\/a><\/p>\n<p>Les transports et d\u00e9chets<\/p>\n<p class=\" wall-content\">Le <a href=\"https:\/\/actu.fr\/tag\/tbm\" target=\"_blank\" rel=\"noopener\">r\u00e9seau TBM<\/a> fonctionne <strong>en horaires de dimanche,<\/strong> comme pour tous les jours f\u00e9ri\u00e9s.<\/p>\n<p class=\" wall-content\">La collecte de nuit dans <strong>l\u2019hypercentre<\/strong> de Bordeaux est assur\u00e9e. Rive gauche, la collecte de jour entre les cours et les boulevards est assur\u00e9e pour le bac de tri vert\/jaune mais pas pour le bac noir.\u00a0<\/p>\n<p class=\" wall-content\">En <strong>extra-bouvelards<\/strong>, c\u2019est l\u2019inverse : le bac noir est collect\u00e9 tous les jours f\u00e9ri\u00e9s, mais le bac de tri vert\/jaune n\u2019est pas collect\u00e9.\u00a0Par ailleurs, toutes les <strong>d\u00e9chetteries<\/strong> de la<a href=\"https:\/\/actu.fr\/tag\/bordeaux-metropole\" target=\"_blank\" rel=\"noopener\"> M\u00e9tropole<\/a> seront ferm\u00e9es.\u00a0<\/p>\n<p>Les services de la Ville<\/p>\n<p class=\" wall-content\">La plupart des <strong>services et \u00e9tablissements municipaux<\/strong> sont ferm\u00e9s pour le 11 novembre. Tous les parcs et jardins de la Ville sont ouverts aux horaires habituels. Les cimeti\u00e8res Bordeaux nord, de la Chartreuse et Pins Francs sont ouverts de 9h \u00e0 17h.<\/p>\n<p class=\" wall-content\"><strong>Lundi 10 novembre,<\/strong> la permanence d\u2019accueil et d\u2019information sur les modes d\u2019accueil et pr\u00e9inscriptions en cr\u00e8che sera exceptionnellement ferm\u00e9e.\u00a0<\/p>\n<p class=\" wall-content\">La c\u00e9r\u00e9monie de comm\u00e9moration aura lieu <strong>\u00e0 11h15<\/strong> sur la place du 11 Novembre \u00e0 Bordeaux.<\/p>\n<p>Votre r\u00e9gion, votre actu !<\/p>\n<p>Recevez chaque jour les infos qui comptent pour vous.<\/p>\n<p>\t<a href=\"https:\/\/actu.fr\/newsletter\" class=\"ac-btn ac-btn--corner ac-btn--medium ac-btn--blue800\" target=\"_blank\" rel=\"noopener\">S&rsquo;incrire<\/a><\/p>\n<p class=\" wall-content\">Par ailleurs, la plupart des <strong>supermarch\u00e9s des centres commerciaux<\/strong> de la m\u00e9tropole seront ouverts ce mardi 11 novembre 2025. Les horaires sont susceptibles d\u2019\u00eatre modifi\u00e9es, pensez \u00e0 les v\u00e9rifier avant de vous d\u00e9placer.\u00a0<\/p>\n<p class=\" wall-content\">Personnalisez votre actualit\u00e9 en ajoutant vos villes et m\u00e9dias en favori avec <a href=\"https:\/\/moncompte.actu.fr\" title=\"D\u00e9couvez Mon Actu\" rel=\"nofollow noopener\" data-trk=\"{&quot;cta&quot;:{&quot;action&quot;:&quot;https:\\\/\\\/moncompte.actu.fr&quot;,&quot;category&quot;:&quot;mon compte&quot;,&quot;from&quot;:&quot;article footer&quot;,&quot;name&quot;:&quot;Mon actu&quot;,&quot;type&quot;:&quot;cta&quot;}}\" target=\"_blank\">Mon Actu<\/a>.<\/p>\n","protected":false},"excerpt":{"rendered":"Par Juliette Cardinale Publi\u00e9 le 9 nov. 2025 \u00e0 15h32 Ce mardi 11 novembre 2025, comme tous les&hellip;\n","protected":false},"author":2,"featured_media":522962,"comment_status":"","ping_status":"","sticky":false,"template":"","format":"standard","meta":{"footnotes":""},"categories":[2817],"tags":[1111,11,1997,215,1777,674,1011,27,39144,12,2219,25,104,7952],"class_list":{"0":"post-522961","1":"post","2":"type-post","3":"status-publish","4":"format-standard","5":"has-post-thumbnail","7":"category-bordeaux","8":"tag-actu","9":"tag-actualites","10":"tag-bordeaux","11":"tag-commerce","12":"tag-eu","13":"tag-europe","14":"tag-fr","15":"tag-france","16":"tag-jours-feries","17":"tag-news","18":"tag-nouvelle-aquitaine","19":"tag-republique-francaise","20":"tag-societe","21":"tag-tbm"},"share_on_mastodon":{"url":"https:\/\/pubeurope.com\/@fr\/115520361184732218","error":""},"_links":{"self":[{"href":"https:\/\/www.europesays.com\/fr\/wp-json\/wp\/v2\/posts\/522961","targetHints":{"allow":["GET"]}}],"collection":[{"href":"https:\/\/www.europesays.com\/fr\/wp-json\/wp\/v2\/posts"}],"about":[{"href":"https:\/\/www.europesays.com\/fr\/wp-json\/wp\/v2\/types\/post"}],"author":[{"embeddable":true,"href":"https:\/\/www.europesays.com\/fr\/wp-json\/wp\/v2\/users\/2"}],"replies":[{"embeddable":true,"href":"https:\/\/www.europesays.com\/fr\/wp-json\/wp\/v2\/comments?post=522961"}],"version-history":[{"count":0,"href":"https:\/\/www.europesays.com\/fr\/wp-json\/wp\/v2\/posts\/522961\/revisions"}],"wp:featuredmedia":[{"embeddable":true,"href":"https:\/\/www.europesays.com\/fr\/wp-json\/wp\/v2\/media\/522962"}],"wp:attachment":[{"href":"https:\/\/www.europesays.com\/fr\/wp-json\/wp\/v2\/media?parent=522961"}],"wp:term":[{"taxonomy":"category","embeddable":true,"href":"https:\/\/www.europesays.com\/fr\/wp-json\/wp\/v2\/categories?post=522961"},{"taxonomy":"post_tag","embeddable":true,"href":"https:\/\/www.europesays.com\/fr\/wp-json\/wp\/v2\/tags?post=522961"}],"curies":[{"name":"wp","href":"https:\/\/api.w.org\/{rel}","templated":true}]}}