{"id":522965,"date":"2025-11-09T15:07:08","date_gmt":"2025-11-09T15:07:08","guid":{"rendered":"https:\/\/www.europesays.com\/fr\/522965\/"},"modified":"2025-11-09T15:07:08","modified_gmt":"2025-11-09T15:07:08","slug":"haute-garonne-lhistoire-extraordinaire-de-philippe-alvarez-un-passeur-sorti-de-loubli","status":"publish","type":"post","link":"https:\/\/www.europesays.com\/fr\/522965\/","title":{"rendered":"Haute-Garonne. L&rsquo;histoire extraordinaire de Philippe Alvarez, un passeur sorti de l&rsquo;oubli"},"content":{"rendered":"<p>            Par<br \/>\n        <strong><br \/>\n            <a href=\"https:\/\/actu.fr\/auteur\/redaction-toulouse\" title=\"Consulter tous les articles de R\u00e9daction de Toulouse\" target=\"_blank\" rel=\"noopener\">R\u00e9daction de Toulouse<\/a><br \/>\n        <\/strong><\/p>\n<p>        Publi\u00e9 le<\/p>\n<p>            9 nov. 2025 \u00e0 15h06        <\/p>\n<p>Durant la <a href=\"https:\/\/actu.fr\/tag\/seconde-guerre-mondiale\" target=\"_blank\" rel=\"noopener\"><strong>Seconde Guerre mondiale<\/strong><\/a>, on estime que <strong>90 000 personnes<\/strong> ont travers\u00e9 les Pyr\u00e9n\u00e9es pour <strong>fuir le nazisme<\/strong> et rejoindre l\u2019Espagne. La post\u00e9rit\u00e9 a retenu quelques passeurs \u00e9m\u00e9rites \u00e0 l\u2019instar du professeur de <a href=\"https:\/\/actu.fr\/toulouse\/\" target=\"_blank\" rel=\"noopener\">Toulouse<\/a> <strong>Maurice Dide<\/strong> et d\u2019importants r\u00e9seaux comme celui dirig\u00e9 par Albert Gu\u00e9risse alias <strong>Pat O\u2019Leary<\/strong> puis Marie-Louise Dissard connue sous le pseudonyme de <strong>Fran\u00e7oise<\/strong>. Elle en a malheureusement oubli\u00e9 d\u2019autres comme <strong>Philippe Alvarez<\/strong>.<\/p>\n<p>Membre des r\u00e9seaux Marco-Polo et Andalousie<\/p>\n<p class=\" wall-content\">Le parcours de ce r\u00e9publicain espagnol et r\u00e9sistant, l\u2019un de ses <strong>\u00ab soutiers de la gloire \u00bb<\/strong> pour reprendre l\u2019expression h\u00e9ro\u00efque de Pierre Brossolette, a \u00e9t\u00e9 r\u00e9v\u00e9l\u00e9 il y a \u00e0 peine quelques semaines par <strong>Ga\u00ebtan Blosse<\/strong>, r\u00e9f\u00e9rent r\u00e9gional m\u00e9moire Occitanie au sein de l\u2019Office national des combattants et des victimes de guerre (ONaCVG).<\/p>\n<p class=\" wall-content\">\u00ab Il y a cinq ans, en tombant sur le fonds du Service de crimes de guerre ennemis conserv\u00e9 aux Archives d\u00e9partementales de la Haute-Garonne, mon attention s\u2019\u00e9tait port\u00e9e sur une arrestation de <strong>plusieurs ressortissants espagnols<\/strong>, dont un certain Philippe Alvarez, dans le petit village commingeois de<strong> Cierp-Gaud<\/strong> le 9 juin 1944. Intrigu\u00e9, j\u2019avais poursuivi mes recherches et retrouv\u00e9 son dossier au Service historique de la D\u00e9fense de Vincennes. Il \u00e9tait mentionn\u00e9 qu\u2019il avait \u00e9t\u00e9 av\u00e9r\u00e9<strong> d\u00e9port\u00e9-r\u00e9sistant<\/strong> et qu\u2019il avait fait passer, souvent de nuit, des r\u00e9sistants fran\u00e7ais ou des r\u00e9fractaires au Service du travail obligatoire (STO) par le pic du Burat, \u00e0 plus de 2 000 m\u00e8tres d\u2019altitude \u00bb.<\/p>\n<p class=\" wall-content\">S\u2019il \u0153uvre alors pour l\u2019organisation Marco-Polo, d\u00e9pendante du BCRA, le service d\u2019actions clandestines de la France libre, il collabore aussi au sein du r\u00e9seau Andalousie et de l\u2019Arm\u00e9e Secr\u00e8te de Saint-Gaudens. Il m\u00e8ne des <strong>missions de renseignements<\/strong> sur l\u2019emplacement des troupes allemandes et des actions de propagande et de recrutement dans la r\u00e9gion de <strong>Saint-B\u00e9at<\/strong> et de <strong>Luchon<\/strong>.<\/p>\n<p>Sa m\u00e9moire enfin honor\u00e9e<\/p>\n<p class=\" wall-content\">Arr\u00eat\u00e9 par la <strong>Gestapo<\/strong> sur d\u00e9nonciation, Philippe Alvarez est intern\u00e9 \u00e0 Luchon, transf\u00e9r\u00e9 \u00e0 la <strong>prison Saint-Michel de Toulouse<\/strong> puis envoy\u00e9, le 25 juillet, \u00e0 Buchenwald.<\/p>\n<p class=\" wall-content\">Lib\u00e9r\u00e9 le 1er avril 1945, il rentre tr\u00e8s affaibli et meurt quatre ans plus tard des suites de la <strong>tuberculose<\/strong> contract\u00e9e au camp. Bien qu\u2019il soit mort pour la France et que ses enfants soient reconnus <strong>Pupilles de la Nation<\/strong>, sa m\u00e9moire n\u2019est paradoxalement pas honor\u00e9e.<\/p>\n<p>Votre r\u00e9gion, votre actu !<\/p>\n<p>Recevez chaque jour les infos qui comptent pour vous.<\/p>\n<p>\t<a href=\"https:\/\/actu.fr\/newsletter\" class=\"ac-btn ac-btn--corner ac-btn--medium ac-btn--blue800\" target=\"_blank\" rel=\"noopener\">S&rsquo;incrire<\/a><\/p>\n<p class=\" wall-content\">Plus de 70 ans apr\u00e8s sa disparition, son honneur est enfin lav\u00e9. \u00ab Notre d\u00e9marche a permis l\u2019inscription de son nom sur le monument aux morts de Cierp-Gaud (la c\u00e9r\u00e9monie ce jeudi 6 novembre), l\u2019attribution du titre de Combattant volontaire de la R\u00e9sistance \u00e0 titre posthume et l\u2019accompagnement de la famille dans la demande de la M\u00e9daille de la R\u00e9sistance fran\u00e7aise \u00bb, pr\u00e9cise Ga\u00ebtan Blosse.<\/p>\n<p class=\" wall-content\"><strong>Mathieu Arnal<\/strong><\/p>\n<p class=\" wall-content\">Personnalisez votre actualit\u00e9 en ajoutant vos villes et m\u00e9dias en favori avec <a href=\"https:\/\/moncompte.actu.fr\" title=\"D\u00e9couvez Mon Actu\" rel=\"nofollow noopener\" data-trk=\"{&quot;cta&quot;:{&quot;action&quot;:&quot;https:\\\/\\\/moncompte.actu.fr&quot;,&quot;category&quot;:&quot;mon compte&quot;,&quot;from&quot;:&quot;article footer&quot;,&quot;name&quot;:&quot;Mon actu&quot;,&quot;type&quot;:&quot;cta&quot;}}\" target=\"_blank\">Mon Actu<\/a>.<\/p>\n","protected":false},"excerpt":{"rendered":"Par R\u00e9daction de Toulouse Publi\u00e9 le 9 nov. 2025 \u00e0 15h06 Durant la Seconde Guerre mondiale, on estime&hellip;\n","protected":false},"author":2,"featured_media":522966,"comment_status":"","ping_status":"","sticky":false,"template":"","format":"standard","meta":{"footnotes":""},"categories":[2816],"tags":[1111,11,1777,674,1011,27,937,58904,12,2680,64164,25,935,2312],"class_list":{"0":"post-522965","1":"post","2":"type-post","3":"status-publish","4":"format-standard","5":"has-post-thumbnail","7":"category-toulouse","8":"tag-actu","9":"tag-actualites","10":"tag-eu","11":"tag-europe","12":"tag-fr","13":"tag-france","14":"tag-histoire","15":"tag-histoire-patrimoine","16":"tag-news","17":"tag-occitanie","18":"tag-personnages-historiques","19":"tag-republique-francaise","20":"tag-seconde-guerre-mondiale","21":"tag-toulouse"},"share_on_mastodon":{"url":"https:\/\/pubeurope.com\/@fr\/115520369164564760","error":""},"_links":{"self":[{"href":"https:\/\/www.europesays.com\/fr\/wp-json\/wp\/v2\/posts\/522965","targetHints":{"allow":["GET"]}}],"collection":[{"href":"https:\/\/www.europesays.com\/fr\/wp-json\/wp\/v2\/posts"}],"about":[{"href":"https:\/\/www.europesays.com\/fr\/wp-json\/wp\/v2\/types\/post"}],"author":[{"embeddable":true,"href":"https:\/\/www.europesays.com\/fr\/wp-json\/wp\/v2\/users\/2"}],"replies":[{"embeddable":true,"href":"https:\/\/www.europesays.com\/fr\/wp-json\/wp\/v2\/comments?post=522965"}],"version-history":[{"count":0,"href":"https:\/\/www.europesays.com\/fr\/wp-json\/wp\/v2\/posts\/522965\/revisions"}],"wp:featuredmedia":[{"embeddable":true,"href":"https:\/\/www.europesays.com\/fr\/wp-json\/wp\/v2\/media\/522966"}],"wp:attachment":[{"href":"https:\/\/www.europesays.com\/fr\/wp-json\/wp\/v2\/media?parent=522965"}],"wp:term":[{"taxonomy":"category","embeddable":true,"href":"https:\/\/www.europesays.com\/fr\/wp-json\/wp\/v2\/categories?post=522965"},{"taxonomy":"post_tag","embeddable":true,"href":"https:\/\/www.europesays.com\/fr\/wp-json\/wp\/v2\/tags?post=522965"}],"curies":[{"name":"wp","href":"https:\/\/api.w.org\/{rel}","templated":true}]}}