{"id":522968,"date":"2025-11-09T15:09:12","date_gmt":"2025-11-09T15:09:12","guid":{"rendered":"https:\/\/www.europesays.com\/fr\/522968\/"},"modified":"2025-11-09T15:09:12","modified_gmt":"2025-11-09T15:09:12","slug":"la-tournee-etonnante-de-chico-the-gypsies-passe-pres-de-lille","status":"publish","type":"post","link":"https:\/\/www.europesays.com\/fr\/522968\/","title":{"rendered":"la tourn\u00e9e \u00e9tonnante de Chico &#038; The Gypsies passe pr\u00e8s de Lille"},"content":{"rendered":"<p>            Par<br \/>\n        <strong><br \/>\n            <a href=\"https:\/\/actu.fr\/auteur\/annesophie-2\" title=\"Consulter tous les articles de Anne-Sophie Hourdeaux\" rel=\"nofollow noopener\" target=\"_blank\">Anne-Sophie Hourdeaux<\/a><br \/>\n        <\/strong><\/p>\n<p>        Publi\u00e9 le<\/p>\n<p>            9 nov. 2025 \u00e0 15h50        <\/p>\n<p><b>Les Gipsy Kings<\/b>, vous connaissez\u2009? \u00ab\u00a0<b>Bamboleo\u00a0\u00bb, \u00ab\u00a0Djobi Djoba\u00a0\u00bb ont fait danser et chanter dans les ann\u00e9es 80 et 90,<\/b> et mis la musique gitane \u00e0 la mode. Chico et les Gypsies reprennent le flambeau\u2009: il est form\u00e9 par Chico Bouchikhi, un ancien membre des Gipsy Kings. Leur tourn\u00e9e a de quoi surprendre\u2009: le groupe a choisi de se produire <b>uniquement dans les \u00e9glises<\/b>\u2009! Ils seront<b> <\/b>\u00e0 Mouscron <a href=\"https:\/\/actu.fr\/tag\/belgique\" rel=\"nofollow noopener\" target=\"_blank\">en Belgique<\/a> le 17 d\u00e9cembre et \u00e0 <a href=\"https:\/\/actu.fr\/hauts-de-france\/hazebrouck_59295\" rel=\"nofollow noopener\" target=\"_blank\">Hazebrouck<\/a> le 18 d\u00e9cembre 2025.<\/p>\n<p class=\" wall-content\">Leurs tubes et les chants sacr\u00e9s<\/p>\n<p class=\" wall-content\">\u00ab\u2009Bamboleo\u2009\u00bb dans les \u00e9glises\u2009? La pr\u00e9sence des Gypsies peut \u00e9tonner dans des \u00e9difices religieux, mais les chansons partag\u00e9es ont \u00e9t\u00e9 sp\u00e9cialement choisies pour se conformer \u00e0 l\u2019environnement sacr\u00e9 des lieux. Le r\u00e9pertoire des Gypsies est vari\u00e9, alliant grands classiques de leur carri\u00e8re aux chants sacr\u00e9s les plus \u00e9mouvants. Leur musique transcende les barri\u00e8res culturelles et religieuses.<\/p>\n<p class=\" wall-content\">Chico et les Gypsies seront en concert dans l\u2019\u00e9glise du Bon Pasteur, quartier Nouveau-Monde (rue du Nouveau Monde) de Mouscron, mercredi 17 d\u00e9cembre \u00e0 20\u2009h\u2009; et jeudi 18 d\u00e9cembre \u00e0 l\u2019\u00e9glise Saint-Eloi d\u2019Hazebrouck \u00e0 20\u2009h.<\/p>\n<p class=\" wall-content\">Les plus belles chansons de No\u00ebl seront notamment pr\u00e9sent\u00e9es au public\u2009: Un amor, Corazon gitano, Habla me, Il est n\u00e9 le divin enfant, No volvere (Amor et Mio), Historia de un amor, Madre mia, Trista pena pharaon (instrumental guitare), Jingle bells, Mourir d\u2019aimer, Ave Maria, Je suis malade, Halleluijah white Christmas, Feliz Navidad, medley Gypsies King, Bamboleo, Djobi Djoba, Volare, Douce nuit, My way\u2026<\/p>\n<p>Prix\u2009: 47 et 49\u00a0\u20ac. Placement libre. <a href=\"https:\/\/indiv.themisweb.fr\/0124\/fListeManifs.aspx?idstructure=0124\" rel=\"nofollow noopener\" target=\"_blank\">R\u00e9server en cliquant ici.<\/a><\/p>\n<p class=\" wall-content\">Personnalisez votre actualit\u00e9 en ajoutant vos villes et m\u00e9dias en favori avec <a href=\"https:\/\/moncompte.actu.fr\" title=\"D\u00e9couvez Mon Actu\" rel=\"nofollow noopener\" data-trk=\"{&quot;cta&quot;:{&quot;action&quot;:&quot;https:\\\/\\\/moncompte.actu.fr&quot;,&quot;category&quot;:&quot;mon compte&quot;,&quot;from&quot;:&quot;article footer&quot;,&quot;name&quot;:&quot;Mon actu&quot;,&quot;type&quot;:&quot;cta&quot;}}\" target=\"_blank\">Mon Actu<\/a>.<\/p>\n","protected":false},"excerpt":{"rendered":"Par Anne-Sophie Hourdeaux Publi\u00e9 le 9 nov. 2025 \u00e0 15h50 Les Gipsy Kings, vous connaissez\u2009? \u00ab\u00a0Bamboleo\u00a0\u00bb, \u00ab\u00a0Djobi Djoba\u00a0\u00bb&hellip;\n","protected":false},"author":2,"featured_media":522969,"comment_status":"","ping_status":"","sticky":false,"template":"","format":"standard","meta":{"footnotes":""},"categories":[2815],"tags":[1111,11,1697,1777,674,1011,27,811,1757,1307,1652,873,12,25],"class_list":{"0":"post-522968","1":"post","2":"type-post","3":"status-publish","4":"format-standard","5":"has-post-thumbnail","7":"category-lille","8":"tag-actu","9":"tag-actualites","10":"tag-concert","11":"tag-eu","12":"tag-europe","13":"tag-fr","14":"tag-france","15":"tag-hauts-de-france","16":"tag-insolite","17":"tag-lille","18":"tag-loisirs-culture","19":"tag-musique","20":"tag-news","21":"tag-republique-francaise"},"share_on_mastodon":{"url":"https:\/\/pubeurope.com\/@fr\/115520377055239219","error":""},"_links":{"self":[{"href":"https:\/\/www.europesays.com\/fr\/wp-json\/wp\/v2\/posts\/522968","targetHints":{"allow":["GET"]}}],"collection":[{"href":"https:\/\/www.europesays.com\/fr\/wp-json\/wp\/v2\/posts"}],"about":[{"href":"https:\/\/www.europesays.com\/fr\/wp-json\/wp\/v2\/types\/post"}],"author":[{"embeddable":true,"href":"https:\/\/www.europesays.com\/fr\/wp-json\/wp\/v2\/users\/2"}],"replies":[{"embeddable":true,"href":"https:\/\/www.europesays.com\/fr\/wp-json\/wp\/v2\/comments?post=522968"}],"version-history":[{"count":0,"href":"https:\/\/www.europesays.com\/fr\/wp-json\/wp\/v2\/posts\/522968\/revisions"}],"wp:featuredmedia":[{"embeddable":true,"href":"https:\/\/www.europesays.com\/fr\/wp-json\/wp\/v2\/media\/522969"}],"wp:attachment":[{"href":"https:\/\/www.europesays.com\/fr\/wp-json\/wp\/v2\/media?parent=522968"}],"wp:term":[{"taxonomy":"category","embeddable":true,"href":"https:\/\/www.europesays.com\/fr\/wp-json\/wp\/v2\/categories?post=522968"},{"taxonomy":"post_tag","embeddable":true,"href":"https:\/\/www.europesays.com\/fr\/wp-json\/wp\/v2\/tags?post=522968"}],"curies":[{"name":"wp","href":"https:\/\/api.w.org\/{rel}","templated":true}]}}