{"id":522978,"date":"2025-11-09T15:14:15","date_gmt":"2025-11-09T15:14:15","guid":{"rendered":"https:\/\/www.europesays.com\/fr\/522978\/"},"modified":"2025-11-09T15:14:15","modified_gmt":"2025-11-09T15:14:15","slug":"transports-a-cause-de-labsence-dun-agent-sncf-aucun-train-ne-circule-ce-dimanche-entre-lyon-et-roanne","status":"publish","type":"post","link":"https:\/\/www.europesays.com\/fr\/522978\/","title":{"rendered":"Transports. \u00c0 cause de l&rsquo;absence d&rsquo;un agent SNCF, aucun train ne circule ce dimanche entre Lyon et Roanne"},"content":{"rendered":"<p>Et rebelote\u2026 Alors que le trafic \u00e9tait interrompu entre Roanne et Lyon le week-end dernier pour cause de travaux sur le poste d\u2019aiguillage de Roanne, il l\u2019est de nouveau ce dimanche.<\/p>\n<p>Depuis 13\u00a0heures et jusqu\u2019\u00e0 18\u00a0heures, le trafic est interrompu dans les deux sens. En cause, l\u2019absence d\u2019un agent au poste de Roanne. Une absence de derni\u00e8re minute qui n\u2019a pas permis \u00e0 la SCNF de trouver un rempla\u00e7ant. En attendant la reprise du trafic, des cars de remplacement ont \u00e9t\u00e9 mis en circulation.<\/p>\n<p>Ce contenu est bloqu\u00e9 car vous n&rsquo;avez pas accept\u00e9 les cookies et autres traceurs.<\/p>\n<p>En cliquant sur \u00ab J\u2019accepte \u00bb, les cookies et autres traceurs seront d\u00e9pos\u00e9s et vous pourrez visualiser les contenus  (<a href=\"\" class=\"consentModule_policy\" target=\"_blank\" title=\"Consulter la politique de protection des donn\u00e9es du fournisseur\">plus d&rsquo;informations<\/a>).<\/p>\n<p>En cliquant sur \u00ab J\u2019accepte tous les cookies \u00bb, vous autorisez des d\u00e9p\u00f4ts de cookies et autres traceurs pour le stockage de vos donn\u00e9es sur nos sites et applications \u00e0 des fins de personnalisation et de ciblage publicitaire.<\/p>\n<p class=\"consentModule_secondaryText\">Vous gardez la possibilit\u00e9 de retirer votre consentement \u00e0 tout moment en consultant notre <a href=\"https:\/\/www.leprogres.fr\/protection-des-donnees\" target=\"_blank\" title=\"Consulter notre politique de protection des donn\u00e9es\" rel=\"noopener\">politique de protection des donn\u00e9es<\/a>. <br \/>&#13;<br \/>\n            <a href=\"https:\/\/www.leprogres.fr\/transport\/2025\/11\/09\/javascript:Didomi.notice.show()\" class=\"consentModule_cmp\" target=\"_blank\" rel=\"noopener\">G\u00e9rer mes choix<\/a>&#13;\n        <\/p>\n<p>&#13;<br \/>\n                        J&rsquo;accepte&#13;<br \/>\n            J&rsquo;accepte tous les cookies&#13;\n        <\/p>\n<p>Selon un collectif d\u2019usagers de la ligne, le premier a pris le d\u00e9part de Roanne en direction de Lyon aux alentours de 15\u00a0heures.<\/p>\n","protected":false},"excerpt":{"rendered":"Et rebelote\u2026 Alors que le trafic \u00e9tait interrompu entre Roanne et Lyon le week-end dernier pour cause de&hellip;\n","protected":false},"author":2,"featured_media":522979,"comment_status":"","ping_status":"","sticky":false,"template":"","format":"standard","meta":{"footnotes":""},"categories":[1889],"tags":[1111,11,2430,3542,16734,2757,1777,674,107,1011,27,3367,2428,12,25,2429,9838,20195,2803],"class_list":{"0":"post-522978","1":"post","2":"type-post","3":"status-publish","4":"format-standard","5":"has-post-thumbnail","7":"category-lyon","8":"tag-actu","9":"tag-actualites","10":"tag-auvergne-rhone-alpes","11":"tag-circulation","12":"tag-edition-loire-nord","13":"tag-edition-lyon-villeurbanne","14":"tag-eu","15":"tag-europe","16":"tag-fil-info","17":"tag-fr","18":"tag-france","19":"tag-loire","20":"tag-lyon","21":"tag-news","22":"tag-republique-francaise","23":"tag-rhone","24":"tag-roanne","25":"tag-roanne-ville","26":"tag-transport"},"share_on_mastodon":{"url":"https:\/\/pubeurope.com\/@fr\/115520396554041097","error":""},"_links":{"self":[{"href":"https:\/\/www.europesays.com\/fr\/wp-json\/wp\/v2\/posts\/522978","targetHints":{"allow":["GET"]}}],"collection":[{"href":"https:\/\/www.europesays.com\/fr\/wp-json\/wp\/v2\/posts"}],"about":[{"href":"https:\/\/www.europesays.com\/fr\/wp-json\/wp\/v2\/types\/post"}],"author":[{"embeddable":true,"href":"https:\/\/www.europesays.com\/fr\/wp-json\/wp\/v2\/users\/2"}],"replies":[{"embeddable":true,"href":"https:\/\/www.europesays.com\/fr\/wp-json\/wp\/v2\/comments?post=522978"}],"version-history":[{"count":0,"href":"https:\/\/www.europesays.com\/fr\/wp-json\/wp\/v2\/posts\/522978\/revisions"}],"wp:featuredmedia":[{"embeddable":true,"href":"https:\/\/www.europesays.com\/fr\/wp-json\/wp\/v2\/media\/522979"}],"wp:attachment":[{"href":"https:\/\/www.europesays.com\/fr\/wp-json\/wp\/v2\/media?parent=522978"}],"wp:term":[{"taxonomy":"category","embeddable":true,"href":"https:\/\/www.europesays.com\/fr\/wp-json\/wp\/v2\/categories?post=522978"},{"taxonomy":"post_tag","embeddable":true,"href":"https:\/\/www.europesays.com\/fr\/wp-json\/wp\/v2\/tags?post=522978"}],"curies":[{"name":"wp","href":"https:\/\/api.w.org\/{rel}","templated":true}]}}