{"id":522996,"date":"2025-11-09T15:24:17","date_gmt":"2025-11-09T15:24:17","guid":{"rendered":"https:\/\/www.europesays.com\/fr\/522996\/"},"modified":"2025-11-09T15:24:17","modified_gmt":"2025-11-09T15:24:17","slug":"royaume-uni-charles-iii-mene-les-traditionnelles-commemorations-pour-les-soldats-morts-au-combat-photos","status":"publish","type":"post","link":"https:\/\/www.europesays.com\/fr\/522996\/","title":{"rendered":"Royaume-Uni: Charles III m\u00e8ne les traditionnelles comm\u00e9morations pour les soldats morts au combat (photos)"},"content":{"rendered":"<p class=\"ap-StoryElement ap-StoryElement--mb ap-StoryText\">La reine Camilla et la princesse Kate, v\u00eatues de noir, ont assist\u00e9 \u00e0 cette c\u00e9r\u00e9monie du \u00ab\u00a0Remembrance Sunday\u00a0\u00bb (\u00ab\u00a0Dimanche du souvenir\u00a0\u00bb) depuis un balcon du minist\u00e8re des Affaires \u00e9trang\u00e8res situ\u00e9 en face du m\u00e9morial, en compagnie d&rsquo;autres membres de la famille royale.<\/p>\n<p class=\"ap-StoryElement ap-StoryElement--mb ap-StoryText\">Comme c&rsquo;est le cas depuis plusieurs ann\u00e9es, l&rsquo;ex-prince Andrew \u00e9tait absent. D\u00e9j\u00e0 mis \u00e0 l&rsquo;\u00e9cart depuis 2019 en raison de ses liens avec l&rsquo;ancien criminel sexuel Jeffrey Epstein, le fr\u00e8re du roi a <a href=\"https:\/\/www.lavenir.net\/actu\/monde\/2025\/10\/30\/affaire-epstein-le-roi-charles-iii-a-lance-un-processus-formel-pour-retirer-ses-titres-au-prince-andrew-6WM5ASVEVJBNVOU3K6GYWZH5X4\/\" target=\"_self\" rel=\"noopener\">r\u00e9cemment \u00e9t\u00e9 d\u00e9chu de l&rsquo;ensemble de ses titres<\/a> et somm\u00e9 de quitter sa luxueuse demeure de Royal Lodge.<\/p>\n<p class=\"ap-StoryElement ap-StoryElement--mb ap-StoryText\">Le prince Harry, qui a rompu avec la famille royale et d\u00e9m\u00e9nag\u00e9 avec son \u00e9pouse Meghan aux \u00c9tats-Unis en 2020, \u00e9tait \u00e9galement absent.<\/p>\n<p class=\"ap-StoryElement ap-StoryElement--mb ap-StoryText\">Le \u00ab\u00a0Remembrance Sunday\u00a0\u00bb est organis\u00e9 le dimanche le plus proche du 11 novembre, qui c\u00e9l\u00e8bre l&rsquo;armistice sign\u00e9 en 1918 entre l&rsquo;Allemagne et les Alli\u00e9s.<\/p>\n","protected":false},"excerpt":{"rendered":"La reine Camilla et la princesse Kate, v\u00eatues de noir, ont assist\u00e9 \u00e0 cette c\u00e9r\u00e9monie du \u00ab\u00a0Remembrance Sunday\u00a0\u00bb&hellip;\n","protected":false},"author":2,"featured_media":522997,"comment_status":"","ping_status":"","sticky":false,"template":"","format":"standard","meta":{"footnotes":""},"categories":[1588],"tags":[11,2120,1777,674,937,12,473,1853,971,1851,1850,1852],"class_list":{"0":"post-522996","1":"post","2":"type-post","3":"status-publish","4":"format-standard","5":"has-post-thumbnail","7":"category-royaume-uni","8":"tag-actualites","9":"tag-conflit","10":"tag-eu","11":"tag-europe","12":"tag-histoire","13":"tag-news","14":"tag-royaume-uni","15":"tag-royaume-uni-de-grande-bretagne-et-dirlande-du-nord","16":"tag-royaute","17":"tag-uk","18":"tag-united-kingdom","19":"tag-united-kingdom-of-great-britain-and-northern-ireland"},"share_on_mastodon":{"url":"https:\/\/pubeurope.com\/@fr\/115520435968379104","error":""},"_links":{"self":[{"href":"https:\/\/www.europesays.com\/fr\/wp-json\/wp\/v2\/posts\/522996","targetHints":{"allow":["GET"]}}],"collection":[{"href":"https:\/\/www.europesays.com\/fr\/wp-json\/wp\/v2\/posts"}],"about":[{"href":"https:\/\/www.europesays.com\/fr\/wp-json\/wp\/v2\/types\/post"}],"author":[{"embeddable":true,"href":"https:\/\/www.europesays.com\/fr\/wp-json\/wp\/v2\/users\/2"}],"replies":[{"embeddable":true,"href":"https:\/\/www.europesays.com\/fr\/wp-json\/wp\/v2\/comments?post=522996"}],"version-history":[{"count":0,"href":"https:\/\/www.europesays.com\/fr\/wp-json\/wp\/v2\/posts\/522996\/revisions"}],"wp:featuredmedia":[{"embeddable":true,"href":"https:\/\/www.europesays.com\/fr\/wp-json\/wp\/v2\/media\/522997"}],"wp:attachment":[{"href":"https:\/\/www.europesays.com\/fr\/wp-json\/wp\/v2\/media?parent=522996"}],"wp:term":[{"taxonomy":"category","embeddable":true,"href":"https:\/\/www.europesays.com\/fr\/wp-json\/wp\/v2\/categories?post=522996"},{"taxonomy":"post_tag","embeddable":true,"href":"https:\/\/www.europesays.com\/fr\/wp-json\/wp\/v2\/tags?post=522996"}],"curies":[{"name":"wp","href":"https:\/\/api.w.org\/{rel}","templated":true}]}}