{"id":523000,"date":"2025-11-09T15:26:17","date_gmt":"2025-11-09T15:26:17","guid":{"rendered":"https:\/\/www.europesays.com\/fr\/523000\/"},"modified":"2025-11-09T15:26:17","modified_gmt":"2025-11-09T15:26:17","slug":"cyclo-cross-cyclo-cross-championnats-deurope-toon-aerts-bat-thibau-nys-triple-belge-une-course-folle","status":"publish","type":"post","link":"https:\/\/www.europesays.com\/fr\/523000\/","title":{"rendered":"Cyclo-cross. Cyclo-cross. Championnats d&rsquo;Europe &#8211; Toon Aerts bat Thibau Nys&#8230; tripl\u00e9 belge, une course folle"},"content":{"rendered":"<p><strong>Toon Aerts<\/strong> (32 ans) a remport\u00e9 les <strong><a href=\"https:\/\/www.cyclismactu.net\/..\/news-cyclo-cross-championnats-d-europe-les-francaises-gery-et-muller-battues-par-leonie-bentveld-90912.html\" target=\"_blank\" rel=\"noopener\">Championnats d\u2019Europe<\/a> <\/strong>2025 chez les Elites Hommes ce dimanche. Neuf ans apr\u00e8s son titre  europ\u00e9en, le coureur belge a de nouveau conquis la banni\u00e8re \u00e9toil\u00e9e \u00e0 <strong>Middelkerke<\/strong> (Belgique). Dans une course folle et \u00e0 suspense, <strong>Aerts<\/strong> s\u2019est impos\u00e9 au sprint face \u00e0 <strong>Thibau Nys<\/strong>, le champion d\u2019Europe sortant. <strong>Joran Wyseure<\/strong> s\u2019est class\u00e9 3e pour un podium 100% belge. Pour rappel, <strong>Toon Aerts<\/strong> avait \u00e9t\u00e9 suspendu pour dopage entre 2022 et 2024, il s&rsquo;agit l\u00e0 de son meilleur r\u00e9sultat depuis son retour.<\/p>\n<p>Vid\u00e9o &#8211; Inge Van der Heijden s&rsquo;est impos\u00e9e chez les \u00c9lites Femmes Lire la suite de l&rsquo;article&#13;<\/p>\n<p>\u00a0<\/p>\n<p>&#13;<br \/>\nLe r\u00e9sum\u00e9&#13;<\/p>\n<p>Le premier tour s\u2019est d\u00e9roul\u00e9 en peloton compact, marqu\u00e9 par une lutte pour les premi\u00e8res positions entre Belges et N\u00e9erlandais. D\u00e8s le deuxi\u00e8me tour, <strong>Michael Vanthourenhout<\/strong> a lanc\u00e9 la premi\u00e8re offensive en profitant du passage sur la plage, acc\u00e9l\u00e9rant sur la zone humide et tass\u00e9e avant la portion de course \u00e0 pied. Toutefois, <strong>Ronhaar<\/strong>, <strong>Nys<\/strong>, <strong>Wyseure<\/strong>, <strong>Nieuwenhuis<\/strong>, <strong>Aerts <\/strong>et <strong>Hendrikx <\/strong>sont progressivement revenus sur lui. Dans le troisi\u00e8me tour, <strong>Toon Aerts<\/strong> a pris les commandes, mais les N\u00e9erlandais ont imm\u00e9diatement r\u00e9pliqu\u00e9. L\u2019effort lui a co\u00fbt\u00e9, et il a perdu le contact avec le groupe de t\u00eate au tour suivant. Les deux Fran\u00e7ais, <strong>David Menut<\/strong> et<strong> Th\u00e9o Thomas<\/strong>, \u00e9voluaient au-del\u00e0 de la quinzi\u00e8me place.<\/p>\n<p>&#13;<\/p>\n<p>Au quatri\u00e8me tour, <strong>Nys<\/strong>, <strong>Vanthourenhout<\/strong>, <strong>Ronhaar <\/strong>et <strong>Wyseure <\/strong>ont r\u00e9ussi \u00e0 cr\u00e9er un premier \u00e9cart. <strong>Ronhaar <\/strong>a alors tent\u00e9 de faire la diff\u00e9rence dans les dunes, mais <strong>Thibau Nys<\/strong> a combl\u00e9 l\u2019\u00e9cart, ramenant le groupe.<strong> Toon Aerts<\/strong>, lui, est parvenu \u00e0 revenir en t\u00eate au milieu du cinqui\u00e8me tour. Profitant d\u2019un moment de temporisation,<strong> Cameron Mason<\/strong> a pu r\u00e9int\u00e9grer le groupe de t\u00eate dans l\u2019avant-dernier tour, alors que <strong>Vanthourenhout <\/strong>c\u00e9dait compl\u00e8tement. Dans les ultimes dunes, les efforts de <strong>Ronhaar <\/strong>se sont faits sentir. <strong>Aerts <\/strong>et <strong>Nys <\/strong>ont pris l\u2019avantage, et dans la derni\u00e8re ligne droite,<strong> Toon Aerts<\/strong> s\u2019est montr\u00e9 le plus rapide. <strong>Thibau Nys <\/strong>a pris la deuxi\u00e8me place, tandis que <strong>Joren Wyseure <\/strong>a compl\u00e9t\u00e9 le podium, devant <strong>Pim Ronhaar<\/strong> et <strong>Cameron Mason<\/strong>.<\/p>\n","protected":false},"excerpt":{"rendered":"Toon Aerts (32 ans) a remport\u00e9 les Championnats d\u2019Europe 2025 chez les Elites Hommes ce dimanche. Neuf ans&hellip;\n","protected":false},"author":2,"featured_media":523001,"comment_status":"","ping_status":"","sticky":false,"template":"","format":"standard","meta":{"footnotes":""},"categories":[1586],"tags":[11,34841,207,59294,1777,674,1011,27,12,25,208],"class_list":{"0":"post-523000","1":"post","2":"type-post","3":"status-publish","4":"format-standard","5":"has-post-thumbnail","7":"category-europe","8":"tag-actualites","9":"tag-championnats-d","10":"tag-cyclisme","11":"tag-cyclo-cross","12":"tag-eu","13":"tag-europe","14":"tag-fr","15":"tag-france","16":"tag-news","17":"tag-republique-francaise","18":"tag-velo"},"share_on_mastodon":{"url":"https:\/\/pubeurope.com\/@fr\/115520443791018874","error":""},"_links":{"self":[{"href":"https:\/\/www.europesays.com\/fr\/wp-json\/wp\/v2\/posts\/523000","targetHints":{"allow":["GET"]}}],"collection":[{"href":"https:\/\/www.europesays.com\/fr\/wp-json\/wp\/v2\/posts"}],"about":[{"href":"https:\/\/www.europesays.com\/fr\/wp-json\/wp\/v2\/types\/post"}],"author":[{"embeddable":true,"href":"https:\/\/www.europesays.com\/fr\/wp-json\/wp\/v2\/users\/2"}],"replies":[{"embeddable":true,"href":"https:\/\/www.europesays.com\/fr\/wp-json\/wp\/v2\/comments?post=523000"}],"version-history":[{"count":0,"href":"https:\/\/www.europesays.com\/fr\/wp-json\/wp\/v2\/posts\/523000\/revisions"}],"wp:featuredmedia":[{"embeddable":true,"href":"https:\/\/www.europesays.com\/fr\/wp-json\/wp\/v2\/media\/523001"}],"wp:attachment":[{"href":"https:\/\/www.europesays.com\/fr\/wp-json\/wp\/v2\/media?parent=523000"}],"wp:term":[{"taxonomy":"category","embeddable":true,"href":"https:\/\/www.europesays.com\/fr\/wp-json\/wp\/v2\/categories?post=523000"},{"taxonomy":"post_tag","embeddable":true,"href":"https:\/\/www.europesays.com\/fr\/wp-json\/wp\/v2\/tags?post=523000"}],"curies":[{"name":"wp","href":"https:\/\/api.w.org\/{rel}","templated":true}]}}