{"id":523016,"date":"2025-11-09T15:34:15","date_gmt":"2025-11-09T15:34:15","guid":{"rendered":"https:\/\/www.europesays.com\/fr\/523016\/"},"modified":"2025-11-09T15:34:15","modified_gmt":"2025-11-09T15:34:15","slug":"la-lutte-pour-la-8e-place-a-la-race-se-joue-a-moins-de-50-points-pour-la-deuxieme-annee-consecutive","status":"publish","type":"post","link":"https:\/\/www.europesays.com\/fr\/523016\/","title":{"rendered":"La lutte pour la 8e place \u00e0 la Race se joue \u00e0 moins de 50 points pour la deuxi\u00e8me ann\u00e9e cons\u00e9cutive"},"content":{"rendered":"<p>                <img decoding=\"async\" src=\"https:\/\/www.europesays.com\/fr\/wp-content\/uploads\/2025\/11\/vUUm.jpg\" fetchpriority=\"high\" alt=\"La lutte pour la 8e place \u00e0 la Race se joue \u00e0 moins de 50 points pour la deuxi\u00e8me ann\u00e9e cons\u00e9cutive\"\/><\/p>\n<p>Il a fallu attendre l\u2019ultime semaine du calendrier ATP avec les tournois de Metz et Ath\u00e8nes pour conna\u00eetre l\u2019identit\u00e9 de la 8e personne \u00e0 la Race, synonyme de derni\u00e8re place pour les ATP Finals.<\/p>\n<p>Alors que Lorenzo Musetti devait remporter le titre dans la capitale grecque pour pouvoir se qualifier, l\u2019Italien a \u00e9chou\u00e9 en finale, signifiant la qualification de Felix Auger-Aliassime \u00e0 sa place, gr\u00e2ce \u00e0 un \u00e9cart de seulement 45 points.<\/p>\n<p>Un \u00e9cart minime, mais pourtant sup\u00e9rieur \u00e0 celui de l\u2019an dernier entre les 8e et 9e au classement : Andrey Rublev s\u2019emparait de la 8e place en 2024 pour 15 points devant Alex de Minaur.<\/p>\n<p>Cependant, gr\u00e2ce au forfait de Novak Djokovic aux \u00e9ditions 2024 et 2025 des ATP Finals, cette 9e place au classement de la Race garantissait malgr\u00e9 tout une place \u00e0 Turin.<\/p>\n","protected":false},"excerpt":{"rendered":"Il a fallu attendre l\u2019ultime semaine du calendrier ATP avec les tournois de Metz et Ath\u00e8nes pour conna\u00eetre&hellip;\n","protected":false},"author":2,"featured_media":523017,"comment_status":"","ping_status":"","sticky":false,"template":"","format":"standard","meta":{"footnotes":""},"categories":[1415],"tags":[1011,27,60,1467],"class_list":{"0":"post-523016","1":"post","2":"type-post","3":"status-publish","4":"format-standard","5":"has-post-thumbnail","7":"category-tennis","8":"tag-fr","9":"tag-france","10":"tag-sports","11":"tag-tennis"},"share_on_mastodon":{"url":"https:\/\/pubeurope.com\/@fr\/115520476049613508","error":""},"_links":{"self":[{"href":"https:\/\/www.europesays.com\/fr\/wp-json\/wp\/v2\/posts\/523016","targetHints":{"allow":["GET"]}}],"collection":[{"href":"https:\/\/www.europesays.com\/fr\/wp-json\/wp\/v2\/posts"}],"about":[{"href":"https:\/\/www.europesays.com\/fr\/wp-json\/wp\/v2\/types\/post"}],"author":[{"embeddable":true,"href":"https:\/\/www.europesays.com\/fr\/wp-json\/wp\/v2\/users\/2"}],"replies":[{"embeddable":true,"href":"https:\/\/www.europesays.com\/fr\/wp-json\/wp\/v2\/comments?post=523016"}],"version-history":[{"count":0,"href":"https:\/\/www.europesays.com\/fr\/wp-json\/wp\/v2\/posts\/523016\/revisions"}],"wp:featuredmedia":[{"embeddable":true,"href":"https:\/\/www.europesays.com\/fr\/wp-json\/wp\/v2\/media\/523017"}],"wp:attachment":[{"href":"https:\/\/www.europesays.com\/fr\/wp-json\/wp\/v2\/media?parent=523016"}],"wp:term":[{"taxonomy":"category","embeddable":true,"href":"https:\/\/www.europesays.com\/fr\/wp-json\/wp\/v2\/categories?post=523016"},{"taxonomy":"post_tag","embeddable":true,"href":"https:\/\/www.europesays.com\/fr\/wp-json\/wp\/v2\/tags?post=523016"}],"curies":[{"name":"wp","href":"https:\/\/api.w.org\/{rel}","templated":true}]}}