{"id":523018,"date":"2025-11-09T15:38:17","date_gmt":"2025-11-09T15:38:17","guid":{"rendered":"https:\/\/www.europesays.com\/fr\/523018\/"},"modified":"2025-11-09T15:38:17","modified_gmt":"2025-11-09T15:38:17","slug":"celia-gery-diminuee-dominee-mais-medaillee-actualite","status":"publish","type":"post","link":"https:\/\/www.europesays.com\/fr\/523018\/","title":{"rendered":"C\u00e9lia Gery, diminu\u00e9e, domin\u00e9e, mais m\u00e9daill\u00e9e &#8211; Actualit\u00e9"},"content":{"rendered":"<p style=\"text-align: justify;\">Un an apr\u00e8s son sacre europ\u00e9en, C\u00e9lia Gery ne peut pas se satisfaire d\u2019une m\u00e9daille d\u2019argent. \u201cJe n&rsquo;\u00e9tais pas venue pour ce r\u00e9sultat, mais c&rsquo;est comme \u00e7a\u201d, confie-t-elle \u00e0 DirectVelo, apr\u00e8s avoir fini 2e ce dimanche du Championnat d\u2019Europe Espoirs Femmes dans le sable de Middelkerke (Belgique).<\/p>\n<p>Le secret avait \u00e9t\u00e9 bien gard\u00e9 mais sa pr\u00e9sence sur la course au maillot \u00e9toil\u00e9 \u00e9tait incertaine encore quelques heures avant la course. L\u2019Ard\u00e9choise est en effet g\u00ean\u00e9e par une douleur au dos, cons\u00e9cutive \u00e0 une chute survenue il y a quelques jours. \u201cOn s\u2019est pos\u00e9 la question de sa pr\u00e9sence, reconna\u00eet le s\u00e9lectionneur Fran\u00e7ois Trarieux. On ne peut pas jouer avec la sant\u00e9 des athl\u00e8tes. Au dernier moment, elle a fait le choix d\u2019essayer\u201d. Et de donner ce qu\u2019elle pouvait malgr\u00e9 un moral forc\u00e9ment atteint pour celle qui avait impressionn\u00e9 une semaine plus t\u00f4t en finissant 2e, avec les \u00c9lites, sur le Koppenbergcross. \u201cJ&rsquo;ai fait de mon mieux. J&rsquo;ai essay\u00e9 de me mettre dans ma course. C&rsquo;\u00e9tait assez sp\u00e9cial avec le sable, il fallait \u00eatre bien concentr\u00e9e\u201d.<\/p>\n<p><strong>\u00ab \u00c7A RESTE UNE GRANDE CHAMPIONNE \u00bb<\/strong><\/p>\n<p>D\u00e8s le premier tour, la Fran\u00e7aise a \u00e9t\u00e9 domin\u00e9e par la N\u00e9erlandaise Leonie Bentveld. \u201cC\u2019\u00e9tait la favorite avec C\u00e9lia. Elle avait termin\u00e9 devant au dernier Championnat du Monde. C\u00e9lia \u00e9tait au Rwanda il y a peu, elle a repris tard le cyclo-cross et a cette petite douleur au dos. Elle est diminu\u00e9e mais Leonie a domin\u00e9 la course de la t\u00eate et des \u00e9paules. C\u2019est une belle Championne d\u2019Europe\u201d, estime Fran\u00e7ois Trarieux. \u201cElle \u00e9tait plus forte aujourd\u2019hui\u201d, r\u00e9sume C\u00e9lia Gery, <strong><a href=\"https:\/\/www.directvelo.com\/actualite\/125204\/cc-championnat-deurope-u23-femmes-classement\" target=\"_blank\" rel=\"noopener\">arriv\u00e9e plus d\u2019une minute derri\u00e8re son adversaire<\/a><\/strong>.<\/p>\n<p>Elle repart de Belgique avec la breloque\u00a0d\u2019argent, sa compatriote Amandine Muller avec le bronze. \u201cIl faut savourer ces deux places sur le podium. Je suis tr\u00e8s satisfait de ce r\u00e9sultat\u201d, assure Fran\u00e7ois Trarieux. Le s\u00e9lectionneur tient \u00e0 rappeler que C\u00e9lia Gery ne peut pas gagner toutes les courses o\u00f9 elle est engag\u00e9e. \u201cIl faut laisser le temps aux filles de se d\u00e9velopper, m\u00eame si on est habitu\u00e9 \u00e0 voir C\u00e9lia gagner des titres. Il faut que les gens se pr\u00e9parent \u00e0 ne pas la voir gagner tout le temps m\u00eame si on aimerait bien, sourit-il. \u00c7a reste une grande Championne&#8230; en devenir\u201d. Elle aura l\u2019occasion de le prouver tout au long des prochains mois dans les sous-bois. \u201cL\u2019objectif principal, c\u2019est le Mondial\u201d, rappelle C\u00e9lia Gery.<\/p>\n","protected":false},"excerpt":{"rendered":"Un an apr\u00e8s son sacre europ\u00e9en, C\u00e9lia Gery ne peut pas se satisfaire d\u2019une m\u00e9daille d\u2019argent. \u201cJe n&rsquo;\u00e9tais&hellip;\n","protected":false},"author":2,"featured_media":523019,"comment_status":"","ping_status":"","sticky":false,"template":"","format":"standard","meta":{"footnotes":""},"categories":[1411],"tags":[834,828,836,829,837,827,83,826,824,823,1154,207,814,817,815,816,822,821,832,211,839,1011,27,820,818,819,835,831,830,833,838,60,212,208,825],"class_list":{"0":"post-523018","1":"post","2":"type-post","3":"status-publish","4":"format-standard","5":"has-post-thumbnail","7":"category-cyclisme","8":"tag-attaque","9":"tag-belgique","10":"tag-braquet","11":"tag-bretagne","12":"tag-chute","13":"tag-competition","14":"tag-coupe-de-france","15":"tag-coureur","16":"tag-course-cyclisme","17":"tag-course-cycliste","18":"tag-cycling","19":"tag-cyclisme","20":"tag-direct","21":"tag-direct-velo","22":"tag-directvelo","23":"tag-directvelo-com","24":"tag-epreuve","25":"tag-epreuve-cycliste","26":"tag-federation-francaise-de-cyclisme","27":"tag-ffc","28":"tag-flandres","29":"tag-fr","30":"tag-france","31":"tag-live","32":"tag-live-course","33":"tag-live-epreuve","34":"tag-peloton","35":"tag-radio-peloton","36":"tag-radio-tour","37":"tag-ravitaillement","38":"tag-relance","39":"tag-sports","40":"tag-uci","41":"tag-velo","42":"tag-velos"},"share_on_mastodon":{"url":"https:\/\/pubeurope.com\/@fr\/115520491079652768","error":""},"_links":{"self":[{"href":"https:\/\/www.europesays.com\/fr\/wp-json\/wp\/v2\/posts\/523018","targetHints":{"allow":["GET"]}}],"collection":[{"href":"https:\/\/www.europesays.com\/fr\/wp-json\/wp\/v2\/posts"}],"about":[{"href":"https:\/\/www.europesays.com\/fr\/wp-json\/wp\/v2\/types\/post"}],"author":[{"embeddable":true,"href":"https:\/\/www.europesays.com\/fr\/wp-json\/wp\/v2\/users\/2"}],"replies":[{"embeddable":true,"href":"https:\/\/www.europesays.com\/fr\/wp-json\/wp\/v2\/comments?post=523018"}],"version-history":[{"count":0,"href":"https:\/\/www.europesays.com\/fr\/wp-json\/wp\/v2\/posts\/523018\/revisions"}],"wp:featuredmedia":[{"embeddable":true,"href":"https:\/\/www.europesays.com\/fr\/wp-json\/wp\/v2\/media\/523019"}],"wp:attachment":[{"href":"https:\/\/www.europesays.com\/fr\/wp-json\/wp\/v2\/media?parent=523018"}],"wp:term":[{"taxonomy":"category","embeddable":true,"href":"https:\/\/www.europesays.com\/fr\/wp-json\/wp\/v2\/categories?post=523018"},{"taxonomy":"post_tag","embeddable":true,"href":"https:\/\/www.europesays.com\/fr\/wp-json\/wp\/v2\/tags?post=523018"}],"curies":[{"name":"wp","href":"https:\/\/api.w.org\/{rel}","templated":true}]}}