{"id":523022,"date":"2025-11-09T15:40:11","date_gmt":"2025-11-09T15:40:11","guid":{"rendered":"https:\/\/www.europesays.com\/fr\/523022\/"},"modified":"2025-11-09T15:40:11","modified_gmt":"2025-11-09T15:40:11","slug":"charles-iii-ce-signe-fort-dunite-de-la-famille-royale-en-pleine-tourmente","status":"publish","type":"post","link":"https:\/\/www.europesays.com\/fr\/523022\/","title":{"rendered":"Charles III : ce signe fort d\u2019unit\u00e9 de la famille royale en pleine tourmente"},"content":{"rendered":"<p id=\"mntl-sc-block_4-0\" class=\"comp mntl-sc-block mntl-sc-block-html\">Le dimanche 9 novembre<br \/>\n2025, le roi Charles III a rejoint les autres membres de la famille<br \/>\nroyale britannique au c\u00e9notaphe de Londres pour le traditionnel<br \/>\ndimanche du Souvenir. Pour rappel, <strong>le c\u00e9notaphe est le<br \/>\nmonument aux morts de la capitale britannique<\/strong>. <a href=\"https:\/\/www.telestar.fr\/people\/charles-iii-et-camilla-en-france-les-plus-beaux-moments-de-tele-de-leur-premiere-838604\" rel=\"nofollow noopener\" target=\"_blank\"><br \/>\nLa reine consort Camilla Parker Bowles<\/a>\u00a0\u00e9tait ainsi<br \/>\npr\u00e9sente sur place. Tout comme le\u00a0prince William et son<br \/>\n\u00e9pouse, la princesse Kate Middleton.<\/p>\n<p>Pour m\u00e9moire, le dimanche du Souvenir est une journ\u00e9e de<br \/>\ncomm\u00e9moration au Royaume-Uni. Durant celle-ci, les Britanniques<br \/>\nsaluent <strong>la contribution des militaires et des civils du<br \/>\nCommonwealth aux deux guerres mondiales<\/strong>. Mais aussi aux<br \/>\nconflits ult\u00e9rieurs.<br \/>\nCet \u00e9v\u00e8nement, tr\u00e8s important outre-Manche, a g\u00e9n\u00e9ralement lieu le<br \/>\ndeuxi\u00e8me dimanche du mois de novembre chaque ann\u00e9e.<\/p>\n<p>La famille royale s\u00a0\u00bbest<br \/>\nr\u00e9unie pour la premi\u00e8re fois depuis que le roi Charles III a<br \/>\nofficiellement d\u00e9chu le prince Andrew de ses titres royaux<\/p>\n<p id=\"mntl-sc-block_6-0\" class=\"comp mntl-sc-block mntl-sc-block-html\">Ce jour-l\u00e0, <strong>le roi<br \/>\nCharles III est apparu \u00e0 la t\u00eate d&rsquo;un cort\u00e8ge<\/strong> o\u00f9<br \/>\nfiguraient le prince William et le prince Edward, duc d&rsquo;\u00c9dimbourg.<br \/>\n\u00c0 11 heures, Big Ben a sonn\u00e9, marquant le d\u00e9but des deux minutes de<br \/>\nsilence.\u00a0Ce rassemblement marque la premi\u00e8re r\u00e9union publique<br \/>\nde la famille royale depuis que le souverain britannique a <a href=\"https:\/\/www.closermag.fr\/royautes\/andrew-perd-son-titre-de-prince-plus-seul-que-jamais-le-frere-de-charles-iii-na-plus-personne-vers-qui-se-tourner-3591447\" rel=\"nofollow noopener\" target=\"_blank\"><br \/>\nofficiellement d\u00e9chu son fr\u00e8re cadet de ses titres royaux.<\/a><\/p>\n<p class=\"comp mntl-sc-block mntl-sc-block-html\">Pour rappel, le<br \/>\nroi Charles III a \u00e9galement <strong>ordonn\u00e9 au prince Andrew de<br \/>\nquitter Forest Lodge<\/strong>. Sa r\u00e9sidence de Windsor. Cette<br \/>\nd\u00e9cision radicale trouve son origine dans les liens entretenus par<br \/>\nle fr\u00e8re du monarque britannique avec <a href=\"https:\/\/www.closermag.fr\/royautes\/prince-andrew-il-considerait-le-sexe-avec-moi-comme-un-droit-de-naissance-clame-une-victime-de-jeffrey-epstein-3587018\" rel=\"nofollow noopener\" target=\"_blank\"><br \/>\nle d\u00e9funt d\u00e9linquant sexuel condamn\u00e9 Jeffrey Epstein<\/a>.\u00a0<\/p>\n<p>Une r\u00e9ception sera organis\u00e9e au ch\u00e2teau<br \/>\nde Windsor pour c\u00e9l\u00e9brer l&rsquo;armistice de la Premi\u00e8re guerre<br \/>\nmondiale<\/p>\n<p id=\"mntl-sc-block_11-0\" class=\"comp mntl-sc-block mntl-sc-block-html\">Au cours de la c\u00e9r\u00e9monie du<br \/>\ndimanche du Souvenir. Le roi Charles III a d\u00e9pos\u00e9 une couronne de<br \/>\nfleurs en hommage \u00e0 son grand-p\u00e8re, le roi George VI. Et \u00e0 sa m\u00e8re,<br \/>\nla reine Elizabeth II. Conform\u00e9ment \u00e0 la tradition, les coquelicots<br \/>\nqui la composent sont dispos\u00e9s sur un lit de feuilles noires. Et<br \/>\nson ruban arbore <strong>les couleurs de course du roi : \u00e9carlate,<br \/>\npourpre et or.<\/strong><\/p>\n<p>Le prince William a \u00e9galement d\u00e9pos\u00e9 une couronne orn\u00e9e des<br \/>\nplumes du prince de Galles. Et d&rsquo;un ruban rouge gallois. <strong>En<br \/>\nr\u00e9f\u00e9rence \u00e0 son titre d&rsquo;h\u00e9ritier.<\/strong> Le mardi 11 novembre<br \/>\n2025, le roi Charles III offrira une r\u00e9ception au ch\u00e2teau de<br \/>\nWindsor. En l&rsquo;honneur des anciens combattants ayant servi dans le<br \/>\nPacifique pendant la Seconde Guerre mondiale et de leurs<br \/>\nfamilles.<\/p>\n","protected":false},"excerpt":{"rendered":"Le dimanche 9 novembre 2025, le roi Charles III a rejoint les autres membres de la famille royale&hellip;\n","protected":false},"author":2,"featured_media":523023,"comment_status":"","ping_status":"","sticky":false,"template":"","format":"standard","meta":{"footnotes":""},"categories":[1359],"tags":[581,58,59,1011,27,973],"class_list":{"0":"post-523022","1":"post","2":"type-post","3":"status-publish","4":"format-standard","5":"has-post-thumbnail","7":"category-people","8":"tag-charles-iii","9":"tag-divertissement","10":"tag-entertainment","11":"tag-fr","12":"tag-france","13":"tag-people"},"share_on_mastodon":{"url":"https:\/\/pubeurope.com\/@fr\/115520498936449205","error":""},"_links":{"self":[{"href":"https:\/\/www.europesays.com\/fr\/wp-json\/wp\/v2\/posts\/523022","targetHints":{"allow":["GET"]}}],"collection":[{"href":"https:\/\/www.europesays.com\/fr\/wp-json\/wp\/v2\/posts"}],"about":[{"href":"https:\/\/www.europesays.com\/fr\/wp-json\/wp\/v2\/types\/post"}],"author":[{"embeddable":true,"href":"https:\/\/www.europesays.com\/fr\/wp-json\/wp\/v2\/users\/2"}],"replies":[{"embeddable":true,"href":"https:\/\/www.europesays.com\/fr\/wp-json\/wp\/v2\/comments?post=523022"}],"version-history":[{"count":0,"href":"https:\/\/www.europesays.com\/fr\/wp-json\/wp\/v2\/posts\/523022\/revisions"}],"wp:featuredmedia":[{"embeddable":true,"href":"https:\/\/www.europesays.com\/fr\/wp-json\/wp\/v2\/media\/523023"}],"wp:attachment":[{"href":"https:\/\/www.europesays.com\/fr\/wp-json\/wp\/v2\/media?parent=523022"}],"wp:term":[{"taxonomy":"category","embeddable":true,"href":"https:\/\/www.europesays.com\/fr\/wp-json\/wp\/v2\/categories?post=523022"},{"taxonomy":"post_tag","embeddable":true,"href":"https:\/\/www.europesays.com\/fr\/wp-json\/wp\/v2\/tags?post=523022"}],"curies":[{"name":"wp","href":"https:\/\/api.w.org\/{rel}","templated":true}]}}