{"id":523026,"date":"2025-11-09T15:43:12","date_gmt":"2025-11-09T15:43:12","guid":{"rendered":"https:\/\/www.europesays.com\/fr\/523026\/"},"modified":"2025-11-09T15:43:12","modified_gmt":"2025-11-09T15:43:12","slug":"qui-sont-les-invites-de-frederic-lopez-ce-9-novembre","status":"publish","type":"post","link":"https:\/\/www.europesays.com\/fr\/523026\/","title":{"rendered":"qui sont les invit\u00e9s de Fr\u00e9d\u00e9ric Lopez ce 9 novembre ?"},"content":{"rendered":"<p>    Fr\u00e9d\u00e9ric Lopez.<br \/>\n                Ingrid MARESKI &#8211; France T\u00e9l\u00e9visions<\/p>\n<p>\n    Ce dimanche, l\u2019animateur recevra un nouveau trio de personnalit\u00e9s qui reviendront sur leur parcours, mais surtout sur leur histoire personnelle forte.<\/p>\n<p class=\"fig-paragraph\">Son \u00e9mission est devenue plus qu\u2019incontournable chaque dimanche. Comme \u00e0 son habitude,\u00a0<a href=\"http:\/\/tvmag.lefigaro.fr\/programme-tv\/people\/maintenir-le-bruit-des-casseroles-roland-perez-evoque-avec-emotion-la-mort-de-sa-femme-face-a-frederic-lopez-20250921\" target=\"_blank\" data-fig-type=\"Article\" rel=\"noopener\" data-gtm-custom-categorie=\"navigation\" data-gtm-custom-action=\"crossclick\" data-gtm-custom-label=\"Contextuel\" data-gtm-event=\"customEventSPE\" data-fig-domain=\"TVMAG\"><strong>Fr\u00e9d\u00e9ric Lopez<\/strong><\/a> \u00a0sera l\u2019h\u00f4te de trois nouveaux invit\u00e9s ce 9 novembre. L\u2019ancien pr\u00e9sentateur de \u00abRendez-vous en terre inconnue\u00bb re\u00e7oit ces derniers dans sa maison de campagne. Lors de cette parenth\u00e8se hors du temps, ses convives se livrent \u00e0 de rares confidences. Cette semaine, le trio de personnalit\u00e9s qui a pass\u00e9 un week-end aux c\u00f4t\u00e9s de l\u2019animateur est pour le moins inattendu\u00a0:<a href=\"https:\/\/tvmag.lefigaro.fr\/programme-tv\/programme\/un-dimanche-a-la-campagne-d1275050237\" target=\"_blank\" rel=\"sponsored noopener\" data-gtm-custom-categorie=\"navigation\" data-gtm-custom-action=\"crossclick\" data-gtm-custom-label=\"Contextuel\" data-gtm-event=\"customEventSPE\"><strong>\u00a0\u00abUn dimanche \u00e0 la campagne\u00bb<\/strong><\/a> \u00a0r\u00e9unira l\u2019ancien ministre de la Justice \u00c9ric Dupond-Moretti, le chanteur canadien Garou et la com\u00e9dienne Sylvie Testud.<\/p>\n<p class=\"fig-paragraph\">D\u00e8s 16h sur France 2, les t\u00e9l\u00e9spectateurs pourront donc d\u00e9couvrir l\u2019homme qui se cache derri\u00e8re les nombreuses casquettes d\u2019avocat p\u00e9naliste, d\u2019ancien garde des Sceaux, auteur et m\u00eame acteur de th\u00e9\u00e2tre\u00a0: Eric Dupond Moretti. Connu pour ses prises de parole franches et parfois acerbes, l\u2019homme politique se confiera cette fois sur son long parcours en tant que juriste aupr\u00e8s de Fr\u00e9d\u00e9ric Lopez.<\/p>\n<p class=\"fig-body-link\">\n            \u00c0 lire aussi<br \/>\n        <a class=\"fig-body-link__link\" href=\"http:\/\/tvmag.lefigaro.fr\/programme-tv\/people\/je-ne-m-y-attendais-pas-a-celle-la-stephanie-le-quellec-emue-aux-larmes-dans-un-dimanche-a-la-campagne-20251102\" target=\"_blank\" data-fig-type=\"Article\" rel=\"noopener\" data-gtm-custom-categorie=\"navigation\" data-gtm-custom-action=\"crossclick\" data-gtm-custom-label=\"Contextuel\" data-gtm-event=\"customEventSPE\" data-fig-domain=\"TVMAG\"><\/p>\n<p>        \u00ab\u00a0Je ne m\u2019y attendais pas \u00e0 celle-l\u00e0\u00a0\u00bb\u00a0: St\u00e9phanie Le Quellec \u00e9mue aux larmes dans \u00ab\u00a0Un dimanche \u00e0 la campagne\u00a0\u00bb<br \/>\n    <\/a>\n<\/p>\n<p>                                    <a class=\"fig-a11y-skip a11y-hidden\" href=\"#fig-a11y-skip-main-inarticle\"><br \/>\n        Passer la publicit\u00e9<br \/>\n    <\/a><\/p>\n<p class=\"fig-paragraph\">\u00c0 ses c\u00f4t\u00e9s, les adeptes d\u2019\u00abUn dimanche \u00e0 la campagne\u00bb retrouveront la com\u00e9dienne\u00a0<a href=\"http:\/\/tvmag.lefigaro.fr\/programme-tv\/actu-tele\/je-suis-tombee-de-ma-chaise-sylvie-testud-revient-sur-les-accusations-contre-gerard-depardieu-20240530\" target=\"_blank\" data-fig-type=\"Article\" rel=\"noopener\" data-gtm-custom-categorie=\"navigation\" data-gtm-custom-action=\"crossclick\" data-gtm-custom-label=\"Contextuel\" data-gtm-event=\"customEventSPE\" data-fig-domain=\"TVMAG\">Sylvie Testud<\/a>. Si elle est connue par le grand public en tant que com\u00e9dienne, pour ses r\u00f4les dans La Rafle, La M\u00f4me, Les blessures assassines ou encore Stupeur et tremblements qui lui ont valu deux C\u00e9sar, la femme de 54 ans multiplie \u00e9galement les casquettes. En effet, la native de Lyon est aussi r\u00e9alisatrice et romanci\u00e8re.<\/p>\n<p class=\"fig-paragraph\">Le dernier invit\u00e9 de Fr\u00e9d\u00e9ric Lopez ce dimanche est bien francophone mais vient tout droit du continent am\u00e9ricain\u00a0: le chanteur\u00a0<a href=\"http:\/\/tvmag.lefigaro.fr\/programme-tv\/people\/comme-si-c-etait-ma-maison-qui-brulait-garou-se-rappelle-l-incendie-de-notre-dame-de-paris-dans-50-inside-20250503\" target=\"_blank\" data-fig-type=\"Article\" rel=\"noopener\" data-gtm-custom-categorie=\"navigation\" data-gtm-custom-action=\"crossclick\" data-gtm-custom-label=\"Contextuel\" data-gtm-event=\"customEventSPE\" data-fig-domain=\"TVMAG\">Garou.\u00a0<\/a>D\u00e9couvert dans la com\u00e9die musicale Notre-Dame de Paris, le natif de Sherbrooke au Qu\u00e9bec a connu une carri\u00e8re couronn\u00e9e de succ\u00e8s, chantant avec Patrick Fiori, C\u00e9line Dion,\u00a0<a href=\"http:\/\/tvmag.lefigaro.fr\/programme-tv\/actu-tele\/revoir-ces-images-ca-fait-un-choc-lorie-revient-sur-une-question-de-pascal-bataille-dans-y-a-pas-photo-20251108\" target=\"_blank\" data-fig-type=\"Article\" rel=\"noopener\" data-gtm-custom-categorie=\"navigation\" data-gtm-custom-action=\"crossclick\" data-gtm-custom-label=\"Contextuel\" data-gtm-event=\"customEventSPE\" data-fig-domain=\"TVMAG\">Lorie<\/a>&#8230; Le Canadien s\u2019est \u00e9galement fait remarquer \u00e0 la t\u00e9l\u00e9vision en tant que coach dans la version fran\u00e7aise puis dans la version canadienne de \u00abThe Voice\u00bb. L\u2019homme de 53 ans se confiera sur les d\u00e9buts de sa carri\u00e8re, notamment sur la fa\u00e7on dont il a d\u00e9croch\u00e9 le r\u00f4le de Quasimodo dans le spectacle de Richard Cocciante.<\/p>\n","protected":false},"excerpt":{"rendered":"Fr\u00e9d\u00e9ric Lopez. Ingrid MARESKI &#8211; France T\u00e9l\u00e9visions Ce dimanche, l\u2019animateur recevra un nouveau trio de personnalit\u00e9s qui reviendront&hellip;\n","protected":false},"author":2,"featured_media":523027,"comment_status":"","ping_status":"","sticky":false,"template":"","format":"standard","meta":{"footnotes":""},"categories":[1356],"tags":[58,59,10222,1011,27,9481,8105,64344,252,1364],"class_list":{"0":"post-523026","1":"post","2":"type-post","3":"status-publish","4":"format-standard","5":"has-post-thumbnail","7":"category-television","8":"tag-divertissement","9":"tag-entertainment","10":"tag-eric-dupond-moretti","11":"tag-fr","12":"tag-france","13":"tag-frederic-lopez","14":"tag-garou","15":"tag-sylvie-testud","16":"tag-television","17":"tag-tv"},"share_on_mastodon":{"url":"","error":""},"_links":{"self":[{"href":"https:\/\/www.europesays.com\/fr\/wp-json\/wp\/v2\/posts\/523026","targetHints":{"allow":["GET"]}}],"collection":[{"href":"https:\/\/www.europesays.com\/fr\/wp-json\/wp\/v2\/posts"}],"about":[{"href":"https:\/\/www.europesays.com\/fr\/wp-json\/wp\/v2\/types\/post"}],"author":[{"embeddable":true,"href":"https:\/\/www.europesays.com\/fr\/wp-json\/wp\/v2\/users\/2"}],"replies":[{"embeddable":true,"href":"https:\/\/www.europesays.com\/fr\/wp-json\/wp\/v2\/comments?post=523026"}],"version-history":[{"count":0,"href":"https:\/\/www.europesays.com\/fr\/wp-json\/wp\/v2\/posts\/523026\/revisions"}],"wp:featuredmedia":[{"embeddable":true,"href":"https:\/\/www.europesays.com\/fr\/wp-json\/wp\/v2\/media\/523027"}],"wp:attachment":[{"href":"https:\/\/www.europesays.com\/fr\/wp-json\/wp\/v2\/media?parent=523026"}],"wp:term":[{"taxonomy":"category","embeddable":true,"href":"https:\/\/www.europesays.com\/fr\/wp-json\/wp\/v2\/categories?post=523026"},{"taxonomy":"post_tag","embeddable":true,"href":"https:\/\/www.europesays.com\/fr\/wp-json\/wp\/v2\/tags?post=523026"}],"curies":[{"name":"wp","href":"https:\/\/api.w.org\/{rel}","templated":true}]}}