{"id":523028,"date":"2025-11-09T15:44:11","date_gmt":"2025-11-09T15:44:11","guid":{"rendered":"https:\/\/www.europesays.com\/fr\/523028\/"},"modified":"2025-11-09T15:44:11","modified_gmt":"2025-11-09T15:44:11","slug":"garou-je-nai-vraiment-pas-envie-ce-jour-ou-celine-dion-lui-a-fait-une-offre-decisive","status":"publish","type":"post","link":"https:\/\/www.europesays.com\/fr\/523028\/","title":{"rendered":"Garou : \u201cJe n\u2019ai vraiment pas envie\u201d, ce jour o\u00f9 C\u00e9line Dion lui a fait une offre d\u00e9cisive"},"content":{"rendered":"<p data-start=\"389\" data-end=\"627\">Il fait partie des plus grandes<br \/>\nvoix francophones de sa g\u00e9n\u00e9ration. C\u2019est son r\u00f4le de Quasimodo<br \/>\ndans la com\u00e9die musicale Notre-Dame de Paris, cr\u00e9\u00e9e par Luc Plamondon et Richard<br \/>\nCocciante en 1998, qui le fait conna\u00eetre du grand public.<\/p>\n<p data-start=\"629\" data-end=\"919\">Apr\u00e8s cette exp\u00e9rience, il a<br \/>\ncontinu\u00e9 en solo. Mais une rencontre avec une artiste<br \/>\ninternationale va tout changer : en 2000, <a href=\"https:\/\/www.closermag.fr\/people\/j-ai-coupe-les-ponts-garou-explique-pourquoi-il-a-pris-ses-distances-avec-celine-dion-1551824\" target=\"_blank\" rel=\"noopener\"><br \/>\nil collabore avec C\u00e9line Dion<\/a> et Ren\u00e9. <a href=\"https:\/\/www.telestar.fr\/actu_tv\/un-dimanche-a-la-campagne-france-2-qui-sont-les-invites-de-frederic-lopez-ce-9-novembre-1742658\" target=\"_blank\" rel=\"noopener\"><br \/>\nDimanche 9 novembre, dans Un<br \/>\ndimanche \u00e0 la campagne<\/a>, il revient sur le jour o\u00f9 la<br \/>\nchanteuse lui a fait une offre d\u00e9cisive.<\/p>\n<p><strong data-start=\"930\" data-end=\"1012\">Un dimanche \u00e0 la campagne : Garou revient sur un<br \/>\nmoment d\u00e9cisif de sa carri\u00e8re<\/strong><\/p>\n<p data-start=\"1016\" data-end=\"1588\">C\u2019est toujours dans un lieu<br \/>\ncalme, loin du tumulte du quotidien, que Fr\u00e9d\u00e9ric Lopez re\u00e7oit ses<br \/>\ninvit\u00e9s. Ce jour-l\u00e0, il \u00e9tait accompagn\u00e9 d\u2019\u00c9ric Dupond-Moretti,<br \/>\nSylvie Testud et Garou. C\u2019est autour d\u2019une table emplie de mets<br \/>\nd\u00e9licieux, dans un d\u00e9cor verdoyant, que Garou est revenu sur sa<br \/>\ncarri\u00e8re, qui a d\u00e9but\u00e9 il y a d\u00e9j\u00e0 plusieurs d\u00e9cennies. D\u00e8s tout<br \/>\npetit, il a \u00e9t\u00e9 attir\u00e9 par la musique. Il est mont\u00e9 sur sc\u00e8ne pour<br \/>\nla premi\u00e8re fois dans un bar, et n\u2019en redescendra presque jamais.<br \/>\nApr\u00e8s le succ\u00e8s de Notre-Dame, il prend son temps avant de lancer sa<br \/>\ncarri\u00e8re solo.<\/p>\n<p data-start=\"1590\" data-end=\"2072\">Un jour de 1999, il d\u00eene avec<br \/>\nC\u00e9line Dion et Ren\u00e9. La chanteuse annonce qu\u2019elle veut faire une<br \/>\npause dans sa carri\u00e8re et produire une autre personne pour la<br \/>\npropulser \u00e0 l\u2019international : \u201c<strong>On veut travailler avec toi\u201d<\/strong>, lance<br \/>\nalors le couple \u00e0 Garou. Il est alors perplexe : \u201cSur toutes les fois o\u00f9 j\u2019ai dit non \u00e0<br \/>\ntellement d\u2019offres all\u00e9chantes, je me dis que l\u00e0, si je dis non,<br \/>\nc\u2019est pas g\u00e9nial, c\u2019est que je ne ferai jamais rien et que je n\u2019ai<br \/>\npas envie d\u2019avoir une carri\u00e8re.\u201d<\/p>\n<p><strong data-start=\"2083\" data-end=\"2121\">Garou : ce duo qui a<br \/>\nchang\u00e9 sa vie<\/strong><\/p>\n<p data-start=\"2125\" data-end=\"2505\">Au moment o\u00f9 il s\u2019appr\u00eate \u00e0<br \/>\nsigner son contrat, il demande au d\u00e9funt mari de C\u00e9line Dion s\u2019il<br \/>\nsera oblig\u00e9 de chanter une chanson qu\u2019il n\u2019aime pas. La r\u00e9ponse de<br \/>\nRen\u00e9 r\u00e9sonne toujours dans sa t\u00eate : \u201cIl me dit : Garou, on ne va jamais te faire<br \/>\nchanter une chanson que t\u2019as pas envie de chanter. <strong>On va<br \/>\ntout faire pour que tu l\u2019aimes.<\/strong>\u201d Cela n\u2019a pas manqu\u00e9<br \/>\nde faire rire la table.<\/p>\n<p data-start=\"2507\" data-end=\"2827\">En 2000, <a href=\"https:\/\/www.closermag.fr\/people\/celine-dion-garou-amer-sur-leur-pseudo-relation-il-ny-va-pas-avec-le-dos-de-la-cuillere-3539547\" target=\"_blank\" rel=\"noopener\"><br \/>\nGarou et C\u00e9line Dion<\/a> ont sorti <strong>Sous le vent, une chanson qui fait d\u00e9sormais<br \/>\npartie des classiques de la chanson fran\u00e7aise<\/strong>. Son timbre<br \/>\nde voix lui vaut un public fid\u00e8le en France, en Belgique et au<br \/>\nCanada. En 2012, il devient coach de The Voice, ce qui lui permettra de se faire<br \/>\nconna\u00eetre par un nouveau public.<\/p>\n","protected":false},"excerpt":{"rendered":"Il fait partie des plus grandes voix francophones de sa g\u00e9n\u00e9ration. C\u2019est son r\u00f4le de Quasimodo dans la&hellip;\n","protected":false},"author":2,"featured_media":523029,"comment_status":"","ping_status":"","sticky":false,"template":"","format":"standard","meta":{"footnotes":""},"categories":[1355],"tags":[7043,58,59,1011,27,8105,1361,873],"class_list":{"0":"post-523028","1":"post","2":"type-post","3":"status-publish","4":"format-standard","5":"has-post-thumbnail","7":"category-musique","8":"tag-celine-dion","9":"tag-divertissement","10":"tag-entertainment","11":"tag-fr","12":"tag-france","13":"tag-garou","14":"tag-music","15":"tag-musique"},"share_on_mastodon":{"url":"https:\/\/pubeurope.com\/@fr\/115520514616768785","error":""},"_links":{"self":[{"href":"https:\/\/www.europesays.com\/fr\/wp-json\/wp\/v2\/posts\/523028","targetHints":{"allow":["GET"]}}],"collection":[{"href":"https:\/\/www.europesays.com\/fr\/wp-json\/wp\/v2\/posts"}],"about":[{"href":"https:\/\/www.europesays.com\/fr\/wp-json\/wp\/v2\/types\/post"}],"author":[{"embeddable":true,"href":"https:\/\/www.europesays.com\/fr\/wp-json\/wp\/v2\/users\/2"}],"replies":[{"embeddable":true,"href":"https:\/\/www.europesays.com\/fr\/wp-json\/wp\/v2\/comments?post=523028"}],"version-history":[{"count":0,"href":"https:\/\/www.europesays.com\/fr\/wp-json\/wp\/v2\/posts\/523028\/revisions"}],"wp:featuredmedia":[{"embeddable":true,"href":"https:\/\/www.europesays.com\/fr\/wp-json\/wp\/v2\/media\/523029"}],"wp:attachment":[{"href":"https:\/\/www.europesays.com\/fr\/wp-json\/wp\/v2\/media?parent=523028"}],"wp:term":[{"taxonomy":"category","embeddable":true,"href":"https:\/\/www.europesays.com\/fr\/wp-json\/wp\/v2\/categories?post=523028"},{"taxonomy":"post_tag","embeddable":true,"href":"https:\/\/www.europesays.com\/fr\/wp-json\/wp\/v2\/tags?post=523028"}],"curies":[{"name":"wp","href":"https:\/\/api.w.org\/{rel}","templated":true}]}}