{"id":523030,"date":"2025-11-09T15:45:20","date_gmt":"2025-11-09T15:45:20","guid":{"rendered":"https:\/\/www.europesays.com\/fr\/523030\/"},"modified":"2025-11-09T15:45:20","modified_gmt":"2025-11-09T15:45:20","slug":"le-docufiction-sur-charles-de-gaulle-tourne-en-partie-dans-les-vosges-diffuse-ce-mardi-11-novembre-sur-france-2-vosges-matin","status":"publish","type":"post","link":"https:\/\/www.europesays.com\/fr\/523030\/","title":{"rendered":"Le docufiction sur Charles de Gaulle tourn\u00e9 en partie dans les Vosges diffus\u00e9 ce mardi 11 novembre sur France 2 &#8211; Vosges Matin"},"content":{"rendered":"<ol>\n<li><a href=\"https:\/\/news.google.com\/rss\/articles\/CBMi-AFBVV95cUxOeHlOandNZUREN2xjSklTcjJhcmxGZ2Z6YmJkTzJrX2l1RVplUU9FZnpZRHZCN2pKaGpBRGpzMjI4UjNXZWJxMU0yNjJPM2RsMkRoYnc3dXNsX0Uxbmh4YkFVTHVvZHdDcjVSSGVNS0RvSjBSdllhUHNFRmQwOF9NWV9YZVRGZnBZaFNBRE1xNHNsQWtwV3hFNk9ITEpDT0VTU0ZMSDBVcllKYWNORFd2QTdMbWplMWNaZVJnYnFNT1d4aHd2VTFuV2tMdFpKbV9yNHZWVS0tOHM3NVVRTjN4aEJ3SGVRN04wN201OS1kUHAtM25FTU9rTQ?oc=5\" target=\"_blank\" rel=\"nofollow noopener\">Le docufiction sur Charles de Gaulle tourn\u00e9 en partie dans les Vosges diffus\u00e9 ce mardi 11 novembre sur France 2<\/a>&nbsp;&nbsp;Vosges Matin<\/li>\n<li><a href=\"https:\/\/news.google.com\/rss\/articles\/CBMi7gFBVV95cUxNLWx3T1hmcHNkRnJIWG1fVE9IRC1kbm00WnFSOVdNTmxXX3ZDamFWdFFNdWJXMGlXWEN1U2lhdzA4SWZoOFdjNjRucktIREh1VUxZSFdtWmMtQVV0QW9hQW5jb3d6VEUzX0l0eUt1OUxGSlhlOFJ1LWdYZHp0QWg1N3hhM01yU1Y5Q195bkRiY1dDTFN4bkx6MGJiYWhRbXNjZnZXOEl4cEtfeW9LWlRFdktTTUZhNlZiOWpxZDVJLWRIUWhiRTVmdEYxbzBmMm9mOXA5Uy15WnUtZnVEaVVFdlpjWms4WXNpX0xaVDBn?oc=5\" target=\"_blank\" rel=\"nofollow noopener\">\u00ab De Gaulle, le commencement \u00bb : un docufiction qui retrace les jeunes ann\u00e9es du g\u00e9n\u00e9ral en pleine Premi\u00e8re Guerre mondiale<\/a>&nbsp;&nbsp;L&rsquo;Humanit\u00e9<\/li>\n<li><a href=\"https:\/\/news.google.com\/rss\/articles\/CBMiswFBVV95cUxNSjN2WFRrc1Z4TFZuSEYyVDcxR1lLWFBnNlJodWFzNUozY1QwNzFGLWU0cFdPQWRQVzRCR3poaXNlOXRpc3ZobkdKbUpiVndocWNmNWhBR2RQWU9PT19pZlNtZ1RHbS1fdnBGQVpQNV9sOWNNTGVMZWg2aUM5dXZJeVdfV0tlakk2dUpueUxnYnNteFM1cTJoXzlCMmdpTHg3RDNWS1hJcDhaZFJsYjFvMHY4NA?oc=5\" target=\"_blank\" rel=\"nofollow noopener\">La jeunesse d&rsquo;un chef<\/a>&nbsp;&nbsp;francetelevisions.fr<\/li>\n<li><a href=\"https:\/\/news.google.com\/rss\/articles\/CBMiyAFBVV95cUxNVTZHN2JSb1g1VlJuTG02SzhMaHJzUVdjREpfRTVDcjhoc1lZRFR4S1ZkbS1QRi1RdnNibWdIN3lFemR2ZS01SjNCYWdnZ3Nyam5RVmhmbTVzNHJ1Y0NWU3AtRnNGd0kxZVhLdU8zWVh3MzhNOFkxWmlOOE5WYzE0eVotbUx6aFVOQ1JtdUp4akNKTGtoQlRHNG5kYUw4RHliVmFyLUluTHZPZFNhbzlGa2ktUnBrRWVndjA4NFotQzJmTXZVX3pRcA?oc=5\" target=\"_blank\" rel=\"nofollow noopener\">Une exposition \u00e0 Escautpont pour raconter la jeunesse du futur g\u00e9n\u00e9ral De Gaulle<\/a>&nbsp;&nbsp;La Voix du Nord<\/li>\n<li><a href=\"https:\/\/news.google.com\/rss\/articles\/CBMiygFBVV95cUxOZV9FMUJqSEhLUG80QXp1UGxUWk5yUDh3UnVtVjJlVGNmVFl2Q3VYdjBvOWpxM3d2LTlpcFh4V1M4N0VPVFU1a2lYWGRPLVlUZEs0eWRhdjd1c0k0QlU4Y1N0NDJRQjRxMkNmQzk0dnh3Mmp2Y0FmNG01V293U2ZTRFJZR0ExR3ZFRlNLR2NTdlA2Q2N0bzhGUzZKWTMzYnFLcnVERlNpbVdGRnJsUWhkS3pZdHhibGFnYm9aU0M2cEF1QnpOMjdzQ2tn?oc=5\" target=\"_blank\" rel=\"nofollow noopener\">\u201cDe Gaulle, le commencement\u201d, un docufiction raplapla sur la jeunesse de l\u2019officier<\/a>&nbsp;&nbsp;T\u00e9l\u00e9rama<\/li>\n<\/ol>\n","protected":false},"excerpt":{"rendered":"Le docufiction sur Charles de Gaulle tourn\u00e9 en partie dans les Vosges diffus\u00e9 ce mardi 11 novembre sur&hellip;\n","protected":false},"author":2,"featured_media":395849,"comment_status":"","ping_status":"","sticky":false,"template":"","format":"standard","meta":{"footnotes":""},"categories":[1354],"tags":[58,59,1346,1011,27,1360],"class_list":{"0":"post-523030","1":"post","2":"type-post","3":"status-publish","4":"format-standard","5":"has-post-thumbnail","7":"category-films","8":"tag-divertissement","9":"tag-entertainment","10":"tag-films","11":"tag-fr","12":"tag-france","13":"tag-movies"},"share_on_mastodon":{"url":"https:\/\/pubeurope.com\/@fr\/115520518568475739","error":""},"_links":{"self":[{"href":"https:\/\/www.europesays.com\/fr\/wp-json\/wp\/v2\/posts\/523030","targetHints":{"allow":["GET"]}}],"collection":[{"href":"https:\/\/www.europesays.com\/fr\/wp-json\/wp\/v2\/posts"}],"about":[{"href":"https:\/\/www.europesays.com\/fr\/wp-json\/wp\/v2\/types\/post"}],"author":[{"embeddable":true,"href":"https:\/\/www.europesays.com\/fr\/wp-json\/wp\/v2\/users\/2"}],"replies":[{"embeddable":true,"href":"https:\/\/www.europesays.com\/fr\/wp-json\/wp\/v2\/comments?post=523030"}],"version-history":[{"count":0,"href":"https:\/\/www.europesays.com\/fr\/wp-json\/wp\/v2\/posts\/523030\/revisions"}],"wp:featuredmedia":[{"embeddable":true,"href":"https:\/\/www.europesays.com\/fr\/wp-json\/wp\/v2\/media\/395849"}],"wp:attachment":[{"href":"https:\/\/www.europesays.com\/fr\/wp-json\/wp\/v2\/media?parent=523030"}],"wp:term":[{"taxonomy":"category","embeddable":true,"href":"https:\/\/www.europesays.com\/fr\/wp-json\/wp\/v2\/categories?post=523030"},{"taxonomy":"post_tag","embeddable":true,"href":"https:\/\/www.europesays.com\/fr\/wp-json\/wp\/v2\/tags?post=523030"}],"curies":[{"name":"wp","href":"https:\/\/api.w.org\/{rel}","templated":true}]}}