{"id":523031,"date":"2025-11-09T15:46:15","date_gmt":"2025-11-09T15:46:15","guid":{"rendered":"https:\/\/www.europesays.com\/fr\/523031\/"},"modified":"2025-11-09T15:46:15","modified_gmt":"2025-11-09T15:46:15","slug":"ce-quune-etude-finlandaise-de-sante-revele-sur-ceux-qui-ne-vont-pas-voter-est-deroutant","status":"publish","type":"post","link":"https:\/\/www.europesays.com\/fr\/523031\/","title":{"rendered":"Ce qu\u2019une \u00e9tude finlandaise de sant\u00e9 r\u00e9v\u00e8le sur ceux qui ne vont pas voter est d\u00e9routant"},"content":{"rendered":"<p>L&rsquo;abstention est-elle un signe pr\u00e9coce d&rsquo;un d\u00e9clin de la sant\u00e9\u00a0? Ce n&rsquo;est pas impossible&#8230; Une \u00e9quipe de chercheurs de l&rsquo;universit\u00e9 d&rsquo;Helsinki vient en effet de d\u00e9montrer que le comportement \u00e9lectoral serait fortement li\u00e9&#8230; au risque de <a href=\"https:\/\/www.futura-sciences.com\/sante\/actualites\/maladies-respiratoires-cette-maladie-meconnue-3e-cause-mortalite-monde-chaque-crise-detruit-vos-poumons-117668\/\" title=\"Cette maladie m\u00e9connue est la 3e cause de mortalit\u00e9 dans le monde : chaque crise d\u00e9truit vos poumons !\" target=\"_blank\" rel=\"noopener\">mortalit\u00e9\u00a0<\/a>!<\/p>\n<p>Pour le mettre en \u00e9vidence, ils ont utilis\u00e9 les donn\u00e9es relatives \u00e0 la participation des Finlandais aux \u00e9lections parlementaires du 21 mars 1999, ainsi que des donn\u00e9es sociod\u00e9mographiques et de <a href=\"https:\/\/www.futura-sciences.com\/planete\/actualites\/urgence-climatique-cette-ville-france-detient-plus-haut-taux-mortalite-europe-pendant-canicules-124013\/\" title=\"Cette ville de France d\u00e9tient le plus haut taux de mortalit\u00e9 d&#039;Europe pendant les canicules !\" target=\"_blank\" rel=\"noopener\">mortalit\u00e9<\/a>. Plus de 3 millions de personnes ont ainsi \u00e9t\u00e9 suivies jusqu&rsquo;\u00e0 la fin de l&rsquo;ann\u00e9e 2020.<\/p>\n<p>Au bout de 21 ans, plus d&rsquo;un million d&rsquo;entre elles \u00e9taient d\u00e9c\u00e9d\u00e9es\u00a0:<\/p>\n<ul>\n<li>95\u202f350 d\u00e9c\u00e8s en raison de causes externes (accidents, causes violentes et li\u00e9es \u00e0 l&rsquo;<a href=\"https:\/\/www.futura-sciences.com\/sciences\/definitions\/chimie-alcool-640\/\" target=\"_blank\" rel=\"noopener\">alcool<\/a>)\u00a0;<\/li>\n<li>955\u202f723 en raison d&rsquo;autres causes sous-jacentes (maladies)\u00a0;<\/li>\n<li>2\u202f410 personnes dont la cause du d\u00e9c\u00e8s n&rsquo;\u00e9tait pas connue\u00a0; ces derni\u00e8res ont \u00e9t\u00e9 exclues de l&rsquo;analyse finale.<\/li>\n<\/ul>\n<p>Ne pas voter, un facteur de risque insoup\u00e7onn\u00e9<\/p>\n<p>Le fait de ne pas voter \u00e9tait syst\u00e9matiquement associ\u00e9 \u00e0 un risque accru de <a href=\"https:\/\/www.futura-sciences.com\/sante\/actualites\/psychologie-il-responsable-871-000-deces-chaque-annee-ce-fleau-invisible-beaucoup-plus-commun-quon-ne-imagine-123408\/\" title=\"Il est responsable de 871 000 d\u00e9c\u00e8s chaque ann\u00e9e : ce fl\u00e9au invisible est beaucoup plus commun qu\u2019on ne l\u2019imagine\" target=\"_blank\" rel=\"noopener\">d\u00e9c\u00e8s<\/a> toutes causes confondues, chez les hommes (+73\u202f%), comme chez les femmes (+63\u202f%). En tenant compte dans l&rsquo;analyse du facteur \u00ab\u00a0\u00e9ducation\u00a0\u00bb (on sait que le fait d&rsquo;avoir un moins bon niveau d&rsquo;\u00e9tude est associ\u00e9 au fait de ne pas aller voter), les chercheurs ont trouv\u00e9 que l&rsquo;abstention augmentait quand m\u00eame le risque de mortalit\u00e9\u00a0: de 64\u202f% chez les hommes et de 59\u202f% chez les femmes.<\/p>\n<p>Des \u00e9tudes avaient d\u00e9j\u00e0 montr\u00e9 que les personnes qui ont le moins de dipl\u00f4mes ont plus de risques de mortalit\u00e9 que celles qui en ont le plus. Mais les chiffres montrent que la diff\u00e9rence de mortalit\u00e9 entre votants et non-votants est encore plus forte que celle entre dipl\u00f4m\u00e9s et non-dipl\u00f4m\u00e9s, en particulier chez les jeunes et chez les personnes <a href=\"https:\/\/www.futura-sciences.com\/tech\/actualites\/cybersecurite-hopital-femme-decede-cause-ransomware-83075\/\" title=\"H\u00f4pital : une femme d\u00e9c\u00e8de \u00e0 cause d\u2019un ransomware\" target=\"_blank\" rel=\"noopener\">d\u00e9c\u00e9d\u00e9es<\/a> de causes violentes.<\/p>\n<p class=\"fs-media\">\n<p><img decoding=\"async\" data-imgid=\"full\" src=\"https:\/\/www.europesays.com\/fr\/wp-content\/uploads\/2025\/11\/senior-vieillir.jpeg\" width=\"1080\" height=\"720\" alt=\"\" loading=\"lazy\"\/><br \/>\nPour les auteurs, le vote, en tant que forme de participation, est un type de capital social li\u00e9 \u00e0 des avantages pour la sant\u00e9. \u00a9 pikselstock, Adobe Stock<\/p>\n<p>Une corr\u00e9lation, mais probablement pas une fatalit\u00e9<\/p>\n<p>Apr\u00e8s ajustement en fonction de l&rsquo;\u00e2ge, le risque de d\u00e9c\u00e8s \u00e9tait deux fois plus \u00e9lev\u00e9 chez les hommes et les femmes qui n&rsquo;avaient pas vot\u00e9 que chez ceux qui avaient vot\u00e9. Et la diff\u00e9rence de mortalit\u00e9 \u00e9tait plus prononc\u00e9e chez les hommes de <a href=\"https:\/\/www.futura-sciences.com\/sante\/actualites\/cancer-cancer-oublie-refait-surface-chez-moins-50-ans-mystere-grandissant-124748\/\" title=\"Un cancer oubli\u00e9 refait surface chez les moins de 50 ans : un myst\u00e8re grandissant\" target=\"_blank\" rel=\"noopener\">moins de 50 ans<\/a>.<\/p>\n<p>Cette \u00e9tude observationnelle n&rsquo;est pas une preuve d&rsquo;un lien de cause \u00e0 effet. Les chercheurs reconnaissent par exemple que \u00ab\u00a0les individus peuvent rencontrer des obstacles [li\u00e9s \u00e0 leur sant\u00e9] les emp\u00eachant de voter ou choisir de ne pas voter lors d&rsquo;une \u00e9lection donn\u00e9e\u00a0\u00bb, ce qui pourrait \u00eatre un biais de confusion. C&rsquo;est pour cette raison que d&rsquo;autres \u00e9tudes devront \u00eatre men\u00e9es pour mieux documenter ce lien.<\/p>\n<p>Quoi qu&rsquo;il en soit, selon les auteurs de l&rsquo;\u00e9tude, dont les r\u00e9sultats ont \u00e9t\u00e9 publi\u00e9s dans le <a href=\"https:\/\/jech.bmj.com\/content\/early\/2025\/10\/28\/jech-2025-224663\" title=\"Voting is a stronger determinant of mortality than education: a full-electorate survival analysis with 21-year follow-up\" target=\"_blank\" rel=\"noopener\">British Medical Journal<\/a>, \u00ab\u00a0le <a href=\"https:\/\/www.futura-sciences.com\/tech\/actualites\/securite-hackers-vont-pirater-prochain-systeme-vote-electronique-suisse-74954\/\" title=\"Des hackers vont pirater le prochain syst\u00e8me de vote \u00e9lectronique en Suisse\" target=\"_blank\" rel=\"noopener\">vote<\/a>, en tant que forme de participation, est un type de capital social li\u00e9 \u00e0 des avantages pour la sant\u00e9. En outre, le vote peut encourager d&rsquo;autres formes de participation civique \u00bb.<\/p>\n","protected":false},"excerpt":{"rendered":"L&rsquo;abstention est-elle un signe pr\u00e9coce d&rsquo;un d\u00e9clin de la sant\u00e9\u00a0? Ce n&rsquo;est pas impossible&#8230; Une \u00e9quipe de chercheurs&hellip;\n","protected":false},"author":2,"featured_media":523032,"comment_status":"","ping_status":"","sticky":false,"template":"","format":"standard","meta":{"footnotes":""},"categories":[10],"tags":[64345,1011,27,72,226,6968,6367,64347,64346,71,282,5995],"class_list":{"0":"post-523031","1":"post","2":"type-post","3":"status-publish","4":"format-standard","5":"has-post-thumbnail","7":"category-sante","8":"tag-accident-de-la-vie","9":"tag-fr","10":"tag-france","11":"tag-health","12":"tag-maladie","13":"tag-mortalite","14":"tag-relations-sociales","15":"tag-risque-de-deces","16":"tag-rupture-des-relations-sociales","17":"tag-sante","18":"tag-vieillissement","19":"tag-vote"},"share_on_mastodon":{"url":"https:\/\/pubeurope.com\/@fr\/115520523088697962","error":""},"_links":{"self":[{"href":"https:\/\/www.europesays.com\/fr\/wp-json\/wp\/v2\/posts\/523031","targetHints":{"allow":["GET"]}}],"collection":[{"href":"https:\/\/www.europesays.com\/fr\/wp-json\/wp\/v2\/posts"}],"about":[{"href":"https:\/\/www.europesays.com\/fr\/wp-json\/wp\/v2\/types\/post"}],"author":[{"embeddable":true,"href":"https:\/\/www.europesays.com\/fr\/wp-json\/wp\/v2\/users\/2"}],"replies":[{"embeddable":true,"href":"https:\/\/www.europesays.com\/fr\/wp-json\/wp\/v2\/comments?post=523031"}],"version-history":[{"count":0,"href":"https:\/\/www.europesays.com\/fr\/wp-json\/wp\/v2\/posts\/523031\/revisions"}],"wp:featuredmedia":[{"embeddable":true,"href":"https:\/\/www.europesays.com\/fr\/wp-json\/wp\/v2\/media\/523032"}],"wp:attachment":[{"href":"https:\/\/www.europesays.com\/fr\/wp-json\/wp\/v2\/media?parent=523031"}],"wp:term":[{"taxonomy":"category","embeddable":true,"href":"https:\/\/www.europesays.com\/fr\/wp-json\/wp\/v2\/categories?post=523031"},{"taxonomy":"post_tag","embeddable":true,"href":"https:\/\/www.europesays.com\/fr\/wp-json\/wp\/v2\/tags?post=523031"}],"curies":[{"name":"wp","href":"https:\/\/api.w.org\/{rel}","templated":true}]}}