{"id":523037,"date":"2025-11-09T15:49:17","date_gmt":"2025-11-09T15:49:17","guid":{"rendered":"https:\/\/www.europesays.com\/fr\/523037\/"},"modified":"2025-11-09T15:49:17","modified_gmt":"2025-11-09T15:49:17","slug":"suivez-en-direct-lenvol-de-la-fusee-geante-new-glenn-et-sa-tentative-de-retour-sur-terre","status":"publish","type":"post","link":"https:\/\/www.europesays.com\/fr\/523037\/","title":{"rendered":"Suivez en direct l\u2019envol de la fus\u00e9e g\u00e9ante New Glenn et sa tentative de retour sur Terre"},"content":{"rendered":"<p>C\u2019est bient\u00f4t le grand jour pour New Glenn. La fus\u00e9e g\u00e9ante construite par Blue Origin doit d\u00e9coller entre le 9 et 11 novembre 2025. \u00c0 cette occasion, le lanceur va retenter une man\u0153uvre qui n\u2019avait pas pu aboutir lors du tout premier vol, en janvier. Le d\u00e9collage peut \u00eatre suivi en direct.<\/p>\n<p>La fus\u00e9e g\u00e9ante New Glenn, fabriqu\u00e9e par Blue Origin, va bient\u00f4t conna\u00eetre un nouveau test d\u00e9cisif. Ce vol doit \u00eatre un tournant pour la soci\u00e9t\u00e9 fond\u00e9e par Jeff Bezos, avec l\u2019espoir de <a href=\"https:\/\/www.numerama.com\/sciences\/2108539-la-fusee-geante-new-glenn-va-jouer-tres-gros-au-prochain-decollage-300-jours-apres-le-vol-inaugural.html\" rel=\"nofollow noopener\" target=\"_blank\">r\u00e9ussir la r\u00e9cup\u00e9ration du premier \u00e9tage du lanceur<\/a>. Ce test est crucial \u00e9galement pour le d\u00e9part de futures missions ambitieuses vers <a href=\"https:\/\/www.numerama.com\/sciences\/743504-la-lune-tout-savoir-sur-le-satellite-naturel-de-la-terre.html\" data-popover-target=\"definition\" data-tag=\"La Lune\u00a0: tout savoir sur le satellite naturel de la Terre en 24 questions\" data-chapo=\"La Lune est l&#039;unique satellite naturel permanent de notre plan\u00e8te, qui tourne inlassablement autour d&#039;elle. Elle tient compagnie \u00e0 la Terre depuis 4,51 milliards d&#039;ann\u00e9es. La Lune est aussi l&#039;objet c\u00e9leste le plus explor\u00e9 de l&#039;espace par l&#039;humanit\u00e9.\" data-image=\"https:\/\/c0.lestechnophiles.com\/www.numerama.com\/wp-content\/uploads\/2023\/10\/lune-2023-1024x576.jpg?key=47829946\" rel=\"nofollow noopener\" target=\"_blank\">la Lune<\/a> (<a href=\"https:\/\/www.numerama.com\/sciences\/1545504-blue-origin-devoile-un-tout-nouvel-atterrisseur-pour-conquerir-la-lune.html\" rel=\"nofollow noopener\" target=\"_blank\">l\u2019atterrisseur Blue Moon<\/a>).<\/p>\n<p>Le vol du New Glenn en r\u00e9sum\u00e9<\/p>\n<ul class=\"wp-block-list\">\n<li><strong>Quoi ?<\/strong>  Le deuxi\u00e8me vol de la fus\u00e9e New Glenn, avec un test du premier \u00e9tage r\u00e9utilisable.<\/li>\n<li><strong>Quand ? <\/strong>le 9 novembre 2025.<\/li>\n<li><strong>O\u00f9 ? <\/strong>Depuis le pas de tir LC-36 \u00e0 Cap Canaveral, en Floride.<\/li>\n<li><strong>Que va-t-on voir ?<\/strong> Le lancement de la fus\u00e9e et une tentative de r\u00e9cup\u00e9ration du premier \u00e9tage, qui sera largu\u00e9 apr\u00e8s la mise en orbite.<\/li>\n<\/ul>\n<p>O\u00f9 voir le lancement du New Glenn en direct ?<\/p>\n<p>Blue Origin diffusera probablement le lancement et fournira des mises \u00e0 jour sur les progr\u00e8s de la mission via ses canaux de communication habituels (site web, r\u00e9seaux sociaux, etc.). L\u2019encart vid\u00e9o sera ajout\u00e9 \u00e0 l\u2019article d\u00e8s qu\u2019il sera disponible. Pour <a href=\"https:\/\/www.numerama.com\/sciences\/1884438-new-glenn-voici-les-photos-sensationnelles-du-vol-inaugural-de-la-fusee.html\" rel=\"nofollow noopener\" target=\"_blank\">le vol inaugural de New Glenn<\/a>, la soci\u00e9t\u00e9 avait mis \u00e0 disposition <a href=\"https:\/\/www.numerama.com\/sciences\/1881022-suivez-en-direct-lenvol-de-new-glenn-la-fusee-geante-de-blue-origin.html\" rel=\"nofollow noopener\" target=\"_blank\">un flux vid\u00e9o en direct<\/a>.<\/p>\n<p>Quels sont les enjeux pour Blue Origin ?<\/p>\n<p>Le test de la fus\u00e9e New Glenn est bien plus qu\u2019un simple essai pour Blue Origin. Le retour r\u00e9ussi du premier \u00e9tage est un \u00e9l\u00e9ment essentiel pour la soci\u00e9t\u00e9, qui d\u00e9sire aligner son engin au m\u00eame niveau de r\u00e9utilisation \u00e9tabli par SpaceX. Lors du vol inaugural de janvier 2025, la fus\u00e9e a r\u00e9ussi \u00e0 placer son satellite en orbite, mais la r\u00e9cup\u00e9ration du propulseur a \u00e9chou\u00e9, ce qui a mis en lumi\u00e8re l\u2019importance de ce test \u00e0 venir.<\/p>\n<p><a href=\"https:\/\/www.numerama.com\/wp-content\/uploads\/2025\/01\/new-glenn.jpg\" rel=\"nofollow noopener\" target=\"_blank\"><img decoding=\"async\" width=\"1024\" height=\"576\" loading=\"lazy\" alt=\"New Glenn\" title=\"New Glenn\" class=\"wp-image-1882874 placeholder-default wp-image\" src=\"https:\/\/www.europesays.com\/fr\/wp-content\/uploads\/2025\/11\/new-glenn-1024x576.jpg\" \/><\/a>La fus\u00e9e New Glenn, dans le cr\u00e9puscule. \/\/ Source : <a href=\"https:\/\/x.com\/blueorigin\/status\/1878683052982886907\" target=\"_blank\" rel=\"nofollow\">Blue Origin<\/a><\/p>\n<p>La r\u00e9ussite du tir va conditionner la suite pour Blue Origin : un rat\u00e9 viendrait contrarier ses projets, entamerait la confiance et questionnerait sa capacit\u00e9 \u00e0 rivaliser avec SpaceX. Un succ\u00e8s offrirait la meilleure d\u00e9monstration que la soci\u00e9t\u00e9 peut lancer des satellites commerciaux, des missions pour la NASA, ainsi que d\u2019autres projets d\u2019envergure spatiale.<\/p>\n<p>C\u2019est d\u2019autant plus important que la r\u00e9cup\u00e9ration du booster ne vise pas qu\u2019\u00e0 donner le change \u00e0 SpaceX en montrant sa facult\u00e9 \u00e0 se placer sur le march\u00e9 du r\u00e9utilisable. Il doit servir lors d\u2019une prochaine mission attendue pour d\u00e9but 2026, qui consiste \u00e0 envoyer sur la Lune en prototype d\u2019atterrisseur lunaire (Blue Moon). Or, <a href=\"https:\/\/www.numerama.com\/sciences\/729082-atterrisseur-lunaire-jeff-bezos-tente-coute-que-coute-de-faire-triompher-blue-origin.html\" rel=\"nofollow noopener\" target=\"_blank\">c\u2019est strat\u00e9gique pour Blue Origin<\/a>.<\/p>\n<p>Quand d\u00e9colle la fus\u00e9e New Glenn ?<\/p>\n<p>La fus\u00e9e New Glenn devrait d\u00e9coller le 9 et novembre 2025. Ce vol survient 300 jours apr\u00e8s le vol inaugural de la fus\u00e9e, qui a eu lieu le 16 janvier 2025. \u00c0 cette date, la soci\u00e9t\u00e9 avait proc\u00e9d\u00e9 \u00e0 des tests, et la fus\u00e9e avait atteint l\u2019orbite, mais sans parvenir \u00e0 r\u00e9cup\u00e9rer l\u2019\u00e9tage principal du lanceur.<\/p>\n<blockquote class=\"twitter-tweet\" data-width=\"500\" data-dnt=\"true\">\n<p lang=\"en\" dir=\"ltr\">\ud83d\ude80 Launch Alert | We&rsquo;re targeting New Glenn&rsquo;s second launch no earlier than Sunday, November 9, from LC-36. NG-2 will send <a href=\"https:\/\/twitter.com\/NASA?ref_src=twsrc%5Etfw\" rel=\"nofollow noopener\" target=\"_blank\">@NASA<\/a>&lsquo;s ESCAPADE twin spacecraft on their journey to Mars and carry a <a href=\"https:\/\/twitter.com\/viasat?ref_src=twsrc%5Etfw\" rel=\"nofollow noopener\" target=\"_blank\">@Viasat<\/a> technology demonstration for <a href=\"https:\/\/twitter.com\/NASASpaceOps?ref_src=twsrc%5Etfw\" rel=\"nofollow noopener\" target=\"_blank\">@NASASpaceOps<\/a>&lsquo; Communications Services Project. <a href=\"https:\/\/t.co\/6rK6wg9yxJ\" rel=\"nofollow\">pic.twitter.com\/6rK6wg9yxJ<\/a><\/p>\n<p>\u2014 Blue Origin (@blueorigin) <a href=\"https:\/\/twitter.com\/blueorigin\/status\/1986201029621268574?ref_src=twsrc%5Etfw\" rel=\"nofollow noopener\" target=\"_blank\">November 5, 2025<\/a><\/p><\/blockquote>\n<p>            Ce contenu est bloqu\u00e9 car vous n\u2019avez pas accept\u00e9 les cookies et autres traceurs. Ce contenu est fourni par Twitter.<br \/>Pour pouvoir le visualiser, vous devez accepter l\u2019usage \u00e9tant op\u00e9r\u00e9 par Twitter avec vos donn\u00e9es qui pourront \u00eatre utilis\u00e9es pour les finalit\u00e9s suivantes : vous permettre de visualiser et de partager des contenus avec des m\u00e9dias sociaux, favoriser le d\u00e9veloppement et l\u2019am\u00e9lioration des produits d\u2019Humanoid et de ses partenaires, vous afficher des publicit\u00e9s personnalis\u00e9es par rapport \u00e0 votre profil et activit\u00e9, vous d\u00e9finir un profil publicitaire personnalis\u00e9, mesurer la performance des publicit\u00e9s et du contenu de ce site et mesurer l\u2019audience de ce site <a href=\"#\" class=\"js-privacy\" target=\"_blank\">(en savoir plus)<\/a>        <\/p>\n<p>            En cliquant sur \u00ab J\u2019accepte tout \u00bb, vous consentez aux finalit\u00e9s susmentionn\u00e9es pour l\u2019ensemble des cookies et autres traceurs d\u00e9pos\u00e9s par Humanoid et <a class=\"embed-consent-overlay-vendors-link\" href=\"#preferences-vendeurs\">ses partenaires<\/a>.        <\/p>\n<p>            Vous gardez la possibilit\u00e9 de retirer votre consentement \u00e0 tout moment. Pour plus d\u2019informations, nous vous invitons \u00e0 prendre connaissance de notre <a href=\"https:\/\/www.numerama.com\/politique-cookies\" rel=\"nofollow noopener\" target=\"_blank\">Politique cookies<\/a>.        <\/p>\n<p>        J\u2019accepte tout    <\/p>\n<p class=\"embed-consent-overlay-manage-choices\">        <a href=\"#preferences-publicitaires\">G\u00e9rer mes choix<\/a>    <\/p>\n<p>            <img decoding=\"async\" src=\"https:\/\/www.europesays.com\/fr\/wp-content\/uploads\/2025\/04\/iPhone-16-pro.png\" alt=\"Toute l'actu tech en un clien d'oeil\"\/><\/p>\n<p class=\"card-install-pwa__title\">Toute l&rsquo;actu tech en un clin d&rsquo;\u0153il<\/p>\n<p class=\"card-install-pwa__description\">Ajoutez Numerama \u00e0 votre \u00e9cran d&rsquo;accueil et restez connect\u00e9s au futur !<\/p>\n<p>            <img decoding=\"async\" src=\"https:\/\/www.numerama.com\/wp-content\/themes\/numerama-next\/assets\/images\/premium\/logo-card-pwa-coupe.svg\" alt=\"Logo PWA\"\/><\/p>\n<p>       Installer Numerama<\/p>\n<p class=\"title\">\n            Regardez le monde depuis l&rsquo;            <a href=\"https:\/\/www.numerama.com\/sciences\/espace\/\" rel=\"nofollow noopener\" target=\"_blank\"><br \/>\n                Espace            <\/a>\n        <\/p>\n<p>        <script async src=\"https:\/\/platform.twitter.com\/widgets.js\" charset=\"utf-8\"><\/script><\/p>\n","protected":false},"excerpt":{"rendered":"C\u2019est bient\u00f4t le grand jour pour New Glenn. La fus\u00e9e g\u00e9ante construite par Blue Origin doit d\u00e9coller entre&hellip;\n","protected":false},"author":2,"featured_media":523038,"comment_status":"","ping_status":"","sticky":false,"template":"","format":"standard","meta":{"footnotes":""},"categories":[7],"tags":[9002,15447,1011,27,889,64348,43,40,41,39,42,44],"class_list":{"0":"post-523037","1":"post","2":"type-post","3":"status-publish","4":"format-standard","5":"has-post-thumbnail","7":"category-sciences-et-technologies","8":"tag-blue-origin","9":"tag-daily-rocket","10":"tag-fr","11":"tag-france","12":"tag-fusee","13":"tag-new-glenn","14":"tag-science","15":"tag-science-and-technology","16":"tag-sciences","17":"tag-sciences-et-technologies","18":"tag-technologies","19":"tag-technology"},"share_on_mastodon":{"url":"https:\/\/pubeurope.com\/@fr\/115520535075195331","error":""},"_links":{"self":[{"href":"https:\/\/www.europesays.com\/fr\/wp-json\/wp\/v2\/posts\/523037","targetHints":{"allow":["GET"]}}],"collection":[{"href":"https:\/\/www.europesays.com\/fr\/wp-json\/wp\/v2\/posts"}],"about":[{"href":"https:\/\/www.europesays.com\/fr\/wp-json\/wp\/v2\/types\/post"}],"author":[{"embeddable":true,"href":"https:\/\/www.europesays.com\/fr\/wp-json\/wp\/v2\/users\/2"}],"replies":[{"embeddable":true,"href":"https:\/\/www.europesays.com\/fr\/wp-json\/wp\/v2\/comments?post=523037"}],"version-history":[{"count":0,"href":"https:\/\/www.europesays.com\/fr\/wp-json\/wp\/v2\/posts\/523037\/revisions"}],"wp:featuredmedia":[{"embeddable":true,"href":"https:\/\/www.europesays.com\/fr\/wp-json\/wp\/v2\/media\/523038"}],"wp:attachment":[{"href":"https:\/\/www.europesays.com\/fr\/wp-json\/wp\/v2\/media?parent=523037"}],"wp:term":[{"taxonomy":"category","embeddable":true,"href":"https:\/\/www.europesays.com\/fr\/wp-json\/wp\/v2\/categories?post=523037"},{"taxonomy":"post_tag","embeddable":true,"href":"https:\/\/www.europesays.com\/fr\/wp-json\/wp\/v2\/tags?post=523037"}],"curies":[{"name":"wp","href":"https:\/\/api.w.org\/{rel}","templated":true}]}}