{"id":523042,"date":"2025-11-09T15:52:12","date_gmt":"2025-11-09T15:52:12","guid":{"rendered":"https:\/\/www.europesays.com\/fr\/523042\/"},"modified":"2025-11-09T15:52:12","modified_gmt":"2025-11-09T15:52:12","slug":"quatre-interpellations-apres-une-rixe-entre-groupes-propalestinien-et-pro-israelien-devant-un-commissariat","status":"publish","type":"post","link":"https:\/\/www.europesays.com\/fr\/523042\/","title":{"rendered":"quatre interpellations apr\u00e8s une rixe entre groupes propalestinien et pro-isra\u00e9lien devant un commissariat"},"content":{"rendered":"<p>                      <img loading=\"lazy\" decoding=\"async\" src=\"https:\/\/www.europesays.com\/fr\/wp-content\/uploads\/2025\/11\/01d4931_ftp-import-images-1-tj7cm9ecq2qz-5378857-01-06.jpg\" alt=\"Capture d\u2019\u00e9cran d\u2019une vid\u00e9o prise lors de la repr\u00e9sentation de l\u2019Orchestre philharmonique d\u2019Isra\u00ebl, \u00e0 la Philarmonie de Paris, jeudi\u00a06\u00a0novembre\u00a02025.\"   width=\"664\" height=\"443\"\/>    Capture d\u2019\u00e9cran d\u2019une vid\u00e9o prise lors de la repr\u00e9sentation de l\u2019Orchestre philharmonique d\u2019Isra\u00ebl, \u00e0 la Philarmonie de Paris, jeudi\u00a06\u00a0novembre\u00a02025.  JEAN-MICHEL TRANSON \/ AFP                          <\/p>\n<p class=\"article__paragraph  \">Trois hommes et une femme soup\u00e7onn\u00e9s d\u2019\u00eatre responsables de la perturbation d\u2019une repr\u00e9sentation de l\u2019Orchestre philharmonique d\u2019Isra\u00ebl \u00e0 la Philharmonie de Paris sont pr\u00e9sent\u00e9s, dimanche 9\u00a0novembre, \u00e0 un juge d\u2019instruction en vue de leur mise en examen, selon une information communiqu\u00e9e par le parquet de Paris \u00e0 l\u2019Agence France-Presse (AFP).<\/p>\n<p class=\"article__paragraph  \">Jeudi, <a target=\"_blank\" href=\"https:\/\/www.lemonde.fr\/societe\/article\/2025\/11\/07\/la-philharmonie-de-paris-porte-plainte-apres-de-graves-incidents-lors-du-concert-d-un-orchestre-israelien-jeudi-soir_6652554_3224.html?search-type=classic&amp;ise_click_rank=1\" rel=\"noopener\">des spectateurs en possession d\u2019un billet ont tent\u00e9 d\u2019interrompre le concert,<\/a> dont deux fois avec l\u2019usage de fumig\u00e8nes. La Cit\u00e9 de la musique-Philharmonie de Paris a dit avoir port\u00e9 plainte et a condamn\u00e9 \u00ab\u00a0fermement les graves incidents\u00a0\u00bb survenus dans la grande salle de concert Pierre-Boulez.<\/p>\n<p class=\"article__paragraph  \">\u00ab\u00a0Les mis en cause ont \u00e9t\u00e9 d\u00e9f\u00e9r\u00e9s en vue de l\u2019ouverture d\u2019une information judiciaire ce dimanche\u00a0\u00bb, a pr\u00e9cis\u00e9 le minist\u00e8re public. \u00ab\u00a0Une premi\u00e8re mise en examen et placement sous contr\u00f4le judiciaire vient d\u2019avoir lieu. Le \u201cprocess\u201d est en cours s\u2019agissant des autres mis en cause\u00a0\u00bb, a ajout\u00e9 le parquet.<\/p>\n<p>                                       Lire aussi |  Article r\u00e9serv\u00e9 \u00e0 nos abonn\u00e9s  <a href=\"https:\/\/www.lemonde.fr\/culture\/article\/2025\/11\/08\/reactions-indignees-apres-des-perturbations-lors-du-concert-parisien-de-l-orchestre-philharmonique-d-israel_6652668_3246.html\" class=\"js-article-read-also catcher--favoris__link\" data-premium=\"1\" id=\"article-title-3445669\" target=\"_blank\" rel=\"noopener\">Apr\u00e8s les perturbations lors du concert de l\u2019Orchestre philharmonique d\u2019Isra\u00ebl \u00e0 Paris, quatre gardes \u00e0 vue et des r\u00e9actions indign\u00e9es<\/a>    <\/p>\n<p>   Lire plus tard  <\/p>\n<p class=\"article__paragraph  \">Le juge est saisi de nombreuses infractions\u00a0: \u00ab\u00a0d\u00e9gradation du bien d\u2019autrui par un moyen dangereux pour les personnes\u00a0\u00bb, \u00ab\u00a0mise en danger d\u2019autrui\u00a0\u00bb, \u00ab\u00a0d\u00e9tention sans motif l\u00e9gitime et interdit par arr\u00eat\u00e9 pr\u00e9fectoral de produit incendiaire\u00a0\u00bb, \u00ab\u00a0organisation d\u2019une manifestation sur la voie publique sans d\u00e9claration\u00a0\u00bb, \u00ab\u00a0refus de se soumettre aux op\u00e9rations de relev\u00e9s signal\u00e9tiques int\u00e9gr\u00e9s dans un fichier de police par personne soup\u00e7onn\u00e9e de d\u00e9lit\u00a0\u00bb, \u00ab\u00a0violence avec usage ou menace d\u2019une arme\u00a0\u00bb. Le parquet a dit avoir demand\u00e9 le placement sous contr\u00f4le judiciaire des mis en cause, avec des interdictions de para\u00eetre \u00e0 Paris, aux abords et dans les salles de spectacles.<\/p>\n<p class=\"article__paragraph  \">Par ailleurs, samedi, en fin d\u2019apr\u00e8s-midi, un groupe propalestinien s\u2019est rassembl\u00e9, en soutien, devant le commissariat du 19e\u00a0arrondissement o\u00f9 ces quatre personnes \u00e9taient entendues, selon une source polici\u00e8re \u00e0 l\u2019AFP.<\/p>\n<p class=\"article__paragraph  \">Ils ont \u00e9t\u00e9 rejoints par un groupe pro-isra\u00e9lien et une rixe a \u00e9clat\u00e9 entre eux. Des policiers sont intervenus pour les s\u00e9parer et trois de ces derniers ont \u00e9t\u00e9 bless\u00e9s, selon la m\u00eame source, qui ajoute que trois militants pro-isra\u00e9liens et un propalestinien ont \u00e9t\u00e9 interpell\u00e9s.<\/p>\n<p class=\"article__paragraph  \">Les trois premiers ont \u00e9t\u00e9 interpell\u00e9s \u00ab\u00a0pour outrage, violences sur personne d\u00e9positaire de l\u2019autorit\u00e9 publique\u00a0\u00bb et plac\u00e9s en garde \u00e0 vue. Le militant propalestinien a \u00e9t\u00e9 interpell\u00e9 par la suite pour avoir tenu des propos antis\u00e9mites, d\u2019apr\u00e8s la source de l\u2019AFP.<\/p>\n<p class=\"author__detail\">  Le Monde avec AFP  <\/p>\n<p>                <a href=\"https:\/\/www.lemonde.fr\/syndication\/\" class=\"reuse__content\" title=\"R\u00e9utiliser ce contenu\" target=\"_blank\" rel=\"noopener\">R\u00e9utiliser ce contenu<\/a>      <\/p>\n","protected":false},"excerpt":{"rendered":"Capture d\u2019\u00e9cran d\u2019une vid\u00e9o prise lors de la repr\u00e9sentation de l\u2019Orchestre philharmonique d\u2019Isra\u00ebl, \u00e0 la Philarmonie de Paris,&hellip;\n","protected":false},"author":2,"featured_media":523043,"comment_status":"","ping_status":"","sticky":false,"template":"","format":"standard","meta":{"footnotes":""},"categories":[4],"tags":[11,1011,27,12,25],"class_list":{"0":"post-523042","1":"post","2":"type-post","3":"status-publish","4":"format-standard","5":"has-post-thumbnail","7":"category-france","8":"tag-actualites","9":"tag-fr","10":"tag-france","11":"tag-news","12":"tag-republique-francaise"},"share_on_mastodon":{"url":"https:\/\/pubeurope.com\/@fr\/115520546842727949","error":""},"_links":{"self":[{"href":"https:\/\/www.europesays.com\/fr\/wp-json\/wp\/v2\/posts\/523042","targetHints":{"allow":["GET"]}}],"collection":[{"href":"https:\/\/www.europesays.com\/fr\/wp-json\/wp\/v2\/posts"}],"about":[{"href":"https:\/\/www.europesays.com\/fr\/wp-json\/wp\/v2\/types\/post"}],"author":[{"embeddable":true,"href":"https:\/\/www.europesays.com\/fr\/wp-json\/wp\/v2\/users\/2"}],"replies":[{"embeddable":true,"href":"https:\/\/www.europesays.com\/fr\/wp-json\/wp\/v2\/comments?post=523042"}],"version-history":[{"count":0,"href":"https:\/\/www.europesays.com\/fr\/wp-json\/wp\/v2\/posts\/523042\/revisions"}],"wp:featuredmedia":[{"embeddable":true,"href":"https:\/\/www.europesays.com\/fr\/wp-json\/wp\/v2\/media\/523043"}],"wp:attachment":[{"href":"https:\/\/www.europesays.com\/fr\/wp-json\/wp\/v2\/media?parent=523042"}],"wp:term":[{"taxonomy":"category","embeddable":true,"href":"https:\/\/www.europesays.com\/fr\/wp-json\/wp\/v2\/categories?post=523042"},{"taxonomy":"post_tag","embeddable":true,"href":"https:\/\/www.europesays.com\/fr\/wp-json\/wp\/v2\/tags?post=523042"}],"curies":[{"name":"wp","href":"https:\/\/api.w.org\/{rel}","templated":true}]}}