{"id":523050,"date":"2025-11-09T15:59:14","date_gmt":"2025-11-09T15:59:14","guid":{"rendered":"https:\/\/www.europesays.com\/fr\/523050\/"},"modified":"2025-11-09T15:59:14","modified_gmt":"2025-11-09T15:59:14","slug":"football-las-nancy-lorraine-pour-retrouver-le-bon-tempo-face-aux-tango-de-laval","status":"publish","type":"post","link":"https:\/\/www.europesays.com\/fr\/523050\/","title":{"rendered":"Football. L\u2019AS Nancy Lorraine pour retrouver le bon tempo face aux \u00ab Tango \u00bb de Laval"},"content":{"rendered":"<p>ASNL &#8211; Laval<\/p>\n<p>Ce vendredi \u00e0 20 h<\/p>\n<p>L\u2019expression d\u2019origine allemande \u00ab schadenfreude \u00bb, vous connaissez ? Cela consiste \u00e0 ressentir un plaisir malsain en observant le malheur des autres. On ne sait pas si beaucoup de monde, \u00e0 l\u2019ASNL, poss\u00e8de la r\u00e9f\u00e9rence, mais on peut vous assurer que personne au club n\u2019a le sourire en voyant le prochain visiteur du stade Marcel-Picot, en l\u2019occurrence le Stade Lavallois, traverser des heures bien plus compliqu\u00e9es encore (0 victoire et 1 seul but inscrit lors des 7 derni\u00e8res journ\u00e9es). Toujours priv\u00e9s de la cr\u00e9ativit\u00e9 de Zakaria Fdaouch et confront\u00e9s \u00e0 <a href=\"https:\/\/www.estrepublicain.fr\/sport\/2025\/11\/05\/penurie-de-gardiens-a-l-as-nancy-lorraine-apres-la-grave-blessure-de-martin-sourzac\" target=\"_blank\" rel=\"noopener\">une h\u00e9catombe au poste de gardiens<\/a> (grave blessure de Martin Sourzac, forfait de Kenzo No\u00ebl), les Nanc\u00e9iens pensent, d\u2019abord, \u00e0 r\u00e9gler leurs propres probl\u00e8mes. \u00ab On se concentre sur nous, sur notre jeu. On ne se focalise pas sur Laval mais, si on fait un bon match et qu\u2019on gagne, on sait qu\u2019on laissera les Lavallois bien derri\u00e8re nous au classement \u00bb r\u00e9sume l\u2019attaquant nanc\u00e9ien Brandon Bokangu.<\/p>\n<p>  L\u2019exp\u00e9rience de Nancy-Bastia<\/p>\n<p>Avant la petite coupure du championnat et <a href=\"https:\/\/www.estrepublicain.fr\/sport\/2025\/11\/04\/changement-de-date-et-d-horaire-pour-le-match-entre-l-as-nancy-lorraine-et-tomblaine\" target=\"_blank\" rel=\"noopener\">l\u2019entr\u00e9e en lice en Coupe de France (7e tour contre Tomblaine)<\/a> , ce serait d\u00e9j\u00e0 bien, tr\u00e8s bien m\u00eame, de vivre les deux prochaines semaines en comptant trois points de plus au classement. Autrement dit, l\u2019ASNL a besoin d\u2019une victoire, ce vendredi soir contre Laval, pour chasser la frustration et la d\u00e9ception de <a href=\"https:\/\/www.estrepublicain.fr\/sport\/2025\/10\/31\/suivez-avec-nous-le-match-entre-le-mans-fc-et-l-as-nancy-lorraine\" target=\"_blank\" rel=\"noopener\">la derni\u00e8re d\u00e9faite au Mans (1-0)<\/a> , en n\u2019ayant pas r\u00e9ussi \u00e0 surfer sur le soulagement apport\u00e9 par le retour d\u2019un succ\u00e8s, trois jours plus t\u00f4t, face aux Bastiais \u00e0 Picot (1-0).<\/p>\n<p>Voil\u00e0, d\u2019ailleurs, le promu nanc\u00e9ien parti pour une nouvelle soir\u00e9e \u00e0 fort enjeu, \u00e0 domicile, contre un adversaire englu\u00e9 dans une vilaine s\u00e9rie. <a href=\"https:\/\/www.estrepublicain.fr\/sport\/2025\/10\/28\/ligue-2-suivez-la-rencontre-de-l-as-nancy-lorraine-face-a-bastia-avec-nous\" target=\"_blank\" rel=\"noopener\">Comme face \u00e0 la lanterne rouge bastiaise<\/a> , il y a une dizaine de jours. Puisque l\u2019ASNL avait bien n\u00e9goci\u00e9 psychologiquement cette r\u00e9ception de Bastia, on peut imaginer que l\u2019exp\u00e9rience va lui servir, ce vendredi soir. Pas question d\u2019\u00eatre l\u2019\u00e9quipe qui va relancer Laval.<\/p>\n<p>  Seulement quatre matches de L2 avant la tr\u00eave hivernale<\/p>\n<p>Dans cette Ligue 2 encore extr\u00eamement serr\u00e9e, avec seulement 6 points d\u2019\u00e9cart entre le 6e et le 15e, c\u2019est le genre de rendez-vous qui vaut cher, bien s\u00fbr, mais ce n\u2019est pas non plus une finale pour le maintien. Loin de l\u00e0. Pour <a href=\"https:\/\/www.estrepublicain.fr\/p\/pablo-correa\" target=\"_blank\" rel=\"noopener\">Pablo Correa<\/a> , ce n\u2019est d\u2019ailleurs pas encore le moment de tirer des conclusions : \u00ab L\u2019heure du bilan viendra \u00e0 la tr\u00eave hivernale. Il nous reste quatre matches de championnat avant la fin de la phase aller, seulement quatre matches. Et le premier de ces quatre matches, c\u2019est Laval qui accapare toute notre attention. Cela ne fera pas beaucoup de matches de L2 d\u2019ici la tr\u00eave, en sachant que l\u2019on est d\u00e9but novembre. D\u2019o\u00f9 la n\u00e9cessit\u00e9 de passer des tours en Coupe de France, aussi \u00bb.<\/p>\n<p>  Manque de force<\/p>\n<p>Dans le jeu, on n\u2019a pas l\u2019impression que c\u2019est le jour et la nuit entre l\u2019ASNL qui carburait au super au d\u00e9but de saison et l\u2019ASNL qui avance trop lentement en ce moment (2 victoires lors des 10 derni\u00e8res journ\u00e9es). Mais <a href=\"https:\/\/www.estrepublicain.fr\/sport\/2025\/11\/01\/as-nancy-lorraine-un-deficit-de-points-qui-s-explique-par-un-manque-de-talent-pour-l-instant\" target=\"_blank\" rel=\"noopener\">cette baisse de r\u00e9gime<\/a> n\u2019est pas non plus un hasard, comme l\u2019explique Pablo Correa : \u00ab On est moins adepte du pressing, on tente un peu moins, on est moins tranchant, on souffre \u00e9galement d\u2019un manque de force par moments. Mais je vois aussi mon \u00e9quipe en capacit\u00e9 de r\u00e9agir en permanence et, \u00e7a, c\u2019est tr\u00e8s important. On est une \u00e9quipe jeune en Ligue 2, perfectible, avec une marge de progression \u00bb.<\/p>\n<p>Une ASNL qui semble, donc, avoir encore besoin de temps pour trouver son rythme de croisi\u00e8re dans ce championnat. Pour y parvenir dans un futur tr\u00e8s proche, il faudra commencer par bien n\u00e9gocier l\u2019instant pr\u00e9sent, ce vendredi contre Laval, \u00e0 l\u2019occasion de la 14e journ\u00e9e de championnat, d\u00e9j\u00e0.<\/p>\n","protected":false},"excerpt":{"rendered":"ASNL &#8211; Laval Ce vendredi \u00e0 20 h L\u2019expression d\u2019origine allemande \u00ab schadenfreude \u00bb, vous connaissez ? Cela&hellip;\n","protected":false},"author":2,"featured_media":523051,"comment_status":"","ping_status":"","sticky":false,"template":"","format":"standard","meta":{"footnotes":""},"categories":[9635],"tags":[1111,11,3703,1707,1704,1706,1705,1777,674,1701,63,1011,27,775,1702,1703,12,25,517,1700],"class_list":{"0":"post-523050","1":"post","2":"type-post","3":"status-publish","4":"format-standard","5":"has-post-thumbnail","7":"category-nancy","8":"tag-actu","9":"tag-actualites","10":"tag-asnl","11":"tag-edition-luneville","12":"tag-edition-nancy-et-agglomeration","13":"tag-edition-pont-a-mousson","14":"tag-edition-toul","15":"tag-eu","16":"tag-europe","17":"tag-fil-info-sport","18":"tag-football","19":"tag-fr","20":"tag-france","21":"tag-grand-est","22":"tag-nancy","23":"tag-nancy-ville-54b","24":"tag-news","25":"tag-republique-francaise","26":"tag-sport","27":"tag-sport-lorrain"},"share_on_mastodon":{"url":"https:\/\/pubeurope.com\/@fr\/115520577427150091","error":""},"_links":{"self":[{"href":"https:\/\/www.europesays.com\/fr\/wp-json\/wp\/v2\/posts\/523050","targetHints":{"allow":["GET"]}}],"collection":[{"href":"https:\/\/www.europesays.com\/fr\/wp-json\/wp\/v2\/posts"}],"about":[{"href":"https:\/\/www.europesays.com\/fr\/wp-json\/wp\/v2\/types\/post"}],"author":[{"embeddable":true,"href":"https:\/\/www.europesays.com\/fr\/wp-json\/wp\/v2\/users\/2"}],"replies":[{"embeddable":true,"href":"https:\/\/www.europesays.com\/fr\/wp-json\/wp\/v2\/comments?post=523050"}],"version-history":[{"count":0,"href":"https:\/\/www.europesays.com\/fr\/wp-json\/wp\/v2\/posts\/523050\/revisions"}],"wp:featuredmedia":[{"embeddable":true,"href":"https:\/\/www.europesays.com\/fr\/wp-json\/wp\/v2\/media\/523051"}],"wp:attachment":[{"href":"https:\/\/www.europesays.com\/fr\/wp-json\/wp\/v2\/media?parent=523050"}],"wp:term":[{"taxonomy":"category","embeddable":true,"href":"https:\/\/www.europesays.com\/fr\/wp-json\/wp\/v2\/categories?post=523050"},{"taxonomy":"post_tag","embeddable":true,"href":"https:\/\/www.europesays.com\/fr\/wp-json\/wp\/v2\/tags?post=523050"}],"curies":[{"name":"wp","href":"https:\/\/api.w.org\/{rel}","templated":true}]}}