{"id":523052,"date":"2025-11-09T16:01:26","date_gmt":"2025-11-09T16:01:26","guid":{"rendered":"https:\/\/www.europesays.com\/fr\/523052\/"},"modified":"2025-11-09T16:01:26","modified_gmt":"2025-11-09T16:01:26","slug":"zidane-chabal-payet-nasri-bastareaud-les-stars-du-foot-et-du-rugby-reunies-a-toulon-pour","status":"publish","type":"post","link":"https:\/\/www.europesays.com\/fr\/523052\/","title":{"rendered":"Zidane, Chabal, Payet, Nasri, Bastareaud\u2026 Les stars du foot et du rugby r\u00e9unies \u00e0 Toulon pour"},"content":{"rendered":"<p>Les gloires du football et du rugby r\u00e9unies pour la bonne cause. Ce lundi 10\u00a0novembre, apr\u00e8s Bastia en 2018, Bordeaux en 2019 et 2021, Nice en 2022 ainsi que Lens en 2023 et 2024, les l\u00e9gendes fran\u00e7aises du ballon rond et de l\u2019ovalie se retrouvent \u00e0 Toulon pour disputer le \u00ab\u00a0Match des l\u00e9gendes\u00a0\u00bb.<\/p>\n<p>Zidane pr\u00e9sent mais bless\u00e9<\/p>\n<p>Organis\u00e9e par Pascal Olmeta, ancien gardien de l\u2019Olympique de Marseille ou de l\u2019Olympique Lyonnais notamment, la rencontre reversera l\u2019int\u00e9gralit\u00e9 de ses b\u00e9n\u00e9fices \u00e0 l\u2019association <strong>\u00ab\u00a0Un espoir, un sourire pour la vie\u00a0\u00bb<\/strong>, fond\u00e9e en 2006 par le Corse et qui souhaite favoriser le bien-\u00eatre physique et mental des enfants malades et de leurs familles.<\/p>\n<blockquote class=\"instagram-media\" data-instgrm-captioned=\"\" data-instgrm-permalink=\"https:\/\/www.instagram.com\/p\/DPgoWiTCAlW\/?utm_source=ig_embed&amp;utm_campaign=loading\" data-instgrm-version=\"14\" style=\" background:#FFF; border:0; border-radius:3px; box-shadow:0 0 1px 0 rgba(0,0,0,0.5),0 1px 10px 0 rgba(0,0,0,0.15); margin: 1px; max-width:540px; min-width:326px; padding:0; width:99.375%; width:-webkit-calc(100% - 2px); width:calc(100% - 2px);\" wp_automatic_readability=\"-0.24137931034483\"\/>\n<p>Comme d\u2019habitude, le match sera d\u00e9coup\u00e9 en deux mi-temps\u00a0: une de football et une de rugby. De grands noms du sport fran\u00e7ais ont r\u00e9pondu \u00e0 l\u2019appel de Pascal Olmeta. On recense notamment\u00a0Fabien Barthez, Dimitri Payet, Samir Nasri, David Ginola ou Ludovic Giuly pour le ballon rond ainsi que\u00a0S\u00e9bastien Chabal, Mathieu Bastareaud ou encore Pierre Mignoni c\u00f4t\u00e9 ovalie. Zin\u00e9dine Zidane sera \u00e9galement de la partie au Stade Mayol mais ne pourra pas jouer avec ses comp\u00e8res, la l\u00e9gende du football fran\u00e7ais tra\u00eenant une blessure musculaire, <a href=\"https:\/\/cannes.maville.com\/sport\/detail_-zinedine-zidane-didier-deschamps-et-patrick-vieira-reunis-pour-un-match-de-gala-caritatif-a-cannes-_54135-7038953_actu.Htm\" target=\"_blank\" rel=\"noopener\">comme \u00e7a avait d\u00e9j\u00e0 \u00e9t\u00e9 le cas pour le gala caritatif de l\u2019US Cannes<\/a>.<\/p>\n<p><strong>Lire aussi.<\/strong>\u00a0<a href=\"https:\/\/vitre.maville.com\/sport\/detail_-a-99-ans-pierre-pottier-l-un-des-plus-vieux-supporters-du-stade-rennais-est-retourne-au-roazhon-park-_7-7055823_actu.Htm\" target=\"_blank\" rel=\"noopener\">\u00c0 99\u00a0ans, Pierre Pottier, l\u2019un des plus vieux supporters du Stade Rennais, est retourn\u00e9 au Roazhon Park<\/a><\/p>\n<p>\u00c0 Clairefontaine pour pr\u00e9parer le rassemblement de l\u2019\u00e9quipe de France, qui affronte l\u2019Ukraine (13\u00a0novembre, 20\u00a0h\u00a045) et l\u2019Azerba\u00efdjan (16\u00a0novembre, 18\u00a0h) pour tenter de valider son ticket pour la Coupe du monde 2026, Didier Deschamps a lui d\u00fb d\u00e9cliner l\u2019invitation. Le coup d\u2019envoi de cette rencontre pour la bonne cause sera donn\u00e9 \u00e0 19\u00a0h.<\/p>\n<p>\u00a0<\/p>\n<p>\t\t<script async src=\"\/\/www.instagram.com\/embed.js\"><\/script><\/p>\n","protected":false},"excerpt":{"rendered":"Les gloires du football et du rugby r\u00e9unies pour la bonne cause. Ce lundi 10\u00a0novembre, apr\u00e8s Bastia en&hellip;\n","protected":false},"author":2,"featured_media":523053,"comment_status":"","ping_status":"","sticky":false,"template":"","format":"standard","meta":{"footnotes":""},"categories":[9619],"tags":[1111,11,1438,3809,1465,1777,674,63,1011,27,1792,1922,12,882,25,479,517,2310,1470],"class_list":{"0":"post-523052","1":"post","2":"type-post","3":"status-publish","4":"format-standard","5":"has-post-thumbnail","7":"category-toulon","8":"tag-actu","9":"tag-actualites","10":"tag-angers","11":"tag-ball","12":"tag-basket","13":"tag-eu","14":"tag-europe","15":"tag-football","16":"tag-fr","17":"tag-france","18":"tag-handball","19":"tag-info","20":"tag-news","21":"tag-provence-alpes-cote-dazur","22":"tag-republique-francaise","23":"tag-rugby","24":"tag-sport","25":"tag-toulon","26":"tag-volley"},"share_on_mastodon":{"url":"https:\/\/pubeurope.com\/@fr\/115520581434038705","error":""},"_links":{"self":[{"href":"https:\/\/www.europesays.com\/fr\/wp-json\/wp\/v2\/posts\/523052","targetHints":{"allow":["GET"]}}],"collection":[{"href":"https:\/\/www.europesays.com\/fr\/wp-json\/wp\/v2\/posts"}],"about":[{"href":"https:\/\/www.europesays.com\/fr\/wp-json\/wp\/v2\/types\/post"}],"author":[{"embeddable":true,"href":"https:\/\/www.europesays.com\/fr\/wp-json\/wp\/v2\/users\/2"}],"replies":[{"embeddable":true,"href":"https:\/\/www.europesays.com\/fr\/wp-json\/wp\/v2\/comments?post=523052"}],"version-history":[{"count":0,"href":"https:\/\/www.europesays.com\/fr\/wp-json\/wp\/v2\/posts\/523052\/revisions"}],"wp:featuredmedia":[{"embeddable":true,"href":"https:\/\/www.europesays.com\/fr\/wp-json\/wp\/v2\/media\/523053"}],"wp:attachment":[{"href":"https:\/\/www.europesays.com\/fr\/wp-json\/wp\/v2\/media?parent=523052"}],"wp:term":[{"taxonomy":"category","embeddable":true,"href":"https:\/\/www.europesays.com\/fr\/wp-json\/wp\/v2\/categories?post=523052"},{"taxonomy":"post_tag","embeddable":true,"href":"https:\/\/www.europesays.com\/fr\/wp-json\/wp\/v2\/tags?post=523052"}],"curies":[{"name":"wp","href":"https:\/\/api.w.org\/{rel}","templated":true}]}}