{"id":523057,"date":"2025-11-09T16:04:09","date_gmt":"2025-11-09T16:04:09","guid":{"rendered":"https:\/\/www.europesays.com\/fr\/523057\/"},"modified":"2025-11-09T16:04:09","modified_gmt":"2025-11-09T16:04:09","slug":"meteo-petites-pluies-et-temps-gris-au-programme-de-la-semaine-en-seine-maritime","status":"publish","type":"post","link":"https:\/\/www.europesays.com\/fr\/523057\/","title":{"rendered":"M\u00e9t\u00e9o. Petites pluies et temps gris au programme de la semaine en Seine-Maritime"},"content":{"rendered":"<p>            Par<br \/>\n        <strong><br \/>\n            <a href=\"https:\/\/actu.fr\/auteur\/louise-boutard\" title=\"Consulter tous les articles de Louise Boutard\" rel=\"nofollow noopener\" target=\"_blank\">Louise Boutard<\/a><br \/>\n        <\/strong><\/p>\n<p>        Publi\u00e9 le<\/p>\n<p>            9 nov. 2025 \u00e0 16h14        <\/p>\n<p>Les <strong>temp\u00e9ratures ont \u00e9t\u00e9 plut\u00f4t cl\u00e9mentes<\/strong> pour ce d\u00e9but d\u2019automne <a href=\"https:\/\/actu.fr\/76actu\/\" rel=\"nofollow noopener\" target=\"_blank\">en Seine-Maritime.<\/a> \u00c0 quoi doit-on s\u2019attendre c\u00f4t\u00e9 m\u00e9t\u00e9o pour la semaine du 10 au 16\u00a0novembre 2025\u2009? On fait le point.<\/p>\n<p>Petite pluie et temps couvert<\/p>\n<p class=\" wall-content\">La semaine commencera par de <strong>petites pluies,<\/strong> avant un temps plus sec mais venteux pour ceux qui pourront profiter du jour f\u00e9ri\u00e9 mardi 11\u00a0novembre. Des<strong> rafales de 45\u00a0km\/h<\/strong> sont annonc\u00e9es \u00e0 <a href=\"https:\/\/actu.fr\/normandie\/rouen_76540\" rel=\"nofollow noopener\" target=\"_blank\">Rouen<\/a>, et 55 km\/h <a href=\"https:\/\/actu.fr\/normandie\/le-havre_76351\" rel=\"nofollow noopener\" target=\"_blank\">au\u00a0Havre.<\/a><\/p>\n<p class=\" wall-content\"><strong>L\u2019alerte jaune orage<\/strong> pr\u00e9vue en Bretagne et jusque dans la Manche ce lundi n\u2019a pas \u00e9t\u00e9 signal\u00e9e au niveau d\u2019alerte pour la Seine-Maritime, pour le moment.<\/p>\n<p class=\" wall-content\">La semaine sera\u00a0couverte \u00e9galement jusqu\u2019au retour de la <strong>pluie annonc\u00e9 pour le week-end.<\/strong><\/p>\n<p>Vous souhaitez annoncer un \u00e9v\u00e9nement festif ou associatif, une initiative locale\u2009? Rendez-vous sur notre<a href=\"https:\/\/www.infolocale.fr\/decouvrir\/actu\/\" rel=\"nofollow noopener\" target=\"_blank\"> plateforme Infolocale.<\/a><\/p>\n<p class=\" wall-content\">Personnalisez votre actualit\u00e9 en ajoutant vos villes et m\u00e9dias en favori avec <a href=\"https:\/\/moncompte.actu.fr\" title=\"D\u00e9couvez Mon Actu\" rel=\"nofollow noopener\" data-trk=\"{&quot;cta&quot;:{&quot;action&quot;:&quot;https:\\\/\\\/moncompte.actu.fr&quot;,&quot;category&quot;:&quot;mon compte&quot;,&quot;from&quot;:&quot;article footer&quot;,&quot;name&quot;:&quot;Mon actu&quot;,&quot;type&quot;:&quot;cta&quot;}}\" target=\"_blank\">Mon Actu<\/a>.<\/p>\n","protected":false},"excerpt":{"rendered":"Par Louise Boutard Publi\u00e9 le 9 nov. 2025 \u00e0 16h14 Les temp\u00e9ratures ont \u00e9t\u00e9 plut\u00f4t cl\u00e9mentes pour ce&hellip;\n","protected":false},"author":2,"featured_media":523058,"comment_status":"","ping_status":"","sticky":false,"template":"","format":"standard","meta":{"footnotes":""},"categories":[9587],"tags":[1111,11,1777,674,1011,27,2357,12,5161,25,9590,104],"class_list":{"0":"post-523057","1":"post","2":"type-post","3":"status-publish","4":"format-standard","5":"has-post-thumbnail","7":"category-rouen","8":"tag-actu","9":"tag-actualites","10":"tag-eu","11":"tag-europe","12":"tag-fr","13":"tag-france","14":"tag-meteo-france","15":"tag-news","16":"tag-normandie","17":"tag-republique-francaise","18":"tag-rouen","19":"tag-societe"},"share_on_mastodon":{"url":"","error":""},"_links":{"self":[{"href":"https:\/\/www.europesays.com\/fr\/wp-json\/wp\/v2\/posts\/523057","targetHints":{"allow":["GET"]}}],"collection":[{"href":"https:\/\/www.europesays.com\/fr\/wp-json\/wp\/v2\/posts"}],"about":[{"href":"https:\/\/www.europesays.com\/fr\/wp-json\/wp\/v2\/types\/post"}],"author":[{"embeddable":true,"href":"https:\/\/www.europesays.com\/fr\/wp-json\/wp\/v2\/users\/2"}],"replies":[{"embeddable":true,"href":"https:\/\/www.europesays.com\/fr\/wp-json\/wp\/v2\/comments?post=523057"}],"version-history":[{"count":0,"href":"https:\/\/www.europesays.com\/fr\/wp-json\/wp\/v2\/posts\/523057\/revisions"}],"wp:featuredmedia":[{"embeddable":true,"href":"https:\/\/www.europesays.com\/fr\/wp-json\/wp\/v2\/media\/523058"}],"wp:attachment":[{"href":"https:\/\/www.europesays.com\/fr\/wp-json\/wp\/v2\/media?parent=523057"}],"wp:term":[{"taxonomy":"category","embeddable":true,"href":"https:\/\/www.europesays.com\/fr\/wp-json\/wp\/v2\/categories?post=523057"},{"taxonomy":"post_tag","embeddable":true,"href":"https:\/\/www.europesays.com\/fr\/wp-json\/wp\/v2\/tags?post=523057"}],"curies":[{"name":"wp","href":"https:\/\/api.w.org\/{rel}","templated":true}]}}