{"id":523075,"date":"2025-11-09T16:18:21","date_gmt":"2025-11-09T16:18:21","guid":{"rendered":"https:\/\/www.europesays.com\/fr\/523075\/"},"modified":"2025-11-09T16:18:21","modified_gmt":"2025-11-09T16:18:21","slug":"pont-saint-martin-les-commercants-toujours-aussi-dynamiques","status":"publish","type":"post","link":"https:\/\/www.europesays.com\/fr\/523075\/","title":{"rendered":"Pont-Saint-Martin. Les commer\u00e7ants toujours aussi dynamiques"},"content":{"rendered":"<p>Avec 65\u00a0adh\u00e9rents, dont deux nouvelles \u00e9lues \u2013 Tina Legal et Julie Le Cars \u2013, l\u2019Union des commer\u00e7ants, artisans et professions lib\u00e9rales (UCAPL) poursuit son action pour promouvoir le commerce et l\u2019artisanat local.<\/p>\n<p>\u00ab\u00a0Les artisans, commer\u00e7ants, professions lib\u00e9rales, autoentrepreneurs et vendeurs \u00e0 domicile ind\u00e9pendants install\u00e9s sur la commune peuvent adh\u00e9rer, moyennant une cotisation annuelle de 70\u00a0\u20ac\u00a0\u00bb, pr\u00e9cise le pr\u00e9sident Willy Dublet.<\/p>\n<p>Un p\u00e8re No\u00ebl recherch\u00e9<\/p>\n<p>Tout au long de l\u2019ann\u00e9e, l\u2019association organise plusieurs animations en partenariat avec la mairie, telles que la chasse aux \u0153ufs de P\u00e2ques ou les F\u00e9eries de No\u00ebl.<\/p>\n<p>Pour cette derni\u00e8re, pr\u00e9vue le samedi 6\u00a0d\u00e9cembre, l\u2019UCAPL recherche un ou plusieurs volontaires pour endosser le costume du p\u00e8re No\u00ebl, de 16\u00a0heures \u00e0 20\u00a0heures, avec la possibilit\u00e9 d\u2019assurer des permanences par roulement.<\/p>\n<p>L\u2019association se f\u00e9licite \u00e9galement du succ\u00e8s de la quinzaine commerciale\u00a0: \u00ab\u00a01\u00a0200\u00a0bulletins de participation ont \u00e9t\u00e9 d\u00e9pos\u00e9s, preuve d\u2019un bel engouement.\u00a0\u00bb<\/p>\n<p>Vingt-cinq commerces et artisans y ont pris part, et Sylvie Gantier, grande gagnante, a remport\u00e9 un s\u00e9jour de deux jours en lodge \u00e0 Plan\u00e8te Sauvage.<\/p>\n<p>Pour devenir p\u00e8re No\u00ebl ou adh\u00e9rer \u00e0 l\u2019UCAPL\u00a0: ucapl.fr ou 06\u00a007\u00a097\u00a075\u00a059.<\/p>\n<p>\u00a0<\/p>\n","protected":false},"excerpt":{"rendered":"Avec 65\u00a0adh\u00e9rents, dont deux nouvelles \u00e9lues \u2013 Tina Legal et Julie Le Cars \u2013, l\u2019Union des commer\u00e7ants, artisans&hellip;\n","protected":false},"author":2,"featured_media":523076,"comment_status":"","ping_status":"","sticky":false,"template":"","format":"standard","meta":{"footnotes":""},"categories":[2818],"tags":[1111,11,7230,64350,1777,674,1011,27,766,12,2636,5689,25,1810],"class_list":{"0":"post-523075","1":"post","2":"type-post","3":"status-publish","4":"format-standard","5":"has-post-thumbnail","7":"category-nantes","8":"tag-actu","9":"tag-actualites","10":"tag-commercants","11":"tag-dynamiques","12":"tag-eu","13":"tag-europe","14":"tag-fr","15":"tag-france","16":"tag-nantes","17":"tag-news","18":"tag-pays-de-la-loire","19":"tag-pont-saint-martin","20":"tag-republique-francaise","21":"tag-toujours"},"share_on_mastodon":{"url":"https:\/\/pubeurope.com\/@fr\/115520648286225747","error":""},"_links":{"self":[{"href":"https:\/\/www.europesays.com\/fr\/wp-json\/wp\/v2\/posts\/523075","targetHints":{"allow":["GET"]}}],"collection":[{"href":"https:\/\/www.europesays.com\/fr\/wp-json\/wp\/v2\/posts"}],"about":[{"href":"https:\/\/www.europesays.com\/fr\/wp-json\/wp\/v2\/types\/post"}],"author":[{"embeddable":true,"href":"https:\/\/www.europesays.com\/fr\/wp-json\/wp\/v2\/users\/2"}],"replies":[{"embeddable":true,"href":"https:\/\/www.europesays.com\/fr\/wp-json\/wp\/v2\/comments?post=523075"}],"version-history":[{"count":0,"href":"https:\/\/www.europesays.com\/fr\/wp-json\/wp\/v2\/posts\/523075\/revisions"}],"wp:featuredmedia":[{"embeddable":true,"href":"https:\/\/www.europesays.com\/fr\/wp-json\/wp\/v2\/media\/523076"}],"wp:attachment":[{"href":"https:\/\/www.europesays.com\/fr\/wp-json\/wp\/v2\/media?parent=523075"}],"wp:term":[{"taxonomy":"category","embeddable":true,"href":"https:\/\/www.europesays.com\/fr\/wp-json\/wp\/v2\/categories?post=523075"},{"taxonomy":"post_tag","embeddable":true,"href":"https:\/\/www.europesays.com\/fr\/wp-json\/wp\/v2\/tags?post=523075"}],"curies":[{"name":"wp","href":"https:\/\/api.w.org\/{rel}","templated":true}]}}