{"id":523081,"date":"2025-11-09T16:21:14","date_gmt":"2025-11-09T16:21:14","guid":{"rendered":"https:\/\/www.europesays.com\/fr\/523081\/"},"modified":"2025-11-09T16:21:14","modified_gmt":"2025-11-09T16:21:14","slug":"hugo-hay-remporte-les-10-km-de-bordeaux-et-bat-son-record-personnel","status":"publish","type":"post","link":"https:\/\/www.europesays.com\/fr\/523081\/","title":{"rendered":"Hugo Hay remporte les 10 km de Bordeaux et bat son record personnel"},"content":{"rendered":"<p>\u00c0 l\u2019arr\u00eat forc\u00e9 depuis de longs mois en raison d\u2019une succession de p\u00e9pins physiques, et contraint surtout de renoncer \u00e0 sa saison estivale faute d\u2019une condition optimale, Hugo Hay a retrouv\u00e9 le go\u00fbt de la comp\u00e9tition ce dimanche 9\u00a0novembre, \u00e0 l\u2019occasion des 10\u00a0km de Bordeaux.<\/p>\n<p>\u00ab\u00a0L\u2019id\u00e9e, c\u2019est de remettre un dossard et de savoir, aussi, vraiment o\u00f9 j\u2019en suis. C\u2019est difficile de savoir combien je vaux, je suis un peu dans l\u2019expectative\u00a0\u00bb, <a target=\"_blank\" href=\"https:\/\/www.lanouvellerepublique.fr\/bressuire\/athletisme-pour-hugo-hay-enfin-la-fin-des-tracas-1761642592\" rel=\"nofollow noopener\">confiait le demi-fondeur bocain \u00e0 la fin du mois d\u2019octobre<\/a>, apr\u00e8s avoir retrouv\u00e9 une certaine r\u00e9gularit\u00e9 dans l\u2019entra\u00eenement du c\u00f4t\u00e9 de Font Romeu, en altitude. Et son installation \u00e0 Toulouse a visiblement port\u00e9 ses fruits, puisque le Sbaciste a remport\u00e9 la course bordelaise en devan\u00e7ant l\u2019Irlandais Jack O\u2019Leary et Cl\u00e9ment Touati (Amiens SC).<\/p>\n<p>Mieux\u00a0: avec un chrono final de 27&rsquo;40, le Deux-S\u00e9vrien am\u00e9liore assez nettement son record personnel, qui s\u2019\u00e9levait \u00e0 30&rsquo;53 jusqu\u2019\u00e0 pr\u00e9sent, sur une distance qu\u2019il n\u2019a que peu l\u2019habitude de disputer en comp\u00e9tition. De bon augure avant la saison estivale qui arrive, et sur laquelle on le retrouvera notamment sur le cross, o\u00f9 il tentera de briguer une place aux championnats d\u2019Europe \u00e0 l\u2019occasion de l\u2019\u00e9preuve s\u00e9lective \u00e0 Allonnes, programm\u00e9e le 19\u00a0novembre.<\/p>\n","protected":false},"excerpt":{"rendered":"\u00c0 l\u2019arr\u00eat forc\u00e9 depuis de longs mois en raison d\u2019une succession de p\u00e9pins physiques, et contraint surtout de&hellip;\n","protected":false},"author":2,"featured_media":523082,"comment_status":"","ping_status":"","sticky":false,"template":"","format":"standard","meta":{"footnotes":""},"categories":[2817],"tags":[1392,1111,11,1997,6753,2545,1777,674,1011,27,12,2219,25,7135,60],"class_list":{"0":"post-523081","1":"post","2":"type-post","3":"status-publish","4":"format-standard","5":"has-post-thumbnail","7":"category-bordeaux","8":"tag-a-la-une-local","9":"tag-actu","10":"tag-actualites","11":"tag-bordeaux","12":"tag-bressuire","13":"tag-deux-sevres","14":"tag-eu","15":"tag-europe","16":"tag-fr","17":"tag-france","18":"tag-news","19":"tag-nouvelle-aquitaine","20":"tag-republique-francaise","21":"tag-running","22":"tag-sports"},"share_on_mastodon":{"url":"https:\/\/pubeurope.com\/@fr\/115520660052907024","error":""},"_links":{"self":[{"href":"https:\/\/www.europesays.com\/fr\/wp-json\/wp\/v2\/posts\/523081","targetHints":{"allow":["GET"]}}],"collection":[{"href":"https:\/\/www.europesays.com\/fr\/wp-json\/wp\/v2\/posts"}],"about":[{"href":"https:\/\/www.europesays.com\/fr\/wp-json\/wp\/v2\/types\/post"}],"author":[{"embeddable":true,"href":"https:\/\/www.europesays.com\/fr\/wp-json\/wp\/v2\/users\/2"}],"replies":[{"embeddable":true,"href":"https:\/\/www.europesays.com\/fr\/wp-json\/wp\/v2\/comments?post=523081"}],"version-history":[{"count":0,"href":"https:\/\/www.europesays.com\/fr\/wp-json\/wp\/v2\/posts\/523081\/revisions"}],"wp:featuredmedia":[{"embeddable":true,"href":"https:\/\/www.europesays.com\/fr\/wp-json\/wp\/v2\/media\/523082"}],"wp:attachment":[{"href":"https:\/\/www.europesays.com\/fr\/wp-json\/wp\/v2\/media?parent=523081"}],"wp:term":[{"taxonomy":"category","embeddable":true,"href":"https:\/\/www.europesays.com\/fr\/wp-json\/wp\/v2\/categories?post=523081"},{"taxonomy":"post_tag","embeddable":true,"href":"https:\/\/www.europesays.com\/fr\/wp-json\/wp\/v2\/tags?post=523081"}],"curies":[{"name":"wp","href":"https:\/\/api.w.org\/{rel}","templated":true}]}}