{"id":523090,"date":"2025-11-09T16:26:14","date_gmt":"2025-11-09T16:26:14","guid":{"rendered":"https:\/\/www.europesays.com\/fr\/523090\/"},"modified":"2025-11-09T16:26:14","modified_gmt":"2025-11-09T16:26:14","slug":"une-centaine-de-familles-marseillaises-se-lancent-le-defi-de-mieux-consommer","status":"publish","type":"post","link":"https:\/\/www.europesays.com\/fr\/523090\/","title":{"rendered":"une centaine de familles marseillaises se lancent le d\u00e9fi de mieux consommer"},"content":{"rendered":"<p>\u00ab\u00a0\u00c0 Marseille, on voit bien que les poubelles sont un probl\u00e8me\u00a0: elles d\u00e9bordent souvent.\u00a0\u00bb Mathilde, 44\u00a0ans, participe, avec sa fille et son compagnon, \u00e0 la <a href=\"https:\/\/www.laprovence.com\/article\/region\/3142664776422614\/je-suis-passee-de-82-a-16-kilos-de-dechets-par-an-a-marseille-cent-familles-tentent-le-defi-zero-dechet\" target=\"_blank\" rel=\"noopener\">quatri\u00e8me \u00e9dition du D\u00e9fi familles z\u00e9ro d\u00e9chet<\/a>, initi\u00e9 par la M\u00e9tropole et mis en place par l\u2019association <a href=\"https:\/\/www.laprovence.com\/article\/ecoplanete\/34181686892358\/marseille-des-familles-partantes-pour-aller-vers-le-zero-dechet\" target=\"_blank\" rel=\"noopener\">Zero Waste Marseille<\/a>. \u00ab\u00a0Ma fille de 14\u00a0ans se questionne sur la pollution plastique, sur notre mani\u00e8re de consommer, sur notre responsabilit\u00e9 collective, justifie celle qui vit en appartement entre la Plaine et le Cours Julien (6e). Nous faisons d\u00e9j\u00e0 le tri, nous avons un composteur\u2026 Mais on veut aller plus loin, avoir des conseils et, surtout, une motivation suppl\u00e9mentaire\u00a0!\u00a0\u00bb<\/p>\n<p>Elle va donc faire comme Fr\u00e9d\u00e9rique, qui s\u2019\u00e9tait lanc\u00e9e dans l\u2019aventure en\u00a02023. Elle aussi triait verre et emballages, un geste du quotidien devenu anodin. Mais pour cette quadrag\u00e9naire, d\u00e9j\u00e0 sensibilis\u00e9e aux <a href=\"https:\/\/www.laprovence.com\/article\/france-monde\/1171253075475915\/climat-le-monde-reste-sur-une-trajectoire-de-rechauffement-catastrophique\" target=\"_blank\" rel=\"noopener\">enjeux environnementaux et climatiques<\/a>, ce n\u2019\u00e9tait pas suffisant non plus. Elle avait donc entra\u00een\u00e9 sa fille, Cl\u00e9mence (9\u00a0ans), et son compagnon, Armenio (43\u00a0ans), dans la deuxi\u00e8me \u00e9dition du D\u00e9fi.<\/p>\n<p>\u00ab\u00a0On a un seau \u00e0 compost et un lombricomposteur, on ach\u00e8te de plus en plus de vrac, on fait nos courses sur le site La Fourche o\u00f9 les sacs en papier ou le&#8230;<\/p>\n","protected":false},"excerpt":{"rendered":"\u00ab\u00a0\u00c0 Marseille, on voit bien que les poubelles sont un probl\u00e8me\u00a0: elles d\u00e9bordent souvent.\u00a0\u00bb Mathilde, 44\u00a0ans, participe, avec&hellip;\n","protected":false},"author":2,"featured_media":523091,"comment_status":"","ping_status":"","sticky":false,"template":"","format":"standard","meta":{"footnotes":""},"categories":[2814],"tags":[17,42537,1111,11,10466,3008,1777,674,11265,1011,27,884,379,12,3762,882,16,25,96],"class_list":{"0":"post-523090","1":"post","2":"type-post","3":"status-publish","4":"format-standard","5":"has-post-thumbnail","7":"category-marseille","8":"tag-17","9":"tag-42537","10":"tag-actu","11":"tag-actualites","12":"tag-centaine","13":"tag-dechets","14":"tag-eu","15":"tag-europe","16":"tag-familles","17":"tag-fr","18":"tag-france","19":"tag-marseille","20":"tag-moins","21":"tag-news","22":"tag-pres","23":"tag-provence-alpes-cote-dazur","24":"tag-region","25":"tag-republique-francaise","26":"tag-une"},"share_on_mastodon":{"url":"https:\/\/pubeurope.com\/@fr\/115520679669193934","error":""},"_links":{"self":[{"href":"https:\/\/www.europesays.com\/fr\/wp-json\/wp\/v2\/posts\/523090","targetHints":{"allow":["GET"]}}],"collection":[{"href":"https:\/\/www.europesays.com\/fr\/wp-json\/wp\/v2\/posts"}],"about":[{"href":"https:\/\/www.europesays.com\/fr\/wp-json\/wp\/v2\/types\/post"}],"author":[{"embeddable":true,"href":"https:\/\/www.europesays.com\/fr\/wp-json\/wp\/v2\/users\/2"}],"replies":[{"embeddable":true,"href":"https:\/\/www.europesays.com\/fr\/wp-json\/wp\/v2\/comments?post=523090"}],"version-history":[{"count":0,"href":"https:\/\/www.europesays.com\/fr\/wp-json\/wp\/v2\/posts\/523090\/revisions"}],"wp:featuredmedia":[{"embeddable":true,"href":"https:\/\/www.europesays.com\/fr\/wp-json\/wp\/v2\/media\/523091"}],"wp:attachment":[{"href":"https:\/\/www.europesays.com\/fr\/wp-json\/wp\/v2\/media?parent=523090"}],"wp:term":[{"taxonomy":"category","embeddable":true,"href":"https:\/\/www.europesays.com\/fr\/wp-json\/wp\/v2\/categories?post=523090"},{"taxonomy":"post_tag","embeddable":true,"href":"https:\/\/www.europesays.com\/fr\/wp-json\/wp\/v2\/tags?post=523090"}],"curies":[{"name":"wp","href":"https:\/\/api.w.org\/{rel}","templated":true}]}}