{"id":523092,"date":"2025-11-09T16:27:14","date_gmt":"2025-11-09T16:27:14","guid":{"rendered":"https:\/\/www.europesays.com\/fr\/523092\/"},"modified":"2025-11-09T16:27:14","modified_gmt":"2025-11-09T16:27:14","slug":"a-la-decouverte-des-plus-beaux-sites-de-la-ville","status":"publish","type":"post","link":"https:\/\/www.europesays.com\/fr\/523092\/","title":{"rendered":"\u00e0 la d\u00e9couverte des plus beaux sites de la ville"},"content":{"rendered":"<p>La deuxi\u00e8me \u00e9dition du MOE a battu son plein. Avec 4 600 participants sur les trois courses, l\u2019engouement prend de l\u2019ampleur autour de cet \u00e9v\u00e8nement.<\/p>\n<p dir=\"ltr\">Ce dimanche 9 novembre, Marseille a vibr\u00e9 au rythme des foul\u00e9es. Plus de 4 600 participants ont pris part \u00e0 la Marseille Outdoor Exp\u00e9rience, un \u00e9v\u00e9nement sportif qui m\u00eale running et paysages embl\u00e9matiques de la cit\u00e9 phoc\u00e9enne.<\/p>\n<p>Un d\u00e9part matinal depuis la plage des Catalans<\/p>\n<p dir=\"ltr\">D\u00e8s 7 h 30, les coureurs se sont \u00e9lanc\u00e9s depuis la plage des Catalans. De la Corniche Kennedy \u00e0 Notre-Dame-de-la-Garde, en passant par le Panier, le Vieux-Port, le Mucem et les Docks, les participants ont travers\u00e9 les lieux les plus embl\u00e9matiques de Marseille.<\/p>\n<p>Des panoramas \u00e0 couper le souffle et une ambiance conviviale<\/p>\n<p dir=\"ltr\">Si certains ont pris le temps d\u2019admirer la vue depuis la \u201cBonne M\u00e8re\u201d, d\u2019autres ont pr\u00e9f\u00e9r\u00e9 se concentrer sur les descentes techniques vers le centre-ville. Tout le long du parcours, le public marseillais \u00e9tait nombreux pour encourager les coureurs, cr\u00e9ant une atmosph\u00e8re festive du d\u00e9but \u00e0 la fin.<\/p>\n<p dir=\"ltr\">Le sprint final, entre les Docks et la Cath\u00e9drale de la Major, a offert un moment fort, marqu\u00e9 par la convivialit\u00e9 et la bonne humeur.<\/p>\n<p>Les vainqueurs du Marseille Outdoor Experience<\/p>\n<p dir=\"ltr\">C\u00f4t\u00e9 r\u00e9sultats, Tom Toussaint remporte la course de 21km (01:11:03), chez les femmes, Lorena M\u00e9ningand s\u2019est impos\u00e9e en 1:30:46.<\/p>\n<p dir=\"ltr\">Sur le 12 km, Antoine Brunengo et Laurie Sicot s&rsquo;impose dans leur cat\u00e9gorie respectivement en 00:50:35 et 00:58:46<\/p>\n<p dir=\"ltr\">Le 5km a vu Benjamin Pelaprat finir 1er en 14mn59s chez les hommes et V\u00e9ronique Bouvet 1ere en 16mn21s chez les femmes.<\/p>\n<p dir=\"ltr\">Mais au-del\u00e0 du chrono, la Marseille Outdoor Exp\u00e9rience a s\u00e9duit par son esprit de partage et son parcours exceptionnel, entre mer et collines.<\/p>\n<p>\u00a0<\/p>\n","protected":false},"excerpt":{"rendered":"La deuxi\u00e8me \u00e9dition du MOE a battu son plein. Avec 4 600 participants sur les trois courses, l\u2019engouement&hellip;\n","protected":false},"author":2,"featured_media":523093,"comment_status":"","ping_status":"","sticky":false,"template":"","format":"standard","meta":{"footnotes":""},"categories":[2814],"tags":[1111,11,7712,1777,674,1011,27,884,64351,12,882,25,8567,6187],"class_list":{"0":"post-523092","1":"post","2":"type-post","3":"status-publish","4":"format-standard","5":"has-post-thumbnail","7":"category-marseille","8":"tag-actu","9":"tag-actualites","10":"tag-course-a-pied","11":"tag-eu","12":"tag-europe","13":"tag-fr","14":"tag-france","15":"tag-marseille","16":"tag-marseille-outdoor-experience","17":"tag-news","18":"tag-provence-alpes-cote-dazur","19":"tag-republique-francaise","20":"tag-semi-marathon","21":"tag-trail"},"share_on_mastodon":{"url":"https:\/\/pubeurope.com\/@fr\/115520683682373814","error":""},"_links":{"self":[{"href":"https:\/\/www.europesays.com\/fr\/wp-json\/wp\/v2\/posts\/523092","targetHints":{"allow":["GET"]}}],"collection":[{"href":"https:\/\/www.europesays.com\/fr\/wp-json\/wp\/v2\/posts"}],"about":[{"href":"https:\/\/www.europesays.com\/fr\/wp-json\/wp\/v2\/types\/post"}],"author":[{"embeddable":true,"href":"https:\/\/www.europesays.com\/fr\/wp-json\/wp\/v2\/users\/2"}],"replies":[{"embeddable":true,"href":"https:\/\/www.europesays.com\/fr\/wp-json\/wp\/v2\/comments?post=523092"}],"version-history":[{"count":0,"href":"https:\/\/www.europesays.com\/fr\/wp-json\/wp\/v2\/posts\/523092\/revisions"}],"wp:featuredmedia":[{"embeddable":true,"href":"https:\/\/www.europesays.com\/fr\/wp-json\/wp\/v2\/media\/523093"}],"wp:attachment":[{"href":"https:\/\/www.europesays.com\/fr\/wp-json\/wp\/v2\/media?parent=523092"}],"wp:term":[{"taxonomy":"category","embeddable":true,"href":"https:\/\/www.europesays.com\/fr\/wp-json\/wp\/v2\/categories?post=523092"},{"taxonomy":"post_tag","embeddable":true,"href":"https:\/\/www.europesays.com\/fr\/wp-json\/wp\/v2\/tags?post=523092"}],"curies":[{"name":"wp","href":"https:\/\/api.w.org\/{rel}","templated":true}]}}