{"id":523094,"date":"2025-11-09T16:28:14","date_gmt":"2025-11-09T16:28:14","guid":{"rendered":"https:\/\/www.europesays.com\/fr\/523094\/"},"modified":"2025-11-09T16:28:14","modified_gmt":"2025-11-09T16:28:14","slug":"lyon-un-nouveau-festival-audacieux-arrive-cet-hiver-voici-le-programme","status":"publish","type":"post","link":"https:\/\/www.europesays.com\/fr\/523094\/","title":{"rendered":"Lyon. Un nouveau festival \u00ab\u00a0audacieux\u00a0\u00bb arrive cet hiver : voici le programme"},"content":{"rendered":"<p>            Par<br \/>\n        <strong><br \/>\n            <a href=\"https:\/\/actu.fr\/auteur\/theo-zuili\" title=\"Consulter tous les articles de Th\u00e9o Zuili\" target=\"_blank\" rel=\"noopener\">Th\u00e9o Zuili<\/a><br \/>\n        <\/strong><\/p>\n<p>        Publi\u00e9 le<\/p>\n<p>            9 nov. 2025 \u00e0 7h08        <\/p>\n<p>Le rooftop le plus connu de la <a href=\"https:\/\/actu.fr\/tag\/confluence\" target=\"_blank\" rel=\"noopener\">Confluence<\/a>, dans le 2\u1d49 arrondissement de <a href=\"https:\/\/actu.fr\/auvergne-rhone-alpes\/lyon_69123\" target=\"_blank\" rel=\"noopener\">Lyon<\/a>, sort de ses murs cet hiver. Du 10 au 14 d\u00e9cembre 2025, <strong>Le Sucre lance son propre festival<\/strong>, premier du genre, pour pr\u00e8s d\u2019une semaine de f\u00eate \u00e0 travers le quartier entre techno, musique \u00e9lectronique live, march\u00e9 de No\u00ebl alternatif et performances artistiques. Voici ce qu\u2019il faut savoir.<\/p>\n<p>    <a href=\"https:\/\/www.google.com\/maps\/embed?pb=!1m18!1m12!1m3!1d5982.508430354716!2d4.813151516126264!3d45.73672431989665!2m3!1f0!2f0!3f0!3m2!1i1024!2i768!4f13.1!3m3!1m2!1s0x47f4ebcfe4a8c841%3A0x9aad0a1f3a817cf3!2sLe%20Sucre!5e1!3m2!1sfr!2sfr!4v1762532763522!5m2!1sfr!2sfr\" title=\"Ouvrie le lien\" target=\"_blank\" rel=\"noopener\">Cliquez ici pour visualiser le contenu<\/a><\/p>\n<p>Le Sucre passe en mode festival<\/p>\n<p class=\" wall-content\">Douze ans apr\u00e8s son ouverture, le club lyonnais incontournable de la musique \u00e9lectronique sort de ses silos pour s\u2019inviter \u00e0 l\u2019H\u00f4tel71, \u00e0 la patinoire Charlemagne, au HEAT, au P\u00e9riscope ou encore au Sonic.<\/p>\n<p class=\" wall-content\">Le festival compte occuper ces <strong>cinq jours<\/strong> pour \u00ab\u00a0investir tout le quartier de la Confluence\u00a0\u00bb, transform\u00e9 en sc\u00e8ne g\u00e9ante, r\u00e9sume Arty Farty, l\u2019association d\u00e9j\u00e0 fondatrice de <a href=\"https:\/\/actu.fr\/auvergne-rhone-alpes\/lyon_69123\/lyon-nuits-sonores-2025-voici-les-nouveautes-et-le-programme-de-cette-22e-edition_62217883.html\" target=\"_blank\" rel=\"noopener\">Nuits Sonores<\/a> et \u00e0 l\u2019origine de ce nouveau projet.<\/p>\n<p class=\" wall-content\">Les festivaliers pourront \u00ab\u00a0p\u00e9r\u00e9griner entre les shows autour d\u2019une <strong>programmation qui c\u00e9l\u00e8bre le live<\/strong> dans toute sa diversit\u00e9, du rock psych\u00e9 au live modulaire, de l\u2019algorave au hip-hop\u00a0\u00bb, en passant par du \u00ab\u00a0jazz psych\u00e9d\u00e9lique, ambient et downtempo, techno et musique hardcore, hip-hop infus\u00e9 de punk, acid, house de Chicago\u00a0\u00bb\u2026<\/p>\n<p>Des artistes de Lyon et d\u2019ailleurs<\/p>\n<p class=\" wall-content\">Si le line-up fera venir des figures internationales, comme Laurent Garnier, Marcel Dettmann, John Talabot, JASSS ou encore M\u00e9zigue, le festival tient \u00e0 rester local.<\/p>\n<p>Votre r\u00e9gion, votre actu !<\/p>\n<p>Recevez chaque jour les infos qui comptent pour vous.<\/p>\n<p>\t<a href=\"https:\/\/actu.fr\/newsletter\" class=\"ac-btn ac-btn--corner ac-btn--medium ac-btn--blue800\" target=\"_blank\" rel=\"noopener\">S&rsquo;incrire<\/a><\/p>\n<p class=\" wall-content\"><a href=\"https:\/\/www.instagram.com\/p\/DPOGaXkiCEF\/embed\" title=\"Ouvrir le lien sur Instagram\" target=\"_blank\" rel=\"noopener\">Visualiser le contenu sur Instagram<\/a><\/p>\n<p class=\" wall-content\">Une large place est faite aux collectifs lyonnais comme House of Briantz, M\u00e9tano\u00efa, Oshumar\u00e9, Fr\u00e9n\u00e9sie ou Unit S\u0153urs, \u00ab\u00a0avec la volont\u00e9 de valoriser les artistes et initiatives qui font vivre la musique \u00e9lectronique \u00e0 Lyon toute l\u2019ann\u00e9e\u00a0\u00bb.<\/p>\n<p class=\" wall-content\">Le tout, \u00e9pic\u00e9 de \u00ab\u00a0b2b in\u00e9dits, cr\u00e9ations originales, rencontres artistiques et moments de transmission\u00a0\u00bb.<\/p>\n<p>Une soir\u00e9e d\u2019ouverture gratuite<\/p>\n<p class=\" wall-content\">Le mercredi 10 d\u00e9cembre, la soir\u00e9e d\u2019ouverture <strong>gratuite<\/strong> organis\u00e9e au Sucre donnera le ton avec des artistes 100 % lyonnais (Kirara, BET\u00cfSES, Saku Sahara, Maelita). Il faudra sortir sa carte bleue pour la plupart des autres \u00e9v\u00e8nements : les billets se vendront sur place ou en ligne (attention, parfois uniquement sur place) pour 10 \u00e0 45 euros l\u2019entr\u00e9e.<\/p>\n<p class=\" wall-content\">Le jeudi 11 d\u00e9cembre, place au \u00ab\u00a0Circuit\u00a0\u00bb, un parcours musical organis\u00e9 toute la soir\u00e9e entre les six sites du quartier.<\/p>\n<p class=\" wall-content\">Une soir\u00e9e marathon pour \u00ab\u00a012h de teuf non-stop\u00a0\u00bb du soir au matin sera organis\u00e9e vendredi 12 d\u00e9cembre, tandis que les festivaliers pourront repartir samedi 13 avec la \u00ab\u00a0Saturday Society\u00a0\u00bb \u00e0 la Sucri\u00e8re : Ceephax Acid Crew, RO\u00dcGE b2b Caravel et Marcel Dettmann proposeront huit heures de techno pure. En cl\u00f4ture, dimanche 14 d\u00e9cembre, le l\u00e9gendaire Laurent Garnier proposera un final en apoth\u00e9ose.<\/p>\n<p class=\" wall-content\">Enfin, le HEAT se transformera tout le week-end en \u00ab\u00a0grand <strong>march\u00e9 de No\u00ebl<\/strong> alternatif\u00a0\u00bb, avec cr\u00e9ations locales, gastronomie et musique, pour ouvrir le festival \u00e0 un public plus large. Plus de d\u00e9tails seront annonc\u00e9s prochainement.<\/p>\n<p><strong>Festival du Sucre<\/strong><br \/>\nDu 10 au 14 d\u00e9cembre 2025 \u00e0 Lyon Confluence<br \/>\nPass 95 \u20ac \/ soir\u00e9es \u00e0 l\u2019unit\u00e9 d\u00e8s 10 \u20ac<br \/>\nInfos et billetterie : <a href=\"https:\/\/le-sucre.eu\/\" target=\"_blank\" rel=\"noopener\">le-sucre.eu<\/a><\/p>\n<p class=\" wall-content\">Personnalisez votre actualit\u00e9 en ajoutant vos villes et m\u00e9dias en favori avec <a href=\"https:\/\/moncompte.actu.fr\" title=\"D\u00e9couvez Mon Actu\" rel=\"nofollow noopener\" data-trk=\"{&quot;cta&quot;:{&quot;action&quot;:&quot;https:\\\/\\\/moncompte.actu.fr&quot;,&quot;category&quot;:&quot;mon compte&quot;,&quot;from&quot;:&quot;article footer&quot;,&quot;name&quot;:&quot;Mon actu&quot;,&quot;type&quot;:&quot;cta&quot;}}\" target=\"_blank\">Mon Actu<\/a>.<\/p>\n<p>                    <script async src=\"\/\/www.instagram.com\/embed.js\"><\/script><\/p>\n","protected":false},"excerpt":{"rendered":"Par Th\u00e9o Zuili Publi\u00e9 le 9 nov. 2025 \u00e0 7h08 Le rooftop le plus connu de la Confluence,&hellip;\n","protected":false},"author":2,"featured_media":523095,"comment_status":"","ping_status":"","sticky":false,"template":"","format":"standard","meta":{"footnotes":""},"categories":[1889],"tags":[1111,11,2430,1777,674,849,1011,27,1652,2428,873,12,15830,25],"class_list":{"0":"post-523094","1":"post","2":"type-post","3":"status-publish","4":"format-standard","5":"has-post-thumbnail","7":"category-lyon","8":"tag-actu","9":"tag-actualites","10":"tag-auvergne-rhone-alpes","11":"tag-eu","12":"tag-europe","13":"tag-festival","14":"tag-fr","15":"tag-france","16":"tag-loisirs-culture","17":"tag-lyon","18":"tag-musique","19":"tag-news","20":"tag-noel","21":"tag-republique-francaise"},"share_on_mastodon":{"url":"https:\/\/pubeurope.com\/@fr\/115520687569676164","error":""},"_links":{"self":[{"href":"https:\/\/www.europesays.com\/fr\/wp-json\/wp\/v2\/posts\/523094","targetHints":{"allow":["GET"]}}],"collection":[{"href":"https:\/\/www.europesays.com\/fr\/wp-json\/wp\/v2\/posts"}],"about":[{"href":"https:\/\/www.europesays.com\/fr\/wp-json\/wp\/v2\/types\/post"}],"author":[{"embeddable":true,"href":"https:\/\/www.europesays.com\/fr\/wp-json\/wp\/v2\/users\/2"}],"replies":[{"embeddable":true,"href":"https:\/\/www.europesays.com\/fr\/wp-json\/wp\/v2\/comments?post=523094"}],"version-history":[{"count":0,"href":"https:\/\/www.europesays.com\/fr\/wp-json\/wp\/v2\/posts\/523094\/revisions"}],"wp:featuredmedia":[{"embeddable":true,"href":"https:\/\/www.europesays.com\/fr\/wp-json\/wp\/v2\/media\/523095"}],"wp:attachment":[{"href":"https:\/\/www.europesays.com\/fr\/wp-json\/wp\/v2\/media?parent=523094"}],"wp:term":[{"taxonomy":"category","embeddable":true,"href":"https:\/\/www.europesays.com\/fr\/wp-json\/wp\/v2\/categories?post=523094"},{"taxonomy":"post_tag","embeddable":true,"href":"https:\/\/www.europesays.com\/fr\/wp-json\/wp\/v2\/tags?post=523094"}],"curies":[{"name":"wp","href":"https:\/\/api.w.org\/{rel}","templated":true}]}}