{"id":523098,"date":"2025-11-09T16:31:13","date_gmt":"2025-11-09T16:31:13","guid":{"rendered":"https:\/\/www.europesays.com\/fr\/523098\/"},"modified":"2025-11-09T16:31:13","modified_gmt":"2025-11-09T16:31:13","slug":"ratp-et-sncf-les-perturbations-attendues-dans-les-transports-a-paris-et-en-ile-de-france-cette-semaine-25","status":"publish","type":"post","link":"https:\/\/www.europesays.com\/fr\/523098\/","title":{"rendered":"RATP et SNCF. Les perturbations attendues dans les transports \u00e0 Paris et en \u00cele-de-France cette semaine"},"content":{"rendered":"<p>            Par<br \/>\n        <strong><br \/>\n            <a href=\"https:\/\/actu.fr\/auteur\/redaction-paris\" title=\"Consulter tous les articles de R\u00e9daction Paris\" target=\"_blank\" rel=\"noopener\">R\u00e9daction Paris<\/a><br \/>\n        <\/strong><\/p>\n<p>        Publi\u00e9 le<\/p>\n<p>            9 nov. 2025 \u00e0 16h56        <\/p>\n<p>Une semaine avec un jour f\u00e9ri\u00e9 et \u00e0 nouveau des <strong>difficult\u00e9s<\/strong>. Du lundi 10 au dimanche 16 novembre 2025, les <strong>transports en commun<\/strong> seront entrav\u00e9s \u00e0 <a href=\"https:\/\/actu.fr\/paris\/\" target=\"_blank\" rel=\"noopener\">Paris<\/a> et en <a href=\"https:\/\/actu.fr\/ile-de-france\/\" target=\"_blank\" rel=\"noopener\">\u00cele-de-France<\/a>. Exemple avec la ligne 9 du <a href=\"https:\/\/actu.fr\/tag\/metro\" target=\"_blank\" rel=\"noopener\">m\u00e9tro<\/a>, dont quelques stations seront ferm\u00e9es jusqu\u2019au mardi 11 novembre. Ailleurs, les lignes <a href=\"https:\/\/actu.fr\/tag\/sncf\" target=\"_blank\" rel=\"noopener\">SNCF<\/a> et <a href=\"https:\/\/actu.fr\/tag\/ratp\" target=\"_blank\" rel=\"noopener\">RATP<\/a> seront \u00e9galement perturb\u00e9es. Le point avec actu Paris.\u00a0<\/p>\n<p class=\" wall-content\"><strong>M\u00e9tro<\/strong><\/p>\n<ul class=\" wall-content\">\n<li><strong>Ligne 9<\/strong> : jusqu\u2019au 11 novembre, le trafic est interrompu entre Michel-Ange \u2013 Molitor et Franklin D. Roosevelt en raison de travaux. Bus de remplacement entre Michel-Ange\u2013Molitor et Franklin-D. Roosevelt<\/li>\n<li><strong>Ligne 12<\/strong> : du 10 novembre au 16 novembre, le trafic sera interrompu entre Montparnasse Bienvenue et Mairie d\u2019Issy en raison de travaux. Bus de remplacement.<\/li>\n<\/ul>\n<p class=\" wall-content\"><strong>RER\u00a0<\/strong><\/p>\n<ul class=\" wall-content\">\n<li><strong>RER A<\/strong> : jusqu\u2019au 19 d\u00e9cembre, du lundi au vendredi d\u00e8s 21h50, le trafic est interrompu entre Cergy\u2006\u2013\u2006Le Haut et Maisons-Laffitte en raison de travaux. Jusqu\u2019au 13 d\u00e9cembre, du mardi au samedi jusqu\u2019\u00e0 05h10, le trafic est interrompu de Cergy\u2013Le Haut \u00e0 Maisons-Laffitte en raison de travaux. Du\u00a015\u00a0au\u00a030 novembre, le week-end, les trains \u00e0 destination de Poissy desservent \u00e9galement Cergy\u2013Le Haut (allongement du temps de parcours entre Ach\u00e8res\u2013Ville et Cergy\u2013Le Haut) en raison de\u00a0travaux d\u2019entretien<\/li>\n<li><strong>RER B<\/strong> : Jusqu\u2019au 23 novembre, le week-end d\u00e8s 23 heures, le trafic est interrompu entre Aulnay-sous-Bois et A\u00e9roport Charles de Gaulle 2\u2006\u2013\u2006TGV en raison de travaux d\u2019entretien. Du 12 au 14 novembre, du mercredi au vendredi d\u00e8s 22:45, le trafic sera interrompu entre Ch\u00e2telet\u2006\u2013\u2006Les Halles et A\u00e9roport Charles de Gaulle 2\u2006\u2013\u2006TGV \u2022 Mitry\u2006\u2013\u2006Claye (travaux). Bus de remplacement mis en place.\u00a0<\/li>\n<li><strong>RER C<\/strong> : mercredi 12 au vendredi 28 novembre (sauf samedi, dimanche) Le trafic est interrompu de Javel vers Saint-Quentin en Yvelines \u00e0 partir de 23h30. Jusqu\u2019au 30 novembre, le dimanche d\u00e8s 23h45, le trafic est interrompu entre Saint-Martin d\u2019\u00c9tampes et Gare d\u2019Austerlitz, et entre Dourdan la For\u00eat et Gare d\u2019Austerlitz. Bus de remplacement. La gare d\u2019Invalides n\u2019est pas desservie jusqu\u2019\u00e0 nouvel ordre, en r\u00e9percussion d\u2019un incendie dans un local technique. Jusqu\u2019au 11 janvier, l\u2019arr\u00eat n\u2019est pas desservi \u00e0 Issy vers Dourdan la For\u00eat, Saint-Martin d\u2019\u00c9tampes et Massy\u2006\u2013\u2006Palaiseau en raison de travaux. Le mardi 11 novembre, le trafic est interrompu entre Juvisy et Paris Austerlitz via Choisy le Roi \u00e0 partir de 23h30. Un service de bus de remplacement est mis en place. Motif : travaux sur le r\u00e9seau ferroviaire. Le 11 novembre \u00e0 partir de 23h45, le trafic sera interrompu entre Gare d\u2019Austerlitz et Dourdan la For\u00eat, et entre Saint-Martin d\u2019\u00c9tampes et Gare d\u2019Austerlitz. Bus de remplacement. M\u00eame chose entre Versailles Ch\u00e2teau RG et Invalides. Du mercredi 12 au vendredi 28 novembre (sauf samedi, dimanche), le trafic est interrompu entre Paris Austerlitz et Juvisy via Choisy le Roi d\u00e8s 23 heures. Du 12 novembre au 28 novembre, du lundi au vendredi d\u00e8s 23h00, le trafic sera interrompu entre Pont de Rungis A\u00e9roport d\u2019Orly et Gare d\u2019Austerlitz. Du 12 novembre au 28 novembre, du lundi au vendredi d\u00e8s 23h30, trafic interrompu entre Saint-Martin d\u2019\u00c9tampes et Gare d\u2019Austerlitz, et entre Dourdan la For\u00eat et Gare d\u2019Austerlitz. Bus de remplacement.<\/li>\n<li><strong>RER D<\/strong> : du lundi 03 au samedi 28 novembre, sauf les jours f\u00e9ri\u00e9s, le trafic est interrompu entre Combs-la-Ville \u2013 Quincy et Melun d\u00e8s 23h35. Jusqu\u2019au vendredi 28 novembre, trafic interrompu entre Paris Gare du Nord et Creil d\u00e8s 23h35. M\u00eame chose entre Orry la Ville et Goussainville d\u00e8s 21 heures. Du 12 novembre au 14 d\u00e9cembre, du lundi au vendredi \u00e0 partir de 23h20, le trafic sera interrompu entre Gare du Nord et Creil en raison de travaux. Du samedi 15 novembre au dimanche 07 d\u00e9cembre, les samedis et dimanches, le trafic est interrompu entre Combs-la-Ville \u2013 Quincy et Melun.\u00a0<\/li>\n<li><strong>RER E<\/strong> : jusqu\u2019au vendredi 21 novembre, d\u00e8s 21h55, le trafic est interrompu entre Nanterre-la-Folie et Villiers-sur-Marne et entre Nanterre-la-Folie et Tournan. Motif : travaux sur le r\u00e9seau ferroviaire. A partir de 22h25, les samedi 15 et dimanche 16 novembre, le trafic est interrompu entre Nanterre-La-Folie et Villiers-sur-Marne \/ Tournan en raison de travaux.\u00a0<\/li>\n<\/ul>\n<p class=\" wall-content\"><strong>Transilien<\/strong><\/p>\n<ul class=\" wall-content\">\n<li><strong>Ligne J<\/strong> : du lundi 10 novembre au vendredi 12 d\u00e9cembre, sauf le mardi 11 novembre, les samedis et dimanches, les deux derniers trains au d\u00e9part de Paris Saint-Lazare et \u00e0 destination de Mantes la Jolie via Conflans Sainte-Honorine sont terminus en gare de Issou Porcheville. Le mardi 11 novembre. Le dernier train au d\u00e9part de Paris Saint-Lazare vers Mantes la Jolie via Conflans Sainte-Honorine est terminus en gare de Issou Porcheville \u00e0 partir de 21h20.\u00a0<\/li>\n<li><strong>Ligne K<\/strong> : en semaine de soir\u00e9e jusqu\u2019au samedi matin, du lundi 19 mai au samedi 20 d\u00e9cembre, le trafic est interrompu entre Gare du Nord et Cr\u00e9py-en-Valois.\u00a0<\/li>\n<li><strong>Ligne L<\/strong> : du mercredi 12 au vendredi 14 novembre, sauf les samedis et dimanches, le trafic est interrompu entre Paris Saint-Lazare et La D\u00e9fense \u00e0 partir de 21h45. Le samedi 15 et dimanche 16 novembre toute la journ\u00e9e, le trafic est interrompu entre Paris Saint-Lazare et Maisons-Laffitte.\u00a0<\/li>\n<li><strong>Ligne N<\/strong> : du lundi 03 au vendredi 28 novembre, sauf les jours f\u00e9ri\u00e9s. Le trafic est interrompu de Paris Montparnasse vers Mantes-la-Jolie, en soir\u00e9e.\u00a0<\/li>\n<li><strong>Ligne P<\/strong> : en semaine \u00e0 partir de 22h00, du lundi 3 novembre au vendredi 19 d\u00e9cembre, le trafic est interrompu entre Paris Est et Ch\u00e2teau-Thierry. En semaine \u00e0 partir de 21h45, du lundi 3 au vendredi 21 novembre, le trafic est interrompu entre Paris Est et Provins. En semaine \u00e0 partir de 21h30, du lundi 15 septembre au vendredi 14 novembre, le trafic est interrompu entre Paris Est et Coulommiers. Samedi 15 novembre, le trafic est interrompu entre Paris Est et Meaux et entre Paris Est et Ch\u00e2teau-Thierry. Samedi et dimanche, le trafic est interrompu entre Meaux et La Fert\u00e9 \u2013 Milon. Dimanche 16 novembre, jusqu\u2019\u00e0 16 heures, le trafic est interrompu entre Paris Est et Meaux et entre Paris Est et Ch\u00e2teau-Thierry.\u00a0<\/li>\n<li><strong>Ligne R<\/strong> : du 10 novembre au 14 novembre, \u00e0 partir de 23h05, le trafic est interrompu entre Paris Gare de Lyon et Montargis. Le samedi 15 novembre \u00e0 partir de 22h25, Trafic interrompu entre Paris et Melun. Un service de bus de remplacement est mis en place. Travaux sur le r\u00e9seau ferroviaire. les lundi, mercredi, jeudi, vendredi de 22h30 \u00e0 05h30, duu lundi 10 au vendredi 14 novembre, le trafic est interrompu entre Montereau et Melun via H\u00e9ricy.<\/li>\n<\/ul>\n<p class=\" wall-content\"><strong>Tramway<\/strong><\/p>\n<ul class=\" wall-content\">\n<li><strong>T1<\/strong> : Le trafic est interrompu\u00a0entre Asni\u00e8res \u2013 Quatre Routes et Gare de Saint-Denis\u00a0et perturb\u00e9 sur le reste de la ligne\u00a0en raison d\u2019une d\u00e9gradation par un tiers\u00a0\u00e0 L\u2019\u00cele-Saint-Denis.\u00a0Reprise des circulations envisag\u00e9e \u00e0 l\u2019\u00e9t\u00e9 2026.<\/li>\n<li><strong>T2<\/strong> : Jusqu\u2019\u00e0 fin f\u00e9vrier 2026,\u00a0le trafic est interrompu\u00a0entre\u00a0Porte de Versailles\u00a0et\u00a0Suzanne Lenglen\u00a0en raison d\u2019importants travaux de modernisation.<br \/>Pour rejoindre la Porte de Versailles, depuis Suzanne Lenglen, rejoindre \u00e0 pied la station Balard du T3a.<\/li>\n<li><strong>T4<\/strong> : Du lundi 10 novembre au vendredi 28 novembre, sauf les week-end, le trafic est interrompu sur toute la ligne \u00e0 partir de 21h15. Bus de remplacement (travaux).<\/li>\n<li><strong>T12<\/strong> : \u00a0le soir \u00e0 partir de 20h jusqu\u2019au lendemain \u00e0 11h. Dates : du samedi 15 au dimanche 16 novembre. Le trafic est interrompu sur l\u2019ensemble de la ligne. Bus de remplacement. Motif : travaux sur le r\u00e9seau ferroviaire.<\/li>\n<\/ul>\n<p class=\" wall-content\">Personnalisez votre actualit\u00e9 en ajoutant vos villes et m\u00e9dias en favori avec <a href=\"https:\/\/moncompte.actu.fr\" title=\"D\u00e9couvez Mon Actu\" rel=\"nofollow noopener\" data-trk=\"{&quot;cta&quot;:{&quot;action&quot;:&quot;https:\\\/\\\/moncompte.actu.fr&quot;,&quot;category&quot;:&quot;mon compte&quot;,&quot;from&quot;:&quot;article footer&quot;,&quot;name&quot;:&quot;Mon actu&quot;,&quot;type&quot;:&quot;cta&quot;}}\" target=\"_blank\">Mon Actu<\/a>.<\/p>\n","protected":false},"excerpt":{"rendered":"Par R\u00e9daction Paris Publi\u00e9 le 9 nov. 2025 \u00e0 16h56 Une semaine avec un jour f\u00e9ri\u00e9 et \u00e0&hellip;\n","protected":false},"author":2,"featured_media":21500,"comment_status":"","ping_status":"","sticky":false,"template":"","format":"standard","meta":{"footnotes":""},"categories":[1592],"tags":[1111,11,1777,674,1011,27,662,12,626,625,25,2215,104,2803],"class_list":{"0":"post-523098","1":"post","2":"type-post","3":"status-publish","4":"format-standard","5":"has-post-thumbnail","7":"category-ile-de-france","8":"tag-actu","9":"tag-actualites","10":"tag-eu","11":"tag-europe","12":"tag-fr","13":"tag-france","14":"tag-ile-de-france","15":"tag-news","16":"tag-paris","17":"tag-ratp","18":"tag-republique-francaise","19":"tag-sncf","20":"tag-societe","21":"tag-transport"},"share_on_mastodon":{"url":"https:\/\/pubeurope.com\/@fr\/115520699407777559","error":""},"_links":{"self":[{"href":"https:\/\/www.europesays.com\/fr\/wp-json\/wp\/v2\/posts\/523098","targetHints":{"allow":["GET"]}}],"collection":[{"href":"https:\/\/www.europesays.com\/fr\/wp-json\/wp\/v2\/posts"}],"about":[{"href":"https:\/\/www.europesays.com\/fr\/wp-json\/wp\/v2\/types\/post"}],"author":[{"embeddable":true,"href":"https:\/\/www.europesays.com\/fr\/wp-json\/wp\/v2\/users\/2"}],"replies":[{"embeddable":true,"href":"https:\/\/www.europesays.com\/fr\/wp-json\/wp\/v2\/comments?post=523098"}],"version-history":[{"count":0,"href":"https:\/\/www.europesays.com\/fr\/wp-json\/wp\/v2\/posts\/523098\/revisions"}],"wp:featuredmedia":[{"embeddable":true,"href":"https:\/\/www.europesays.com\/fr\/wp-json\/wp\/v2\/media\/21500"}],"wp:attachment":[{"href":"https:\/\/www.europesays.com\/fr\/wp-json\/wp\/v2\/media?parent=523098"}],"wp:term":[{"taxonomy":"category","embeddable":true,"href":"https:\/\/www.europesays.com\/fr\/wp-json\/wp\/v2\/categories?post=523098"},{"taxonomy":"post_tag","embeddable":true,"href":"https:\/\/www.europesays.com\/fr\/wp-json\/wp\/v2\/tags?post=523098"}],"curies":[{"name":"wp","href":"https:\/\/api.w.org\/{rel}","templated":true}]}}