{"id":523099,"date":"2025-11-09T16:32:12","date_gmt":"2025-11-09T16:32:12","guid":{"rendered":"https:\/\/www.europesays.com\/fr\/523099\/"},"modified":"2025-11-09T16:32:12","modified_gmt":"2025-11-09T16:32:12","slug":"qui-sont-les-trois-suspectes","status":"publish","type":"post","link":"https:\/\/www.europesays.com\/fr\/523099\/","title":{"rendered":"qui sont les trois suspectes ?"},"content":{"rendered":"<p class=\"article-p mdl\">Samedi 8 novembre,\u00a0<a class=\"link\" href=\"https:\/\/www.rtl.fr\/actu\/justice-faits-divers\/info-rtl-trois-femmes-radicalisees-interpellees-pour-un-projet-d-attentat-a-paris-7900563986\" target=\"_blank\" rel=\"noopener\">RTL r\u00e9v\u00e9lait <\/a>que trois femmes radicalis\u00e9es avaient \u00e9t\u00e9 interpell\u00e9es pour un projet d&rsquo;attentat islamiste \u00e0 Paris. Une enqu\u00eate du\u00a0<strong>Parquet national antiterroriste (PNAT)\u00a0<\/strong>a permis la mise en examen et l&rsquo;incarc\u00e9ration, le 10 octobre dernier, de trois Fran\u00e7aises, pour avoir projet\u00e9 une action violente dans la capitale.<\/p>\n<p class=\"article-p mdl\">Selon nos informations, le mode op\u00e9ratoire envisag\u00e9 r\u00e9veille les sombres souvenirs du 13 novembre. La principale suspecte, salafiste lyonnaise assum\u00e9e et particuli\u00e8rement radicalis\u00e9e, a \u00e9voqu\u00e9 ces derni\u00e8res semaines dans ses \u00e9changes Internet, son intention de s&rsquo;en prendre \u00e0 <strong>des salles de concert ou des bars<\/strong> \u00e0 Paris. Et cela au moyen d&rsquo;un fusil mitrailleur de type Kalachnikov ou d&rsquo;une ceinture explosive. En perquisition, une liste de choses \u00e0 faire pour pr\u00e9parer un attentat a m\u00eame \u00e9t\u00e9 retrouv\u00e9e.\u00a0<\/p>\n<p class=\"article-p mdl\">Aujourd&rsquo;hui, la jeune femme de 19 ans, d\u00e9scolaris\u00e9e, adepte des r\u00e9seaux sociaux, affirme qu&rsquo;elle avait abandonn\u00e9 son projet, que rien de tout cela n&rsquo;\u00e9tait s\u00e9rieux. Elle disculpe une de ses complices recrut\u00e9es via internet, la plus jeune, tout juste majeure, qui n&rsquo;aurait jamais rien su malgr\u00e9 sa radicalit\u00e9 religieuse assum\u00e9e.<\/p>\n<p>            Une premi\u00e8re depuis dix ans<\/p>\n<p class=\"article-p mdl\"><strong>La troisi\u00e8me femme, 21 ans, <\/strong>en fauteuil roulant depuis son adolescence et convertie depuis deux ans, elle aussi sans r\u00e9elle occupation, affirme avoir tout fait pour dissuader la principale suspecte. C&rsquo;est la premi\u00e8re fois depuis presque<strong> dix ans<\/strong> qu&rsquo;un projet pr\u00e9sum\u00e9 d&rsquo;attaque terroriste implique uniquement des femmes.<\/p>\n<p class=\"article-p mdl\">Une\u00a0<a class=\"link\" href=\"https:\/\/www.rtl.fr\/actu\/debats-societe\/ceremonie-discours-evenements-quoi-vont-ressembler-les-commemorations-des-10-ans-des-attentats-du-13-novembre-a-paris-7900564101\" target=\"_blank\" rel=\"noopener\">marche comm\u00e9morative<\/a>\u00a0a d&rsquo;ailleurs lieu, dimanche 9 novembre, \u00e0 Paris pour comm\u00e9morer les attentats du 13 novembre 2015. Le jeudi 13 novembre 2025 se tiendra une grande c\u00e9r\u00e9monie hommage o\u00f9 sera inaugur\u00e9 \u00e0 l&rsquo;occasion le jardin m\u00e9moriel des attentats.<\/p>\n<p>    La r\u00e9daction vous recommande<\/p>\n<p class=\"s-newsletter__title\">\n                L\u2019actualit\u00e9 par la r\u00e9daction de RTL dans votre bo\u00eete mail.\n            <\/p>\n<p class=\"s-newsletter__subtitle\">\n                Gr\u00e2ce \u00e0 votre compte RTL abonnez-vous \u00e0 la newsletter RTL info pour suivre toute l&rsquo;actualit\u00e9 au quotidien\n            <\/p>\n<p>\n                                    Lire la suite\n                                <\/p>\n","protected":false},"excerpt":{"rendered":"Samedi 8 novembre,\u00a0RTL r\u00e9v\u00e9lait que trois femmes radicalis\u00e9es avaient \u00e9t\u00e9 interpell\u00e9es pour un projet d&rsquo;attentat islamiste \u00e0 Paris.&hellip;\n","protected":false},"author":2,"featured_media":523100,"comment_status":"","ping_status":"","sticky":false,"template":"","format":"standard","meta":{"footnotes":""},"categories":[1888],"tags":[64327,1111,1928,11,1927,5581,25588,1777,674,107,1011,27,12,1926,626,1925,25,1254],"class_list":{"0":"post-523099","1":"post","2":"type-post","3":"status-publish","4":"format-standard","5":"has-post-thumbnail","7":"category-paris","8":"tag-13-novembre-le-proces-du-siecle","9":"tag-actu","10":"tag-actu-paris","11":"tag-actualites","12":"tag-actualites-paris","13":"tag-attentat","14":"tag-djihadistes","15":"tag-eu","16":"tag-europe","17":"tag-fil-info","18":"tag-fr","19":"tag-france","20":"tag-news","21":"tag-news-paris","22":"tag-paris","23":"tag-paris-news","24":"tag-republique-francaise","25":"tag-terrorisme"},"share_on_mastodon":{"url":"https:\/\/pubeurope.com\/@fr\/115520703489853772","error":""},"_links":{"self":[{"href":"https:\/\/www.europesays.com\/fr\/wp-json\/wp\/v2\/posts\/523099","targetHints":{"allow":["GET"]}}],"collection":[{"href":"https:\/\/www.europesays.com\/fr\/wp-json\/wp\/v2\/posts"}],"about":[{"href":"https:\/\/www.europesays.com\/fr\/wp-json\/wp\/v2\/types\/post"}],"author":[{"embeddable":true,"href":"https:\/\/www.europesays.com\/fr\/wp-json\/wp\/v2\/users\/2"}],"replies":[{"embeddable":true,"href":"https:\/\/www.europesays.com\/fr\/wp-json\/wp\/v2\/comments?post=523099"}],"version-history":[{"count":0,"href":"https:\/\/www.europesays.com\/fr\/wp-json\/wp\/v2\/posts\/523099\/revisions"}],"wp:featuredmedia":[{"embeddable":true,"href":"https:\/\/www.europesays.com\/fr\/wp-json\/wp\/v2\/media\/523100"}],"wp:attachment":[{"href":"https:\/\/www.europesays.com\/fr\/wp-json\/wp\/v2\/media?parent=523099"}],"wp:term":[{"taxonomy":"category","embeddable":true,"href":"https:\/\/www.europesays.com\/fr\/wp-json\/wp\/v2\/categories?post=523099"},{"taxonomy":"post_tag","embeddable":true,"href":"https:\/\/www.europesays.com\/fr\/wp-json\/wp\/v2\/tags?post=523099"}],"curies":[{"name":"wp","href":"https:\/\/api.w.org\/{rel}","templated":true}]}}