{"id":523113,"date":"2025-11-09T16:39:12","date_gmt":"2025-11-09T16:39:12","guid":{"rendered":"https:\/\/www.europesays.com\/fr\/523113\/"},"modified":"2025-11-09T16:39:12","modified_gmt":"2025-11-09T16:39:12","slug":"un-britannique-demande-lacces-au-tunnel-sous-la-manche-pour-boucler-son-tour-du-monde-a-pied","status":"publish","type":"post","link":"https:\/\/www.europesays.com\/fr\/523113\/","title":{"rendered":"un Britannique demande l&rsquo;acc\u00e8s au tunnel sous la Manche pour boucler son tour du monde \u00e0 pied"},"content":{"rendered":"<p>Karl Bushby est parti, \u00e0 pieds, du Chili en 1998 et doit traverser la Manche pour rentrer chez lui au Royaume-Uni, ce qu&rsquo;il pourrait ne pas \u00eatre autoris\u00e9 \u00e0 faire.<\/p>\n<p>\u00ab\u00a0M\u00eame les Russes m&rsquo;ont laiss\u00e9 passer\u00a0\u00bb. Karl Bushby va-t-il \u00eatre contraint d&rsquo;\u00e9chouer \u00e0 boucler <a href=\"https:\/\/www.bfmtv.com\/tech\/actualites\/reseaux-sociaux\/encore-perdu-le-streamer-anyme-annonce-finalement-son-retour-pour-un-tour-du-monde_AV-202508210242.html\" title=\"&quot;Encore perdu&quot;: le streameur Anyme annonce finalement son retour pour un tour du monde\" class=\"internal_link\" rel=\"nofollow noopener\" target=\"_blank\">son tour du monde \u00e0 pied<\/a> faute de pouvoir traverser la Manche? Ce Britannique \u00e2g\u00e9 de 56 ans s&rsquo;est lanc\u00e9 dans un d\u00e9fi totalement fou: marcher sur les quatre continents sans utiliser le moindre moyen de transport.<\/p>\n<p>Parti du Chili en 1998, il approche d\u00e9sormais de Budapest, en Hongrie, raconte la <a href=\"https:\/\/www.bbc.com\/news\/articles\/cq50yx9l1n4o\" target=\"_blank\" class=\"external_link\" rel=\"nofollow noopener\">BBC<\/a>. Mais un nuage assombrit la derni\u00e8re partie de son aventure: pour rejoindre sa ville natale de Hull, <a href=\"https:\/\/www.bfmtv.com\/international\/europe\/angleterre\/incroyable-courage-veritable-determination-qui-sont-les-heros-qui-ont-sauve-des-vies-lors-de-l-attaque-au-couteau-dans-un-train-au-royaume-uni_AN-202511030839.html\" title=\"&quot;Incroyable courage&quot;, &quot;v\u00e9ritable d\u00e9termination&quot;... Qui sont les h\u00e9ros qui ont &quot;sauv\u00e9 des vies&quot; lors de l&#039;attaque au couteau dans un train au Royaume-Uni\" class=\"internal_link\" rel=\"nofollow noopener\" target=\"_blank\">au Royaume-Uni<\/a>, Karl Bushby doit obtenir l&rsquo;autorisation de traverser le tunnel sous la Manche \u00e0 pied, soit par le tunnel de service.<\/p>\n<blockquote class=\"embed embed_quote\"><p>\u00ab\u00a0Ce serait vraiment p\u00e9nible si la r\u00e9ponse \u00e9tait non, lance l&rsquo;aventurier au m\u00e9dia britannique. M\u00eame les Russes m&rsquo;ont laiss\u00e9 passer, malgr\u00e9 les tensions internationales.\u00a0\u00bb<\/p><\/blockquote>\n<p>Pour l&rsquo;heure, sa demande reste sans r\u00e9ponse. \u00ab\u00a0S&rsquo;il faut que je traverse \u00e0 la nage, je le ferai \u00e9videmment. Mais l&rsquo;eau sera plus froide que la mer Caspienne\u00a0\u00bb, ajoute Karl Bushby, \u00e9voquant son p\u00e9riple \u00e0 la nage de&#8230; 300 kilom\u00e8tres l&rsquo;an dernier.<\/p>\n<p>Du Chili au Royaume-Uni<\/p>\n<p>Depuis le Chili jusqu&rsquo;\u00e0 la Hongrie en passant par l&rsquo;Argentine, les \u00c9tats-Unis, la Russie, la Chine, la Mongolie ou la Turquie&#8230; Le Britannique a v\u00e9cu, durant ces quasi-trente derni\u00e8res ann\u00e9es, de nombreuses aventures. Initialement, son tour du monde \u00e0 pied, le plus long de l&rsquo;Histoire, qu&rsquo;il a d\u00e9but\u00e9 au Chili, ne devait durer \u00ab\u00a0que\u00a0\u00bb 17 ans.<\/p>\n<\/p>\n<p>\u00ab\u00a0Au Chili, au tout d\u00e9but de ma marche, un m\u00e9decin m&rsquo;a donn\u00e9 50 dollars et m&rsquo;a demand\u00e9 de remettre en main propre une carte postale \u00e0 son fr\u00e8re \u00e0 Vienne, en Autriche. Je compte bien le faire. Je m&rsquo;attends \u00e0 ce que ce soit le d\u00e9lai de livraison le plus long jamais enregistr\u00e9 pour une lettre!\u00a0\u00bb, raconte le marcheur qui touche au but.<\/p>\n<p>Lucie Valais Journaliste BFMTV<\/p>\n","protected":false},"excerpt":{"rendered":"Karl Bushby est parti, \u00e0 pieds, du Chili en 1998 et doit traverser la Manche pour rentrer chez&hellip;\n","protected":false},"author":2,"featured_media":523114,"comment_status":"","ping_status":"","sticky":false,"template":"","format":"standard","meta":{"footnotes":""},"categories":[1588],"tags":[11,1777,674,12,473,1853,1851,1850,1852],"class_list":{"0":"post-523113","1":"post","2":"type-post","3":"status-publish","4":"format-standard","5":"has-post-thumbnail","7":"category-royaume-uni","8":"tag-actualites","9":"tag-eu","10":"tag-europe","11":"tag-news","12":"tag-royaume-uni","13":"tag-royaume-uni-de-grande-bretagne-et-dirlande-du-nord","14":"tag-uk","15":"tag-united-kingdom","16":"tag-united-kingdom-of-great-britain-and-northern-ireland"},"share_on_mastodon":{"url":"https:\/\/pubeurope.com\/@fr\/115520730874594440","error":""},"_links":{"self":[{"href":"https:\/\/www.europesays.com\/fr\/wp-json\/wp\/v2\/posts\/523113","targetHints":{"allow":["GET"]}}],"collection":[{"href":"https:\/\/www.europesays.com\/fr\/wp-json\/wp\/v2\/posts"}],"about":[{"href":"https:\/\/www.europesays.com\/fr\/wp-json\/wp\/v2\/types\/post"}],"author":[{"embeddable":true,"href":"https:\/\/www.europesays.com\/fr\/wp-json\/wp\/v2\/users\/2"}],"replies":[{"embeddable":true,"href":"https:\/\/www.europesays.com\/fr\/wp-json\/wp\/v2\/comments?post=523113"}],"version-history":[{"count":0,"href":"https:\/\/www.europesays.com\/fr\/wp-json\/wp\/v2\/posts\/523113\/revisions"}],"wp:featuredmedia":[{"embeddable":true,"href":"https:\/\/www.europesays.com\/fr\/wp-json\/wp\/v2\/media\/523114"}],"wp:attachment":[{"href":"https:\/\/www.europesays.com\/fr\/wp-json\/wp\/v2\/media?parent=523113"}],"wp:term":[{"taxonomy":"category","embeddable":true,"href":"https:\/\/www.europesays.com\/fr\/wp-json\/wp\/v2\/categories?post=523113"},{"taxonomy":"post_tag","embeddable":true,"href":"https:\/\/www.europesays.com\/fr\/wp-json\/wp\/v2\/tags?post=523113"}],"curies":[{"name":"wp","href":"https:\/\/api.w.org\/{rel}","templated":true}]}}