{"id":523115,"date":"2025-11-09T16:40:23","date_gmt":"2025-11-09T16:40:23","guid":{"rendered":"https:\/\/www.europesays.com\/fr\/523115\/"},"modified":"2025-11-09T16:40:23","modified_gmt":"2025-11-09T16:40:23","slug":"christian-bruckner-suspect-de-la-disparition-de-maddie-pourrait-quitter-lallemagne","status":"publish","type":"post","link":"https:\/\/www.europesays.com\/fr\/523115\/","title":{"rendered":"Christian Br\u00fcckner, suspect de la disparition de Maddie, pourrait quitter l&rsquo;Allemagne"},"content":{"rendered":"<p><img loading=\"lazy\" decoding=\"async\" src=\"https:\/\/www.europesays.com\/fr\/wp-content\/uploads\/2025\/11\/49ece5a0-e287-452b-a29c-13104e7f5a5f.jpg\" alt=\"La petite Maddie n'a jamais \u00e9t\u00e9 retrouv\u00e9e. Elle aurait aujourd'hui 22 ans.\" title=\"La petite Maddie n'a jamais \u00e9t\u00e9 retrouv\u00e9e. Elle aurait aujourd'hui 22 ans.\"  width=\"900\" height=\"1200\"\/>La petite Maddie n&rsquo;a jamais \u00e9t\u00e9 retrouv\u00e9e. Elle aurait aujourd&rsquo;hui 22 ans.AFP<\/p>\n<p type=\"textBlockArray\" class=\"sc-e17c7982-2 hoDElN\">Le principal suspect dans la disparition de la fillette britannique Madeleine McCann au Portugal, l\u2019Allemand Christian Br\u00fcckner, lib\u00e9r\u00e9 en septembre, devrait \u00eatre autoris\u00e9 \u00e0 quitter le pays.<\/p>\n<p type=\"textBlockArray\" class=\"sc-e17c7982-2 hoDElN\">La cour d\u2019appel de Celle \u00aba partiellement annul\u00e9 l\u2019une des obligations impos\u00e9es \u00e0 Christian Br\u00fcckner, selon laquelle il devait fixer sa r\u00e9sidence en Allemagne\u00bb, a confirm\u00e9 dimanche \u00e0 l\u2019AFP une porte-parole de la juridiction. Le tablo\u00efd allemand \u00abBild\u00bb avait r\u00e9v\u00e9l\u00e9 dimanche ce revirement, en date du 28 octobre.<\/p>\n<p type=\"textBlockArray\" class=\"sc-e17c7982-2 hoDElN\">Lib\u00e9r\u00e9 le 17 septembre apr\u00e8s avoir purg\u00e9 une peine de prison de sept ans en Allemagne pour le viol d\u2019une Am\u00e9ricaine de 72 ans en 2005 au Portugal, <a href=\"https:\/\/www.20min.ch\/fr\/story\/affaire-maddie-le-suspect-libere-il-va-feter-ca-avec-de-la-biere-et-un-steak-103416749\" target=\"_blank\" rel=\"noopener\">Christian Br\u00fcckner<\/a> n\u2019a jamais \u00e9t\u00e9 inculp\u00e9 dans l\u2019affaire Maddie faute de preuves suffisantes.<\/p>\n<p><img loading=\"lazy\" decoding=\"async\" src=\"https:\/\/www.europesays.com\/fr\/wp-content\/uploads\/2025\/11\/70984c19-0234-410f-88a9-b5850e4a4e6c.avif\" alt=\"Christian Br\u00fcckner a d\u00e9clar\u00e9 au tablo\u00efd britannique \u00abDaily Mail\u00bb que la police voulait le garder en Allemagne pour le \u00abbriser\u00bb.\" title=\"Christian Br\u00fcckner a d\u00e9clar\u00e9 au tablo\u00efd britannique \u00abDaily Mail\u00bb que la police voulait le garder en Allemagne pour le \u00abbriser\u00bb.\"  width=\"1200\" height=\"724\"\/>Christian Br\u00fcckner a d\u00e9clar\u00e9 au tablo\u00efd britannique \u00abDaily Mail\u00bb que la police voulait le garder en Allemagne pour le \u00abbriser\u00bb.AFP (image d&rsquo;archives)<\/p>\n<p>Dans une tente, sous surveillance constante<\/p>\n<p type=\"textBlockArray\" class=\"sc-e17c7982-2 hoDElN\">Consid\u00e9r\u00e9 comme \u00abfonci\u00e8rement dangereux\u00bb par le procureur allemand qui n\u2019a pas pu emp\u00eacher sa remise en libert\u00e9, il devait porter un bracelet \u00e9lectronique, informer au pr\u00e9alable le tribunal de tout changement de domicile ou de lieu de r\u00e9sidence en Allemagne et obtenir son accord.<\/p>\n<p type=\"textBlockArray\" class=\"sc-e17c7982-2 hoDElN\">Il dort d\u00e9sormais dans une tente dans un parc \u00e0 Kiel, en bordure de la mer Baltique, dans le nord de l\u2019Allemagne, sous la surveillance constante de deux policiers charg\u00e9s de le prot\u00e9ger.<\/p>\n<p type=\"textBlockArray\" class=\"sc-e17c7982-2 hoDElN\">Il avait saisi la cour d\u2019appel de Celle pour que la d\u00e9cision du tribunal soit r\u00e9examin\u00e9e. Apr\u00e8s l\u2019annulation partielle de la d\u00e9cision, le tribunal \u00abdevra se prononcer \u00e0 nouveau sur la question de sa domiciliation\u00bb, a ajout\u00e9 la porte-parole.<\/p>\n<p type=\"textBlockArray\" class=\"sc-e17c7982-2 hoDElN\">Christian Br\u00fcckner a d\u00e9clar\u00e9 au tablo\u00efd britannique \u00abDaily Mail\u00bb que la police voulait le garder en Allemagne pour le \u00abbriser\u00bb. \u00abIl s\u2019av\u00e8re que je n\u2019ai m\u00eame pas besoin de rester en Allemagne. Et d\u00e8s que j\u2019aurai r\u00e9uni un peu d\u2019argent, je partirai\u00bb, a-t-il c\u00e9d\u00e9 au tablo\u00efd.<\/p>\n<p type=\"textBlockArray\" class=\"sc-e17c7982-2 hoDElN\">D\u2019apr\u00e8s le \u00abDaily Mail\u00bb et \u00abBild\u00bb, l&rsquo;homme a lanc\u00e9 une campagne de financement participatif sur la plateforme \u00abGofundme\u00bb afin de r\u00e9colter des fonds pour son d\u00e9part avant que celle-ci ne soit d\u00e9sactiv\u00e9e par la plateforme.<\/p>\n<p class=\"sc-cad2b3dd-4 kTWAXm\">Crimes sexuels dans la r\u00e9gion<\/p>\n<p>La disparition en 2007 au Portugal de Madeleine McCann, dite \u00abMaddie\u00bb, d\u2019un logement de vacances alors que ses parents d\u00eenaient dans un restaurant voisin n\u2019a jamais \u00e9t\u00e9 \u00e9lucid\u00e9e.<\/p>\n<p>En 2020, les enqu\u00eateurs allemands ont soudainement d\u00e9sign\u00e9 Christian Br\u00fcckner comme leur principal suspect, assurant disposer de preuves concr\u00e8tes qui se sont av\u00e9r\u00e9es insuffisantes pour une inculpation.<\/p>\n<p>\u00c0 l\u2019\u00e9poque des faits, l\u2019accus\u00e9 vivait sur la c\u00f4te portugaise de l\u2019Algarve, \u00e0 proximit\u00e9 du lieu de vill\u00e9giature des McCann, et un t\u00e9l\u00e9phone portable \u00e0 son nom a born\u00e9 pr\u00e8s de leur logement le soir de la disparition. Il a \u00e9t\u00e9 acquitt\u00e9 fin 2024 d\u2019une s\u00e9rie de crimes sexuels contre des enfants commis dans cette m\u00eame zone entre 2000 et 2017.<\/p>\n<p><a href=\"https:\/\/www.20min.ch\/fr\/auteurs\/103333179\/agence-france-presse\" class=\"sc-b1f21c84-2 egfiIF\" target=\"_blank\" rel=\"noopener\"><img decoding=\"async\" alt=\"Agence France-Presse\" src=\"https:\/\/www.europesays.com\/fr\/wp-content\/uploads\/2025\/11\/1762706423_736_09cf394e-d19c-4235-9b46-7e00127afb7f.png\" class=\"sc-b1f21c84-1 iTOvpR\"\/><\/a><\/p>\n<p class=\"sc-f19a47c0-1 jKqFcj\">L\u2019Agence France\u2011Presse (AFP) est une agence mondiale d\u2019information. C&rsquo;est l&rsquo;une des sources d\u2019information internationale que 20 minutes utilise.<\/p>\n","protected":false},"excerpt":{"rendered":"La petite Maddie n&rsquo;a jamais \u00e9t\u00e9 retrouv\u00e9e. Elle aurait aujourd&rsquo;hui 22 ans.AFP Le principal suspect dans la disparition&hellip;\n","protected":false},"author":2,"featured_media":523116,"comment_status":"","ping_status":"","sticky":false,"template":"","format":"standard","meta":{"footnotes":""},"categories":[1587],"tags":[11,672,1804,1805,1803,1777,674,1801,12,1802],"class_list":{"0":"post-523115","1":"post","2":"type-post","3":"status-publish","4":"format-standard","5":"has-post-thumbnail","7":"category-allemagne","8":"tag-actualites","9":"tag-allemagne","10":"tag-bundesrepublik-deutschland","11":"tag-de","12":"tag-deutschland","13":"tag-eu","14":"tag-europe","15":"tag-germany","16":"tag-news","17":"tag-republique-federale-dallemagne"},"share_on_mastodon":{"url":"https:\/\/pubeurope.com\/@fr\/115520735824400040","error":""},"_links":{"self":[{"href":"https:\/\/www.europesays.com\/fr\/wp-json\/wp\/v2\/posts\/523115","targetHints":{"allow":["GET"]}}],"collection":[{"href":"https:\/\/www.europesays.com\/fr\/wp-json\/wp\/v2\/posts"}],"about":[{"href":"https:\/\/www.europesays.com\/fr\/wp-json\/wp\/v2\/types\/post"}],"author":[{"embeddable":true,"href":"https:\/\/www.europesays.com\/fr\/wp-json\/wp\/v2\/users\/2"}],"replies":[{"embeddable":true,"href":"https:\/\/www.europesays.com\/fr\/wp-json\/wp\/v2\/comments?post=523115"}],"version-history":[{"count":0,"href":"https:\/\/www.europesays.com\/fr\/wp-json\/wp\/v2\/posts\/523115\/revisions"}],"wp:featuredmedia":[{"embeddable":true,"href":"https:\/\/www.europesays.com\/fr\/wp-json\/wp\/v2\/media\/523116"}],"wp:attachment":[{"href":"https:\/\/www.europesays.com\/fr\/wp-json\/wp\/v2\/media?parent=523115"}],"wp:term":[{"taxonomy":"category","embeddable":true,"href":"https:\/\/www.europesays.com\/fr\/wp-json\/wp\/v2\/categories?post=523115"},{"taxonomy":"post_tag","embeddable":true,"href":"https:\/\/www.europesays.com\/fr\/wp-json\/wp\/v2\/tags?post=523115"}],"curies":[{"name":"wp","href":"https:\/\/api.w.org\/{rel}","templated":true}]}}