{"id":523122,"date":"2025-11-09T16:44:14","date_gmt":"2025-11-09T16:44:14","guid":{"rendered":"https:\/\/www.europesays.com\/fr\/523122\/"},"modified":"2025-11-09T16:44:14","modified_gmt":"2025-11-09T16:44:14","slug":"metz-nice-la-composition-messine-football-club-de-metz-infos-fc-metz-entrainements-fc-metz","status":"publish","type":"post","link":"https:\/\/www.europesays.com\/fr\/523122\/","title":{"rendered":"Metz &#8211; Nice, la composition messine | Football Club de Metz &#8211; Infos FC Metz &#8211; Entra\u00eenements FC Metz"},"content":{"rendered":"<p>\t\tInterview\n<\/p>\n<p>Alpha, vous \u00eates au club depuis deux saisons d\u00e9sormais, mais le grand public vous conna\u00eet peu puisque vous \u00eates un homme discret. Pouvez-vous nous&#8230;<\/p>\n<p><a href=\"https:\/\/www.fcmetz.com\/2025-2026\/actualites\/equipe-pro\/alpha-toure-il-voulait-faire-de-moi-un-exemple\" class=\"btn-or-xs\" target=\"_blank\" rel=\"noopener\">Lire la suite<\/a>\t\t\t<\/p>\n<p>\t\tActualit\u00e9s\n<\/p>\n<p>Pour cette 12\u00e8me journ\u00e9e de Ligue 1 Mc Donald&rsquo;s, et la r\u00e9ception de l&rsquo;OGC Nice, Alpha Tour\u00e9\u00a0s&rsquo;est pr\u00eat\u00e9 au jeu de l&rsquo;interview dans la Gazette de&#8230;<\/p>\n<p><a href=\"https:\/\/www.fcmetz.com\/2025-2026\/actualites\/equipe-pro\/j12-la-gazette-de-saint-symph\" class=\"btn-or-xs\" target=\"_blank\" rel=\"noopener\">Lire la suite<\/a>\t\t\t<\/p>\n<p>\t\tActualit\u00e9s\n<\/p>\n<p>Ouverte \u00e0 tout d\u00e9tenteur d&rsquo;un billet de match, la Fan Zone vous attend ce dimanche 9\u00a0novembre\u00a0! Situ\u00e9\u00a0derri\u00e8re la Tribune Ouest du Stade Saint-&#8230;<\/p>\n<p><a href=\"https:\/\/www.fcmetz.com\/2025-2026\/actualites\/equipe-pro\/metz-nice-profitez-de-la-fan-zone-en-avant-match\" class=\"btn-or-xs\" target=\"_blank\" rel=\"noopener\">Lire la suite<\/a>\t\t\t<\/p>\n","protected":false},"excerpt":{"rendered":"Interview Alpha, vous \u00eates au club depuis deux saisons d\u00e9sormais, mais le grand public vous conna\u00eet peu puisque&hellip;\n","protected":false},"author":2,"featured_media":523123,"comment_status":"","ping_status":"","sticky":false,"template":"","format":"standard","meta":{"footnotes":""},"categories":[2],"tags":[11,19298,1011,27,19297,12,25,19299],"class_list":{"0":"post-523122","1":"post","2":"type-post","3":"status-publish","4":"format-standard","5":"has-post-thumbnail","7":"category-actualites","8":"tag-actualites","9":"tag-entrainements-fc-metz","10":"tag-fr","11":"tag-france","12":"tag-infos-fc-metz","13":"tag-news","14":"tag-republique-francaise","15":"tag-videos-fc-metz"},"share_on_mastodon":{"url":"https:\/\/pubeurope.com\/@fr\/115520750527902934","error":""},"_links":{"self":[{"href":"https:\/\/www.europesays.com\/fr\/wp-json\/wp\/v2\/posts\/523122","targetHints":{"allow":["GET"]}}],"collection":[{"href":"https:\/\/www.europesays.com\/fr\/wp-json\/wp\/v2\/posts"}],"about":[{"href":"https:\/\/www.europesays.com\/fr\/wp-json\/wp\/v2\/types\/post"}],"author":[{"embeddable":true,"href":"https:\/\/www.europesays.com\/fr\/wp-json\/wp\/v2\/users\/2"}],"replies":[{"embeddable":true,"href":"https:\/\/www.europesays.com\/fr\/wp-json\/wp\/v2\/comments?post=523122"}],"version-history":[{"count":0,"href":"https:\/\/www.europesays.com\/fr\/wp-json\/wp\/v2\/posts\/523122\/revisions"}],"wp:featuredmedia":[{"embeddable":true,"href":"https:\/\/www.europesays.com\/fr\/wp-json\/wp\/v2\/media\/523123"}],"wp:attachment":[{"href":"https:\/\/www.europesays.com\/fr\/wp-json\/wp\/v2\/media?parent=523122"}],"wp:term":[{"taxonomy":"category","embeddable":true,"href":"https:\/\/www.europesays.com\/fr\/wp-json\/wp\/v2\/categories?post=523122"},{"taxonomy":"post_tag","embeddable":true,"href":"https:\/\/www.europesays.com\/fr\/wp-json\/wp\/v2\/tags?post=523122"}],"curies":[{"name":"wp","href":"https:\/\/api.w.org\/{rel}","templated":true}]}}