{"id":523128,"date":"2025-11-09T16:48:15","date_gmt":"2025-11-09T16:48:15","guid":{"rendered":"https:\/\/www.europesays.com\/fr\/523128\/"},"modified":"2025-11-09T16:48:15","modified_gmt":"2025-11-09T16:48:15","slug":"le-rugby-a-besoin-de-ce-genre-de-choses-la-pepite-sud-africaine-feinberg-mngomezulu-transcendee-par-les-sifflets-du-stade-de-france","status":"publish","type":"post","link":"https:\/\/www.europesays.com\/fr\/523128\/","title":{"rendered":"\u00ab Le rugby a besoin de ce genre de choses \u00bb : la p\u00e9pite sud-africaine Feinberg-Mngomezulu transcend\u00e9e par les sifflets du Stade de France !"},"content":{"rendered":"<p>Samedi soir, le Stade de France a vibr\u00e9 au rythme des retrouvailles entre la France et l\u2019Afrique du Sud, deux ans apr\u00e8s leur duel \u00e9lectrique en quart de finale du Mondial 2023.<\/p>\n<p>Dans cette revanche attendue, les Springboks, doubles champions du monde en titre, ont une nouvelle fois impos\u00e9 leur puissance et leur ma\u00eetrise (17-32).<\/p>\n<p>Et au c\u0153ur de ce succ\u00e8s, un nom s\u2019est d\u00e9marqu\u00e9 : Sacha Feinberg-Mngomezulu. \u00c0 seulement 23 ans, le jeune ouvreur sud-africain a inscrit le quatri\u00e8me essai de son \u00e9quipe et a \u00e9t\u00e9 \u00e9lu homme du match, sous une pluie de sifflets.<\/p>\n<p>Tout au long de la rencontre, chaque prise de balle du jeune prodige a \u00e9t\u00e9 accueillie par les hu\u00e9es du public tricolore. Loin d\u2019\u00eatre d\u00e9stabilis\u00e9, il a sembl\u00e9 s\u2019en nourrir.<\/p>\n<p><strong>Souriant apr\u00e8s la rencontre, il a confi\u00e9 au micro de RMC avoir puis\u00e9 dans cette hostilit\u00e9 une \u00e9nergie suppl\u00e9mentaire. Extrait :<\/strong><\/p>\n<blockquote>\n<p>\u00ab \u00c7a ressemblait au match en Nouvelle-Z\u00e9lande, \u00e0 Ellis Park l\u2019an dernier. Ce n\u2019\u00e9tait pas intimidant mais \u00e7a peut faire sortir un peu de son match. Il faut rester calme, respirer, mais c\u2019\u00e9tait vraiment une exp\u00e9rience unique. Victoire ou d\u00e9faite, \u00e7a aurait \u00e9t\u00e9 un souvenir m\u00e9morable. \u00bb<\/p>\n<\/blockquote>\n<p>Loin de condamner les sifflets, Feinberg-Mngomezulu y voit m\u00eame une \u00e9volution n\u00e9cessaire pour le rugby moderne.<\/p>\n<p><strong>Avec la maturit\u00e9 d\u2019un leader en devenir, il estime que ces ambiances contribuent \u00e0 la grandeur du sport. Extrait :<\/strong><\/p>\n<blockquote>\n<p>\u00ab Le rugby a besoin de ce genre de choses. Le football l\u2019a d\u00e9j\u00e0, le rugby doit avoir ces environnements hostiles, des supporters fiers et bruyants, c\u2019est ce qui cr\u00e9e des matchs historiques. \u00bb<\/p>\n<\/blockquote>\n<p>Couronn\u00e9 homme du match, Sacha Feinberg-Mngomezulu a confirm\u00e9 qu\u2019il \u00e9tait bien plus qu\u2019un simple espoir.<\/p>\n<p><strong>Ambitieux et exigeant envers lui-m\u00eame, il assume d\u00e9j\u00e0 le r\u00f4le de cadre en devenir chez les Springboks. Extrait :<\/strong><\/p>\n<blockquote>\n<p>\u00ab Je me mets d\u00e9j\u00e0 beaucoup de pression sur moi-m\u00eame. C\u2019est peut-\u00eatre pour \u00e7a que je suis arriv\u00e9 l\u00e0, et je prends beaucoup de plaisir. Ce qui est important c\u2019est de gagner, rester les num\u00e9ros 1, continuer de rendre fiers les Sud-Africains. \u00bb<\/p>\n<\/blockquote>\n<p>Un discours fort, symbole d\u2019une <strong>nouvelle g\u00e9n\u00e9ration sud-africaine<\/strong> aussi talentueuse que lucide, et qui semble bien d\u00e9cid\u00e9e \u00e0 prolonger la domination des Boks sur la plan\u00e8te rugby.<\/p>\n","protected":false},"excerpt":{"rendered":"Samedi soir, le Stade de France a vibr\u00e9 au rythme des retrouvailles entre la France et l\u2019Afrique du&hellip;\n","protected":false},"author":2,"featured_media":523129,"comment_status":"","ping_status":"","sticky":false,"template":"","format":"standard","meta":{"footnotes":""},"categories":[1416],"tags":[1011,27,479,1468,60],"class_list":{"0":"post-523128","1":"post","2":"type-post","3":"status-publish","4":"format-standard","5":"has-post-thumbnail","7":"category-rugby","8":"tag-fr","9":"tag-france","10":"tag-rugby","11":"tag-rugby-football","12":"tag-sports"},"share_on_mastodon":{"url":"https:\/\/pubeurope.com\/@fr\/115520766327031054","error":""},"_links":{"self":[{"href":"https:\/\/www.europesays.com\/fr\/wp-json\/wp\/v2\/posts\/523128","targetHints":{"allow":["GET"]}}],"collection":[{"href":"https:\/\/www.europesays.com\/fr\/wp-json\/wp\/v2\/posts"}],"about":[{"href":"https:\/\/www.europesays.com\/fr\/wp-json\/wp\/v2\/types\/post"}],"author":[{"embeddable":true,"href":"https:\/\/www.europesays.com\/fr\/wp-json\/wp\/v2\/users\/2"}],"replies":[{"embeddable":true,"href":"https:\/\/www.europesays.com\/fr\/wp-json\/wp\/v2\/comments?post=523128"}],"version-history":[{"count":0,"href":"https:\/\/www.europesays.com\/fr\/wp-json\/wp\/v2\/posts\/523128\/revisions"}],"wp:featuredmedia":[{"embeddable":true,"href":"https:\/\/www.europesays.com\/fr\/wp-json\/wp\/v2\/media\/523129"}],"wp:attachment":[{"href":"https:\/\/www.europesays.com\/fr\/wp-json\/wp\/v2\/media?parent=523128"}],"wp:term":[{"taxonomy":"category","embeddable":true,"href":"https:\/\/www.europesays.com\/fr\/wp-json\/wp\/v2\/categories?post=523128"},{"taxonomy":"post_tag","embeddable":true,"href":"https:\/\/www.europesays.com\/fr\/wp-json\/wp\/v2\/tags?post=523128"}],"curies":[{"name":"wp","href":"https:\/\/api.w.org\/{rel}","templated":true}]}}