{"id":523138,"date":"2025-11-09T16:56:12","date_gmt":"2025-11-09T16:56:12","guid":{"rendered":"https:\/\/www.europesays.com\/fr\/523138\/"},"modified":"2025-11-09T16:56:12","modified_gmt":"2025-11-09T16:56:12","slug":"photographe-amateur-il-a-immortalise-un-moment-magique-entre-un-renard-et-un-putois","status":"publish","type":"post","link":"https:\/\/www.europesays.com\/fr\/523138\/","title":{"rendered":"photographe amateur, il a immortalis\u00e9 un moment magique entre un renard et un putois"},"content":{"rendered":"<p>\u00c0 l\u2019occasion d\u2019une sortie brame dans le secteur de Gergueil, Matthieu Balme a v\u00e9cu un moment magique. C\u2019\u00e9tait il y a quelques semaines, mais il s\u2019en souvient comme si c\u2019\u00e9tait hier.<\/p>\n<p>\u00ab\u00a0J\u2019attendais que le cerf ressorte du bois, je n\u2019avais pas pu le photographier. Puis, j\u2019ai vu un renard qui se baladait sur un mur en pierre, \u00e0 environ 70\u00a0m\u00e8tres. Il venait se r\u00e9chauffer avec le soleil du matin, tranquille. Puis j\u2019ai remarqu\u00e9 qu\u2019il n\u2019\u00e9tait pas seul\u00a0! J\u2019ai zoom\u00e9 avec mon t\u00e9l\u00e9objectif, et j\u2019ai effectivement vu\u2026 un putois\u00a0!\u00a0\u00bb, expose-t-il.<\/p>\n<p>Le fonctionnaire dijonnais de 43 ans les a alors&#8230;<\/p>\n","protected":false},"excerpt":{"rendered":"\u00c0 l\u2019occasion d\u2019une sortie brame dans le secteur de Gergueil, Matthieu Balme a v\u00e9cu un moment magique. C\u2019\u00e9tait&hellip;\n","protected":false},"author":2,"featured_media":523139,"comment_status":"","ping_status":"","sticky":false,"template":"","format":"standard","meta":{"footnotes":""},"categories":[1358],"tags":[1867,1348,1384,1385,1687,1386,2930,8587,58,8588,59,107,1011,27,1757,104],"class_list":{"0":"post-523138","1":"post","2":"type-post","3":"status-publish","4":"format-standard","5":"has-post-thumbnail","7":"category-arts-et-design","8":"tag-animaux","9":"tag-arts","10":"tag-arts-and-design","11":"tag-arts-et-design","12":"tag-culture-loisirs","13":"tag-design","14":"tag-dijon","15":"tag-dijon-ville","16":"tag-divertissement","17":"tag-edition-dijon-et-son-agglomeration","18":"tag-entertainment","19":"tag-fil-info","20":"tag-fr","21":"tag-france","22":"tag-insolite","23":"tag-societe"},"share_on_mastodon":{"url":"https:\/\/pubeurope.com\/@fr\/115520797617986033","error":""},"_links":{"self":[{"href":"https:\/\/www.europesays.com\/fr\/wp-json\/wp\/v2\/posts\/523138","targetHints":{"allow":["GET"]}}],"collection":[{"href":"https:\/\/www.europesays.com\/fr\/wp-json\/wp\/v2\/posts"}],"about":[{"href":"https:\/\/www.europesays.com\/fr\/wp-json\/wp\/v2\/types\/post"}],"author":[{"embeddable":true,"href":"https:\/\/www.europesays.com\/fr\/wp-json\/wp\/v2\/users\/2"}],"replies":[{"embeddable":true,"href":"https:\/\/www.europesays.com\/fr\/wp-json\/wp\/v2\/comments?post=523138"}],"version-history":[{"count":0,"href":"https:\/\/www.europesays.com\/fr\/wp-json\/wp\/v2\/posts\/523138\/revisions"}],"wp:featuredmedia":[{"embeddable":true,"href":"https:\/\/www.europesays.com\/fr\/wp-json\/wp\/v2\/media\/523139"}],"wp:attachment":[{"href":"https:\/\/www.europesays.com\/fr\/wp-json\/wp\/v2\/media?parent=523138"}],"wp:term":[{"taxonomy":"category","embeddable":true,"href":"https:\/\/www.europesays.com\/fr\/wp-json\/wp\/v2\/categories?post=523138"},{"taxonomy":"post_tag","embeddable":true,"href":"https:\/\/www.europesays.com\/fr\/wp-json\/wp\/v2\/tags?post=523138"}],"curies":[{"name":"wp","href":"https:\/\/api.w.org\/{rel}","templated":true}]}}