{"id":523141,"date":"2025-11-09T16:59:10","date_gmt":"2025-11-09T16:59:10","guid":{"rendered":"https:\/\/www.europesays.com\/fr\/523141\/"},"modified":"2025-11-09T16:59:10","modified_gmt":"2025-11-09T16:59:10","slug":"une-fois-par-semaine-alizee-et-mylene-farmer-toujours-tres-proches-elles-passent-meme-leurs-vacances-ensemble","status":"publish","type":"post","link":"https:\/\/www.europesays.com\/fr\/523141\/","title":{"rendered":"\u00ab\u00a0Une fois par semaine\u00a0\u00bb, Aliz\u00e9e et Myl\u00e8ne Farmer toujours tr\u00e8s proches, elles passent m\u00eame leurs vacances ensemble"},"content":{"rendered":"<p>      R\u00e9sum\u00e9<\/p>\n<p>Aliz\u00e9e et Myl\u00e8ne Farmer entretiennent une amiti\u00e9 fid\u00e8le, se donnant des nouvelles chaque semaine et partageant m\u00eame leurs vacances en Corse, loin de la musique.<\/p>\n<p>        Sommaire<\/p>\n<p>Elle lui doit tout. En 1999, <a href=\"https:\/\/www.public.fr\/je-pensais-que-jallais-retourner-au-college-alizee-revient-sur-le-surprenant-debut-de-sa-carriere-a-15-ans\" target=\"_blank\" rel=\"noopener\">alors qu&rsquo;elle participe \u00e0 Graines de star<\/a>, Aliz\u00e9e est rep\u00e9r\u00e9e par <strong>Myl\u00e8ne Farmer<\/strong> et son son partenaire artistique <strong>Laurent Boutonnat<\/strong>. Ils voient en elle un look, une voix et une personnalit\u00e9 qui collent parfaitement \u00e0 leur univers. Le coup de foudre est instantan\u00e9e et d\u00e9bute alors une collaboration artistique exceptionnelle. <\/p>\n<p>Myl\u00e8ne Farmer \u00e9crit les paroles des deux premiers albums d&rsquo;Aliz\u00e9e, et Laurent Boutonnant compose la musique et r\u00e9alise les clips. Consid\u00e9r\u00e9e comme <strong>\u00ab\u00a0la petite s\u0153ur artistique\u00a0\u00bb<\/strong> <strong>de Myl\u00e8ne Farmer<\/strong>, Aliz\u00e9e finit par mettre un terme \u00e0 leur collaboration fructueuse en 2004. La jeune femme souhaite s&rsquo;\u00e9manciper, et prend son ind\u00e9pendance. <strong>Mais leur s\u00e9paration est naturelle<\/strong>, sans conflit aucun&#8230; Et le lien reste affectif et symbolique.<\/p>\n<p>Aliz\u00e9e et Myl\u00e8ne ne parlent jamais de musique !<\/p>\n<p><strong>En t\u00e9moignent les r\u00e9cents propos d&rsquo;Aliz\u00e9e<\/strong>. Vingt-six ans apr\u00e8s, rien n&rsquo;a chang\u00e9 : les deux femmes se c\u00f4toient toujours. Invit\u00e9e de Jade et Eric Dussart sur RTL, <a href=\"https:\/\/vsd.fr\/87548-alizee-sest-offerte-lolympia-pour-ses-25-ans-de-carriere\/\" target=\"_blank\" rel=\"noopener\">la chanteuse corse<\/a> a confi\u00e9 prendre des nouvelles de son amie au moins une fois par semaine !<strong> Et Myl\u00e8ne Farmer, qui a une vill\u00e9giature en Corse<\/strong>, en profite \u00e0 chaque fois pour inviter son amie chez elle. Vacances entre amies, les deux femmes partagent la m\u00eame passion pour les animaux&#8230; Et elles ne parlent jamais musique !<\/p>\n<p>\u00ab\u00a0Pas de musique. On s&rsquo;\u00e9crit, pour avoir des nouvelles. <strong>Je suis une passionn\u00e9e d&rsquo;animaux. J&rsquo;ai cinq chiens, sept poules, onze lapins<\/strong>. D\u00e8s que j&rsquo;ai un nouvel arrivant, je lui envoie en photo (\u2026) Je vais en vacances chez elle quand je vais en Corse\u00a0\u00bb r\u00e9v\u00e8le ainsi la chanteuse. <\/p>\n<p>Pour Aliz\u00e9e, <a href=\"https:\/\/www.public.fr\/mylene-farmer-plus-inquiete-que-jamais-son-appel-a-la-prise-de-conscience\" target=\"_blank\" rel=\"noopener\">Myl\u00e8ne Farmer<\/a> est une femme tr\u00e8s \u00ab\u00a0rigolote\u00a0\u00bb, tr\u00e8s loin de l&rsquo;image que certains peuvent se faire d&rsquo;elle. \u00ab\u00a0<strong>Quand on ne la conna\u00eet pas, peut-\u00eatre. C&rsquo;est une genre de barri\u00e8re qu&rsquo;elle se met<\/strong>. Elle est vraiment tr\u00e8s timide quand elle ne conna\u00eet pas. Mais quand elle conna\u00eet, Myl\u00e8ne est quelqu&rsquo;un qui rigole tout le temps, qui aime rire\u00a0\u00bb a-t-elle ainsi confi\u00e9. Une amiti\u00e9 qui n&rsquo;est pas pr\u00eate de s&rsquo;arr\u00eater, et qui va bien au-del\u00e0 du showbiz !<\/p>\n<blockquote class=\"twitter-tweet\">\n<p>\u00ab\u00a0On s&rsquo;\u00e9crit pour avoir des nouvelles. J&rsquo;ai 5 chiens, 7 poules, 11 lapins, d\u00e8s que j&rsquo;ai un nouvel arrivant je lui envoie en photo. Je vais en vacances chez elle quand je vais en Corse. Myl\u00e8ne rigole tout le temps.\u00a0\u00bb Aliz\u00e9e<a href=\"https:\/\/twitter.com\/hashtag\/Myl%C3%A8ne?src=hash&amp;ref_src=twsrc%5Etfw\" target=\"_blank\" rel=\"noopener\">#Myl\u00e8ne<\/a> \u2665\ufe0f <a href=\"https:\/\/twitter.com\/hashtag\/Myl%C3%A8neFarmer?src=hash&amp;ref_src=twsrc%5Etfw\" target=\"_blank\" rel=\"noopener\">#Myl\u00e8neFarmer<\/a> <a href=\"https:\/\/t.co\/jYh7yzmgn5\">pic.twitter.com\/jYh7yzmgn5<\/a><\/p>\n<p>\u2014 VIRGINIEL CRAVEN. (@virginielcraven) <a href=\"https:\/\/twitter.com\/virginielcraven\/status\/1987406581588271356?ref_src=twsrc%5Etfw\" target=\"_blank\" rel=\"noopener\">November 9, 2025<\/a><\/p><\/blockquote>\n<p>\n          Hits &amp; People en continu\n        <\/p>\n<p>\n          Public Radio\n        <\/p>\n<p>      Mentionn\u00e9s dans cet article<\/p>\n<p>      Sur le m\u00eame sujet<\/p>\n<p>  <script async src=\"https:\/\/platform.twitter.com\/widgets.js\" charset=\"utf-8\"><\/script><\/p>\n","protected":false},"excerpt":{"rendered":"R\u00e9sum\u00e9 Aliz\u00e9e et Myl\u00e8ne Farmer entretiennent une amiti\u00e9 fid\u00e8le, se donnant des nouvelles chaque semaine et partageant m\u00eame&hellip;\n","protected":false},"author":2,"featured_media":523142,"comment_status":"","ping_status":"","sticky":false,"template":"","format":"standard","meta":{"footnotes":""},"categories":[1355],"tags":[21748,7006,58,59,1011,27,1361,873,13995],"class_list":{"0":"post-523141","1":"post","2":"type-post","3":"status-publish","4":"format-standard","5":"has-post-thumbnail","7":"category-musique","8":"tag-alizee","9":"tag-amitie","10":"tag-divertissement","11":"tag-entertainment","12":"tag-fr","13":"tag-france","14":"tag-music","15":"tag-musique","16":"tag-mylene-farmer"},"share_on_mastodon":{"url":"https:\/\/pubeurope.com\/@fr\/115520809521676139","error":""},"_links":{"self":[{"href":"https:\/\/www.europesays.com\/fr\/wp-json\/wp\/v2\/posts\/523141","targetHints":{"allow":["GET"]}}],"collection":[{"href":"https:\/\/www.europesays.com\/fr\/wp-json\/wp\/v2\/posts"}],"about":[{"href":"https:\/\/www.europesays.com\/fr\/wp-json\/wp\/v2\/types\/post"}],"author":[{"embeddable":true,"href":"https:\/\/www.europesays.com\/fr\/wp-json\/wp\/v2\/users\/2"}],"replies":[{"embeddable":true,"href":"https:\/\/www.europesays.com\/fr\/wp-json\/wp\/v2\/comments?post=523141"}],"version-history":[{"count":0,"href":"https:\/\/www.europesays.com\/fr\/wp-json\/wp\/v2\/posts\/523141\/revisions"}],"wp:featuredmedia":[{"embeddable":true,"href":"https:\/\/www.europesays.com\/fr\/wp-json\/wp\/v2\/media\/523142"}],"wp:attachment":[{"href":"https:\/\/www.europesays.com\/fr\/wp-json\/wp\/v2\/media?parent=523141"}],"wp:term":[{"taxonomy":"category","embeddable":true,"href":"https:\/\/www.europesays.com\/fr\/wp-json\/wp\/v2\/categories?post=523141"},{"taxonomy":"post_tag","embeddable":true,"href":"https:\/\/www.europesays.com\/fr\/wp-json\/wp\/v2\/tags?post=523141"}],"curies":[{"name":"wp","href":"https:\/\/api.w.org\/{rel}","templated":true}]}}