{"id":523149,"date":"2025-11-09T17:03:10","date_gmt":"2025-11-09T17:03:10","guid":{"rendered":"https:\/\/www.europesays.com\/fr\/523149\/"},"modified":"2025-11-09T17:03:10","modified_gmt":"2025-11-09T17:03:10","slug":"editeurs-autrices-auteurs-annoncent-leur-boycott-apres-la-nomination-de-franck-bondoux-liberation","status":"publish","type":"post","link":"https:\/\/www.europesays.com\/fr\/523149\/","title":{"rendered":"\u00e9diteurs, autrices, auteurs annoncent leur boycott, apr\u00e8s la nomination de Franck Bondoux \u2013 Lib\u00e9ration"},"content":{"rendered":"<p class=\"sc-cPiKLX AiZTS text-element\">Et pourquoi pas <a href=\"https:\/\/www.liberation.fr\/dossier\/festival-dangouleme\/\" target=\"_blank\" rel=\"noreferrer noopener\" title=\"https:\/\/www.liberation.fr\/dossier\/festival-dangouleme\/\">un festival d\u2019Angoul\u00eame<\/a> sans auteurs ? En annon\u00e7ant, ce samedi 8 novembre, <a href=\"https:\/\/www.liberation.fr\/culture\/bd\/franck-bondoux-reconduit-a-la-tete-du-festival-de-bd-dangouleme-le-boycott-comme-seul-horizon-20251108_SIQUGMIMKVDC7KBX3W3WEW47OU\/\" target=\"_blank\" rel=\"noopener\" title=\"https:\/\/www.liberation.fr\/culture\/bd\/franck-bondoux-reconduit-a-la-tete-du-festival-de-bd-dangouleme-le-boycott-comme-seul-horizon-20251108_SIQUGMIMKVDC7KBX3W3WEW47OU\/\">la reconduction de 9e Art +<\/a> \u00e0 la t\u00eate du festival, l\u2019association fondatrice du premier \u00e9v\u00e9nement de bande dessin\u00e9e de France pr\u00e9cipite une crise qui semble d\u00e9sormais in\u00e9luctable. Le pas de c\u00f4t\u00e9 tent\u00e9 par l\u2019association, qui exige un attelage entre les deux structures finalistes de l\u2019appel \u00e0 projet, semble ne convenir \u00e0 personne ou presque tant il s\u2019agit du mariage de la carpe et du lapin : d\u2019un c\u00f4t\u00e9, il y a la soci\u00e9t\u00e9 priv\u00e9e 9e Art +, aux commandes du festival depuis dix-huit ans et unanimement rejet\u00e9e par les autrices, les auteurs et les \u00e9diteurs ; de l\u2019autre, la Cit\u00e9 de la BD, \u00e9tablissement public perp\u00e9tuellement m\u00e9pris\u00e9 par le festival.<\/p>\n<p class=\"sc-cPiKLX AiZTS text-element\">L\u2019une des r\u00e9actions que l\u2019on guettait le plus, apr\u00e8s la d\u00e9cision de l\u2019association, \u00e9tait celle du syndicat national de l\u2019\u00e9dition (SNE), qui regroupe les plus gros \u00e9diteurs de bandes dessin\u00e9es. Apr\u00e8s avoir menac\u00e9 en j<\/p>\n","protected":false},"excerpt":{"rendered":"Et pourquoi pas un festival d\u2019Angoul\u00eame sans auteurs ? En annon\u00e7ant, ce samedi 8 novembre, la reconduction de&hellip;\n","protected":false},"author":2,"featured_media":523150,"comment_status":"","ping_status":"","sticky":false,"template":"","format":"standard","meta":{"footnotes":""},"categories":[8],"tags":[13152,58,59,1082,1011,27],"class_list":{"0":"post-523149","1":"post","2":"type-post","3":"status-publish","4":"format-standard","5":"has-post-thumbnail","7":"category-divertissement","8":"tag-angouleme","9":"tag-divertissement","10":"tag-entertainment","11":"tag-festival-dangouleme","12":"tag-fr","13":"tag-france"},"share_on_mastodon":{"url":"https:\/\/pubeurope.com\/@fr\/115520825593692191","error":""},"_links":{"self":[{"href":"https:\/\/www.europesays.com\/fr\/wp-json\/wp\/v2\/posts\/523149","targetHints":{"allow":["GET"]}}],"collection":[{"href":"https:\/\/www.europesays.com\/fr\/wp-json\/wp\/v2\/posts"}],"about":[{"href":"https:\/\/www.europesays.com\/fr\/wp-json\/wp\/v2\/types\/post"}],"author":[{"embeddable":true,"href":"https:\/\/www.europesays.com\/fr\/wp-json\/wp\/v2\/users\/2"}],"replies":[{"embeddable":true,"href":"https:\/\/www.europesays.com\/fr\/wp-json\/wp\/v2\/comments?post=523149"}],"version-history":[{"count":0,"href":"https:\/\/www.europesays.com\/fr\/wp-json\/wp\/v2\/posts\/523149\/revisions"}],"wp:featuredmedia":[{"embeddable":true,"href":"https:\/\/www.europesays.com\/fr\/wp-json\/wp\/v2\/media\/523150"}],"wp:attachment":[{"href":"https:\/\/www.europesays.com\/fr\/wp-json\/wp\/v2\/media?parent=523149"}],"wp:term":[{"taxonomy":"category","embeddable":true,"href":"https:\/\/www.europesays.com\/fr\/wp-json\/wp\/v2\/categories?post=523149"},{"taxonomy":"post_tag","embeddable":true,"href":"https:\/\/www.europesays.com\/fr\/wp-json\/wp\/v2\/tags?post=523149"}],"curies":[{"name":"wp","href":"https:\/\/api.w.org\/{rel}","templated":true}]}}