{"id":523156,"date":"2025-11-09T17:07:11","date_gmt":"2025-11-09T17:07:11","guid":{"rendered":"https:\/\/www.europesays.com\/fr\/523156\/"},"modified":"2025-11-09T17:07:11","modified_gmt":"2025-11-09T17:07:11","slug":"lfi-compte-deposer-une-nouvelle-motion-de-censure-debut-decembre","status":"publish","type":"post","link":"https:\/\/www.europesays.com\/fr\/523156\/","title":{"rendered":"LFI compte d\u00e9poser une nouvelle motion de censure \u00ab\u00a0d\u00e9but d\u00e9cembre\u00a0\u00bb"},"content":{"rendered":"<p>Pas de tr\u00eave hivernale pour le <a href=\"https:\/\/www.20minutes.fr\/dossier\/gouvernement\" class=\"c-link c-link--is-underlined\" rel=\"nofollow noopener\" target=\"_blank\">gouvernement<\/a> de <a href=\"https:\/\/www.20minutes.fr\/politique\/sebastien-lecornu\/\" class=\"c-link c-link--is-underlined\" rel=\"nofollow noopener\" target=\"_blank\">S\u00e9bastien Lecornu<\/a>. <a href=\"https:\/\/www.20minutes.fr\/politique\/france-insoumise\/\" class=\"c-link c-link--is-underlined\" rel=\"nofollow noopener\" target=\"_blank\">La France insoumise<\/a> compte d\u00e9poser une nouvelle <a href=\"https:\/\/www.20minutes.fr\/dossier\/motion_de_censure\" class=\"c-link c-link--is-underlined\" rel=\"nofollow noopener\" target=\"_blank\">motion de censure<\/a> \u00ab\u00a0avant No\u00ebl, sans doute au d\u00e9but du mois de d\u00e9cembre\u00a0\u00bb, a indiqu\u00e9 <a href=\"https:\/\/www.20minutes.fr\/politique\/manuel-bompard\/\" class=\"c-link c-link--is-underlined\" rel=\"nofollow noopener\" target=\"_blank\">Manuel Bompard<\/a>, le coordinateur de LFI, sur BFMTV. \u00ab\u00a0Tout le monde aura sous les yeux \u00e0 ce moment-l\u00e0 la r\u00e9alit\u00e9 de ce que sont le budget de l\u2019\u00c9tat et le budget de la <a href=\"https:\/\/www.20minutes.fr\/dossier\/securite_sociale\" class=\"c-link c-link--is-underlined\" rel=\"nofollow noopener\" target=\"_blank\">S\u00e9curit\u00e9 sociale<\/a>\u00a0\u00bb, a-t-il pr\u00e9cis\u00e9.<\/p>\n<p>La pr\u00e9c\u00e9dente motion d\u00e9pos\u00e9e mi-octobre par son groupe avait \u00ab\u00a0\u00e9chou\u00e9 \u00e0 18 voix pr\u00e8s [\u2026] parce que les <a href=\"https:\/\/www.20minutes.fr\/politique\/ps\/\" class=\"c-link c-link--is-underlined\" rel=\"nofollow noopener\" target=\"_blank\">socialistes<\/a> ne l\u2019ont pas vot\u00e9e\u00a0\u00bb, a rappel\u00e9 Manuel Bompard. Et d\u2019assurer que les Insoumis en \u00ab\u00a0red\u00e9poseront une [\u2026] \u00e0 partir du moment o\u00f9 (ils auront) une certitude que celle-ci puisse \u00eatre vot\u00e9e\u00a0\u00bb.<\/p>\n<\/p>\n<p>\u00ab\u00a0Il n\u2019y a rien \u00e0 attendre de ce gouvernement\u00a0\u00bb<\/p>\n<p>Pour l\u2019\u00e9lu LFI, l\u2019occasion pourrait se pr\u00e9senter sur le premier texte soumis au vote, en l\u2019occurrence le <a href=\"https:\/\/www.20minutes.fr\/politique\/4183046-20251102-budget-2026-rapporteur-juge-hautement-probable-assemblee-puisse-examiner-temps\" class=\"c-link c-link--is-underlined\" rel=\"nofollow noopener\" target=\"_blank\">projet de loi financement de la S\u00e9curit\u00e9 sociale (PLFSS).<\/a> \u00ab\u00a0Je n\u2019ose croire que les d\u00e9put\u00e9s socialistes puissent accepter (ce) budget\u00a0\u00bb, a-t-il affirm\u00e9. Et d\u2019insister\u00a0: \u00ab\u00a0A la fin, nous allons rejeter ce budget, parce qu\u2019il n\u2019y a rien \u00e0 attendre de ce gouvernement\u00a0\u00bb.<\/p>\n<p>Le PLFSS doit int\u00e9grer la suspension de la <a href=\"https:\/\/www.20minutes.fr\/dossier\/reforme_des_retraites\" class=\"c-link c-link--is-underlined\" rel=\"nofollow noopener\" target=\"_blank\">r\u00e9forme des retraites<\/a>, condition d\u2019un accord entre le gouvernement et les socialistes. Mais pour LFI, qui r\u00e9clame l\u2019abrogation de cette r\u00e9forme, il est hors de question \u00ab\u00a0d\u2019avaler l\u2019ensemble du budget de la S\u00e9curit\u00e9 sociale, c\u2019est-\u00e0-dire entre 12 et 15\u00a0milliards d\u2019euros d\u2019\u00e9conomies\u00a0\u00bb en contrepartie. \u00ab\u00a0Si l\u2019on veut l\u2019abrogation de la r\u00e9forme des retraites, il faut faire tomber ce gouvernement\u00a0\u00bb, a martel\u00e9 l\u2019\u00e9lu des <a href=\"https:\/\/www.20minutes.fr\/dossier\/bouches-rhone\" class=\"c-link c-link--is-underlined\" rel=\"nofollow noopener\" target=\"_blank\">Bouches-du-Rh\u00f4ne<\/a>.<\/p>\n","protected":false},"excerpt":{"rendered":"Pas de tr\u00eave hivernale pour le gouvernement de S\u00e9bastien Lecornu. La France insoumise compte d\u00e9poser une nouvelle motion&hellip;\n","protected":false},"author":2,"featured_media":523157,"comment_status":"","ping_status":"","sticky":false,"template":"","format":"standard","meta":{"footnotes":""},"categories":[4],"tags":[47,11,885,1003,1011,27,1023,17852,26542,12,883,316,882,25,11067,731],"class_list":{"0":"post-523156","1":"post","2":"type-post","3":"status-publish","4":"format-standard","5":"has-post-thumbnail","7":"category-france","8":"tag-actualite","9":"tag-actualites","10":"tag-bouches-du-rhone","11":"tag-budget","12":"tag-fr","13":"tag-france","14":"tag-la-france-insoumise-lfi","15":"tag-manuel-bompard","16":"tag-motion-de-censure","17":"tag-news","18":"tag-paca","19":"tag-politique","20":"tag-provence-alpes-cote-dazur","21":"tag-republique-francaise","22":"tag-sebastien-lecornu","23":"tag-securite-sociale"},"share_on_mastodon":{"url":"https:\/\/pubeurope.com\/@fr\/115520840928492957","error":""},"_links":{"self":[{"href":"https:\/\/www.europesays.com\/fr\/wp-json\/wp\/v2\/posts\/523156","targetHints":{"allow":["GET"]}}],"collection":[{"href":"https:\/\/www.europesays.com\/fr\/wp-json\/wp\/v2\/posts"}],"about":[{"href":"https:\/\/www.europesays.com\/fr\/wp-json\/wp\/v2\/types\/post"}],"author":[{"embeddable":true,"href":"https:\/\/www.europesays.com\/fr\/wp-json\/wp\/v2\/users\/2"}],"replies":[{"embeddable":true,"href":"https:\/\/www.europesays.com\/fr\/wp-json\/wp\/v2\/comments?post=523156"}],"version-history":[{"count":0,"href":"https:\/\/www.europesays.com\/fr\/wp-json\/wp\/v2\/posts\/523156\/revisions"}],"wp:featuredmedia":[{"embeddable":true,"href":"https:\/\/www.europesays.com\/fr\/wp-json\/wp\/v2\/media\/523157"}],"wp:attachment":[{"href":"https:\/\/www.europesays.com\/fr\/wp-json\/wp\/v2\/media?parent=523156"}],"wp:term":[{"taxonomy":"category","embeddable":true,"href":"https:\/\/www.europesays.com\/fr\/wp-json\/wp\/v2\/categories?post=523156"},{"taxonomy":"post_tag","embeddable":true,"href":"https:\/\/www.europesays.com\/fr\/wp-json\/wp\/v2\/tags?post=523156"}],"curies":[{"name":"wp","href":"https:\/\/api.w.org\/{rel}","templated":true}]}}