{"id":52316,"date":"2025-04-25T17:47:09","date_gmt":"2025-04-25T17:47:09","guid":{"rendered":"https:\/\/www.europesays.com\/fr\/52316\/"},"modified":"2025-04-25T17:47:09","modified_gmt":"2025-04-25T17:47:09","slug":"mai-a-velo-en-ile-de-france-un-festival-des-balades-et-des-surprises-pour-les-adeptes-du-biclou","status":"publish","type":"post","link":"https:\/\/www.europesays.com\/fr\/52316\/","title":{"rendered":"\u00ab\u00a0Mai \u00e0 V\u00e9lo\u00a0\u00bb en \u00cele-de-France\u00a0: un festival, des balades et des surprises pour les adeptes du biclou"},"content":{"rendered":"<p class=\"paragraph text_align_left\">Le <a href=\"https:\/\/www.leparisien.fr\/info-paris-ile-de-france-oise\/transports\/le-velo-roi-de-la-rentree-a-paris-et-en-ile-de-france-leffet-jo-va-t-il-perdurer-06-09-2024-OGNT2WMCKREP3IFFMS24A7AMPY.php\" target=\"_blank\" rel=\"nofollow noopener\">v\u00e9lo continue son \u00ab boom \u00bb<\/a> en \u00cele-de-France. Alors que la pratique quotidienne a explos\u00e9 depuis 2019 en r\u00e9gion parisienne, la cinqui\u00e8me \u00e9dition de <a href=\"https:\/\/maiavelo.fr\/\" target=\"_blank\" rel=\"nofollow noopener\">\u00ab Mai \u00e0 V\u00e9lo \u00bb<\/a> d\u00e9bute ce vendredi 25 avril, avec le lancement du <a href=\"https:\/\/velo-in-paris.com\/programme\/\" target=\"_blank\" rel=\"nofollow noopener\">salon-festival \u00ab V\u00e9lo in Paris \u00bb<\/a> au Parc floral (Paris, XIIe).<\/p>\n<p class=\"paragraph text_align_left\">\u00ab Le succ\u00e8s sur la dur\u00e9e de <a href=\"https:\/\/www.leparisien.fr\/culture-loisirs\/sortir-region-parisienne\/4e-edition-de-mai-a-velo-balades-ateliers-jeux-la-petite-reine-dans-tous-ses-etats-en-ile-de-france-27-04-2024-JC26T6634NATVOYIUPGYT5X2B4.php\" target=\"_blank\" rel=\"nofollow noopener\">Mai \u00e0 V\u00e9lo<\/a> vient tout simplement de la volont\u00e9 de faire du v\u00e9lo une f\u00eate. Le nombre de participants cro\u00eet chaque ann\u00e9e, on le voit notamment dans le d\u00e9fi qui consiste \u00e0 enregistrer le plus de kilom\u00e8tres parcourus \u00bb, note Maria Jebli-Chedeville, la pr\u00e9sidente de l\u2019organisation.<\/p>\n<p>Mai \u00e0 v\u00e9lo se veut \u00ab rassembleur \u00bb<\/p>\n<p class=\"paragraph text_align_left\">Apr\u00e8s des <a href=\"https:\/\/www.leparisien.fr\/jo-paris-2024\/nouvelles-pistes-cyclables-parkings-xxl-le-velo-va-tirer-son-epingle-du-jeu-pendant-les-jo-2024-30-05-2024-7RFWJW3NGBHM3NG5ZPZ32AXDJU.php\" target=\"_blank\" rel=\"nofollow noopener\">JO de Paris o\u00f9 les d\u00e9placements \u00e0 v\u00e9lo ont pris toute leur place<\/a> gr\u00e2ce \u00e0 un r\u00e9seau d\u2019olympistes, les Franciliens devraient d\u00e9couvrir \u00e0 la fin de l\u2019ann\u00e9e les 300 premiers kilom\u00e8tres d\u2019itin\u00e9raires du <a href=\"https:\/\/www.leparisien.fr\/info-paris-ile-de-france-oise\/transports\/reseau-velo-ile-de-france-les-premiers-itineraires-cyclables-seront-inaugures-fin-2025-05-12-2024-GD4AUTHLQRBCVCO623FHIMF3JI.php\" target=\"_blank\" rel=\"nofollow noopener\">r\u00e9seau V\u00e9lo \u00cele-de-France <\/a>(VIF). De quoi rendre toujours plus attractif ce mode de d\u00e9placement bon pour la sant\u00e9 et pour la plan\u00e8te. \u00c0 condition tout de m\u00eame que le partage de la route et la cohabitation avec les flux motoris\u00e9s s\u2019am\u00e9liorent, alors que la fin de l\u2019ann\u00e9e 2024 a \u00e9t\u00e9 marqu\u00e9e par <a href=\"https:\/\/www.leparisien.fr\/info-paris-ile-de-france-oise\/transports\/mort-de-paul-varry-le-ministre-des-transports-cree-une-mission-contre-les-violences-routieres-21-10-2024-G2IEM6LOE5BZ5FPB7US56E2INE.php\" target=\"_blank\" rel=\"nofollow noopener\">la mort violente du cycliste Paul Varry<\/a> en plein Paris.<\/p>\n<p class=\"title-embed-dailymotion lp-color-text lp-f-subtitle-04\">Vid\u00e9o\u00ab\u00a0La voiture tue\u00a0\u00bb\u00a0: \u00e9motion et col\u00e8re pour Anne Hidalgo, qui rend hommage au cycliste Paul Varry<\/p>\n<p class=\"paragraph text_align_left\">La mission lanc\u00e9e par le minist\u00e8re des Transports contre les violences routi\u00e8res doit rendre prochainement ses travaux. \u00ab C\u2019est l\u2019une des tendances cette ann\u00e9e. La question de la s\u00e9curit\u00e9 et du respect mutuel sont tr\u00e8s pr\u00e9sents. Mai \u00e0 v\u00e9lo veut justement \u00eatre rassembleur, en \u00e9vitant les clivages inutiles, car la plupart des cyclistes sont aussi des automobilistes \u00bb, pr\u00e9cise Maria Jebli-Chedeville.<\/p>\n<p class=\"paragraph text_align_left\">Alors, avec le retour des beaux jours, place \u00e0 la d\u00e9tente et au plaisir de p\u00e9daler gr\u00e2ce aux multiples rendez-vous de Mai \u00e0 v\u00e9lo.<\/p>\n<p>10 000 visiteurs et 100 exposants attendus au Parc floral, l\u2019endroit parfait pour tester des v\u00e9los<\/p>\n<p class=\"paragraph text_align_left\">Dans la capitale, le 7e \u00ab festival V\u00e9lo in Paris \u00bb se tient d\u00e8s ce vendredi et jusqu\u2019au 27 avril au parc Floral de 10 heures \u00e0 19 heures. Ce rendez-vous gratuit, qui grandit d\u2019ann\u00e9e en ann\u00e9e, offre une excellente opportunit\u00e9 pour tester diff\u00e9rents types de biclou, avec 100 exposants pr\u00e9sents. Pas moins de 10 000 visiteurs sont attendus pour s\u2019adonner \u00e0 6 000 tests, avec 450 mod\u00e8les possibles, sur une piste d\u2019essai s\u00e9curis\u00e9e d\u2019un kilom\u00e8tre.<\/p>\n<p class=\"paragraph text_align_left\">Mod\u00e8les familiaux cargo, \u00ab longtails \u00bb, draisiennes pour les petits, VTT, route, gravel\u2026 Il y en a pour tous les go\u00fbts. Plusieurs marques fran\u00e7aises de cycle, ainsi que des \u00e9quipementiers (casques, v\u00eatements, bagagerie) pr\u00e9sentent leurs innovations.<\/p>\n<p class=\"paragraph text_align_left\">De nombreux autres \u00e9v\u00e9nements se d\u00e9roulent <a href=\"https:\/\/maiavelo.fr\/nos-evenements\/\" target=\"_blank\" rel=\"nofollow noopener\">dans tous les d\u00e9partements<\/a>, offrant une multitude de choix pour les p\u00e9daleurs du quotidien, les familles en balade ou les passionn\u00e9s de cyclisme sportif\u2026<\/p>\n<p class=\"paragraph text_align_left\">Le 30 avril, la place de la R\u00e9publique \u00e0 Paris sera le th\u00e9\u00e2tre du lancement du challenge Mai \u00e0 V\u00e9lo. L\u2019objectif : faire parcourir \u00e0 sa communaut\u00e9 le plus de kilom\u00e8tres \u00e0 v\u00e9lo au cours du mois de mai. Tous les kilom\u00e8tres enregistr\u00e9s avec l\u2019application Geovelo sont comptabilis\u00e9s, et des classements locaux et nationaux sont \u00e9tablis selon le type d\u2019entit\u00e9, leur taille, et la zone g\u00e9ographique d\u2019activit\u00e9.<\/p>\n<p>Au programme dans les d\u00e9partements d\u2019\u00cele-de-France<\/p>\n<p class=\"paragraph text_align_left\">Dans les <b>Hauts-de-Seine,<\/b> \u00e0 Asni\u00e8res-sur-Seine, le 1er mai, participez \u00e0 la parade d\u00e9guis\u00e9e \u00ab On se re-Mai \u00e0 v\u00e9lo \u00bb sur la place de l\u2019h\u00f4tel de ville. Toujours \u00e0 Asni\u00e8res, le 2 mai, rendez-vous \u00e0 un atelier d\u2019auto-r\u00e9paration au gymnase Laura-Flessel. Le 17 mai, \u00e0 Chaville, vous pourrez vendre ou acheter des v\u00e9los d\u2019occasion \u00e0 la bourse organis\u00e9e \u00e0 l\u2019\u00e9cole Paul-Bert. Le m\u00eame jour, Neuilly-sur-Seine accueillera sa 4e \u00e9dition de la Journ\u00e9e du V\u00e9lo, avec des ateliers et randonn\u00e9es au programme, sur la place du march\u00e9.<\/p>\n<p class=\"paragraph text_align_left\">En <b>Seine-Saint-Denis<\/b>, \u00e0 Aubervilliers, le 24 mai, le canal sera en f\u00eate avec l\u2019\u00e9v\u00e9nement \u00ab Le Canal est \u00e0 vous ! \u00bb une journ\u00e9e d\u2019animations et de d\u00e9couvertes autour du v\u00e9lo. Aulnay-sous-Bois organise un temps fort le 18 mai, avec atelier de r\u00e9paration, s\u00e9ances de remise en selle, etc.<\/p>\n<p class=\"paragraph text_align_left\">Dans le <b>Val-de-Marne<\/b>, Charenton-le-Pont organise sa F\u00eate du V\u00e9lo le 17 mai sur la place Aristide-Briand, o\u00f9 vous pourrez participer \u00e0 des balades et \u00e0 une bourse aux v\u00e9los. Le 3 mai, \u00e0 Le Perreux-sur-Marne, participez \u00e0 la sortie dans un parc ornithologique lors de l\u2019\u00e9v\u00e9nement \u00ab WE nature \u00bb.<\/p>\n<p class=\"paragraph text_align_left\">Dans les <b>Yvelines<\/b>, le 14 mai, Verneuil-sur-Seine propose un itin\u00e9raire \u00e0 v\u00e9lo pour les jeunes au gymnase Coubertin. Maisons-Laffitte accueille des cin\u00e9-d\u00e9bats autour du v\u00e9lo le 28 avril. Et Croissy-sur-Seine organise une randonn\u00e9e le 29 mai, pour d\u00e9couvrir la boucle de la Seine.<\/p>\n<p class=\"paragraph text_align_left\">Dans le <b>Val-d\u2019Oise<\/b>, les \u00e9tudiants de<b> <\/b>Cergy-Paris Universit\u00e9 vont sensibiliser le 23 mai les habitants de Pontoise \u00e0 l\u2019usage du v\u00e9lo.<\/p>\n<p class=\"paragraph text_align_left\">Dans <b>l\u2019Essonne<\/b>, \u00c9vry propose une sortie guid\u00e9e le 20 mai pour d\u00e9couvrir les am\u00e9nagements cyclables autour de la Cit\u00e9 administrative. \u00c0 Saint-Germain-l\u00e8s-Arpajon, le 24 mai, le rallye nature le long des bords de l\u2019Orge vous invite \u00e0 une balade ludique. \u00c0 Villab\u00e9, le 3 mai, partez \u00e0 la d\u00e9couverte des environs avec une promenade \u00e0 v\u00e9lo autour de la cit\u00e9. Brunoy organise des parcours de d\u00e9couverte le 11 mai pour les amateurs de v\u00e9lo tout-terrain.<\/p>\n<p class=\"paragraph text_align_left\">Enfin, en <b>Seine-et-Marne<\/b>, des animations sont notamment pr\u00e9vues \u00e0 Lagny (3 mai), Mont\u00e9vrain (17 mai), Melun (march\u00e9 aux v\u00e9los le 18 mai) et \u00e0 Meaux (V\u00e9lorution, le 17 mai au parc Chenonceau).<\/p>\n","protected":false},"excerpt":{"rendered":"Le v\u00e9lo continue son \u00ab boom \u00bb en \u00cele-de-France. Alors que la pratique quotidienne a explos\u00e9 depuis 2019&hellip;\n","protected":false},"author":2,"featured_media":52317,"comment_status":"","ping_status":"","sticky":false,"template":"","format":"standard","meta":{"footnotes":""},"categories":[1592],"tags":[1111,11,1777,674,1011,27,662,1944,12,626,25,2382],"class_list":{"0":"post-52316","1":"post","2":"type-post","3":"status-publish","4":"format-standard","5":"has-post-thumbnail","7":"category-ile-de-france","8":"tag-actu","9":"tag-actualites","10":"tag-eu","11":"tag-europe","12":"tag-fr","13":"tag-france","14":"tag-ile-de-france","15":"tag-ma-ville","16":"tag-news","17":"tag-paris","18":"tag-republique-francaise","19":"tag-transport-idf-oise"},"share_on_mastodon":{"url":"https:\/\/pubeurope.com\/@fr\/114399861210058890","error":""},"_links":{"self":[{"href":"https:\/\/www.europesays.com\/fr\/wp-json\/wp\/v2\/posts\/52316","targetHints":{"allow":["GET"]}}],"collection":[{"href":"https:\/\/www.europesays.com\/fr\/wp-json\/wp\/v2\/posts"}],"about":[{"href":"https:\/\/www.europesays.com\/fr\/wp-json\/wp\/v2\/types\/post"}],"author":[{"embeddable":true,"href":"https:\/\/www.europesays.com\/fr\/wp-json\/wp\/v2\/users\/2"}],"replies":[{"embeddable":true,"href":"https:\/\/www.europesays.com\/fr\/wp-json\/wp\/v2\/comments?post=52316"}],"version-history":[{"count":0,"href":"https:\/\/www.europesays.com\/fr\/wp-json\/wp\/v2\/posts\/52316\/revisions"}],"wp:featuredmedia":[{"embeddable":true,"href":"https:\/\/www.europesays.com\/fr\/wp-json\/wp\/v2\/media\/52317"}],"wp:attachment":[{"href":"https:\/\/www.europesays.com\/fr\/wp-json\/wp\/v2\/media?parent=52316"}],"wp:term":[{"taxonomy":"category","embeddable":true,"href":"https:\/\/www.europesays.com\/fr\/wp-json\/wp\/v2\/categories?post=52316"},{"taxonomy":"post_tag","embeddable":true,"href":"https:\/\/www.europesays.com\/fr\/wp-json\/wp\/v2\/tags?post=52316"}],"curies":[{"name":"wp","href":"https:\/\/api.w.org\/{rel}","templated":true}]}}