{"id":523163,"date":"2025-11-09T17:13:13","date_gmt":"2025-11-09T17:13:13","guid":{"rendered":"https:\/\/www.europesays.com\/fr\/523163\/"},"modified":"2025-11-09T17:13:13","modified_gmt":"2025-11-09T17:13:13","slug":"voici-les-magasins-ouverts-a-metz-et-nancy-mardi-11-novembre-2025","status":"publish","type":"post","link":"https:\/\/www.europesays.com\/fr\/523163\/","title":{"rendered":"voici les magasins ouverts \u00e0 Metz et Nancy mardi 11 novembre 2025"},"content":{"rendered":"<p>            Par<br \/>\n        <strong><br \/>\n            <a href=\"https:\/\/actu.fr\/auteur\/ninon-oget\" title=\"Consulter tous les articles de Ninon Oget\" target=\"_blank\" rel=\"noopener\">Ninon Oget<\/a><br \/>\n        <\/strong><\/p>\n<p>        Publi\u00e9 le<\/p>\n<p>            9 nov. 2025 \u00e0 18h02        <\/p>\n<p>Pour le <a href=\"https:\/\/actu.fr\/tag\/toussaint\" target=\"_blank\" rel=\"noopener\">jour de la Toussaint<\/a>, samedi 1er novembre, de <a href=\"https:\/\/actu.fr\/grand-est\/nancy_54395\/1er-novembre-voici-la-liste-des-magasins-ouverts-a-nancy-et-a-metz-ce-samedi_63370347.html\" target=\"_blank\" rel=\"noopener\">nombreux commerces ont exceptionnellement ouvert<\/a> leurs portes \u00e0 <strong>Metz<\/strong> et <strong>Nancy<\/strong>. Mais ce sera bien diff\u00e9rent pour le prochain jour f\u00e9ri\u00e9, \u00e0 savoir <strong>mardi 11 novembre<\/strong> pour la comm\u00e9moration de l\u2019<strong>Armistice de 1918<\/strong>. On fait un point non exhaustif des magasins ouverts et ferm\u00e9s.<\/p>\n<p>Les commerces ouverts et ferm\u00e9s \u00e0 Metz, mardi 11 novembre<\/p>\n<p class=\" wall-content\">\u00c0 Metz et ses alentours, les commerces seront<strong> globalement ferm\u00e9s<\/strong> pendant la journ\u00e9e du mardi 11 novembre. Seuls quelques magasins ouvriront exceptionnellement.<\/p>\n<ul class=\" wall-content\">\n<li><a href=\"https:\/\/actu.fr\/tag\/centre-commercial-muse\" target=\"_blank\" rel=\"noopener\">Centre commercial Muse<\/a>, Metz : ferm\u00e9.<\/li>\n<li><strong>Auchan<\/strong>, Metz XXe Corps : ferm\u00e9.<\/li>\n<li><strong>Auchan<\/strong>, Sem\u00e9court : ferm\u00e9.<\/li>\n<li><strong>Auchan<\/strong>, Metz-Patrotte : ferm\u00e9.<\/li>\n<li><strong>Auchan<\/strong>, Metz-Planti\u00e8res : ferm\u00e9.<\/li>\n<li><strong>Carrefour City<\/strong>, Metz Clercs : ouvert de 9h \u00e0 13h.<\/li>\n<li><strong>Carrefour City<\/strong>, Metz Saint-Simplice : ouvert de 9h \u00e0 13h.<\/li>\n<li><strong>Carrefour<\/strong>, Metz-Technop\u00f4le : ferm\u00e9.<\/li>\n<li><strong>Carrefour<\/strong>, Moulins-l\u00e8s-Metz : ferm\u00e9.<\/li>\n<li><strong>Carrefour Express<\/strong>, Metz Arsenal : ouvert de 9h \u00e0 12h30.<\/li>\n<li><strong>Carrefour Express<\/strong>, Metz Gambetta : ouvert de 9h \u00e0 13h.<\/li>\n<li><strong>Carrefour Express<\/strong>, Metz Coislin : ouvert de 8h \u00e0 20h.<\/li>\n<li><strong>Carrefour Express<\/strong>, Metz Robert : ouvert de 9h \u00e0 21h.<\/li>\n<li><strong>Carrefour Express<\/strong>, Moulins-l\u00e8s-Metz : ouvert de 9h \u00e0 13h.<\/li>\n<li><strong>Carrefour City<\/strong>, Metz Saint-Maximin : ouvert de 9h \u00e0 13h.<\/li>\n<li><strong>Carrefour City<\/strong>, Metz Avenue de Nancy : ouvert de 9h \u00e0 13h.<\/li>\n<li><strong>Ikea<\/strong>, La Maxe : ferm\u00e9.<\/li>\n<li><strong>Cultura<\/strong>, centre commercial Waves Actisud : ferm\u00e9.<\/li>\n<li><strong>Alinea<\/strong>, centre commercial Waves Actisud : ferm\u00e9.<\/li>\n<li><strong>Decathlon<\/strong>, Metz-Augny : ferm\u00e9.<\/li>\n<\/ul>\n<p>Les commerces ouverts et ferm\u00e9s \u00e0 Nancy, mardi 11 novembre<\/p>\n<p class=\" wall-content\">Contrairement \u00e0 Metz, de nombreux commerces seront exceptionnellement ouverts \u00e0 Nancy. On fait un point.<\/p>\n<ul class=\" wall-content\">\n<li><strong>Centre commercial Saint-S\u00e9bastien<\/strong>, Nancy : ferm\u00e9.<\/li>\n<li><strong>E.Leclerc<\/strong>, Vand\u0153uvre-l\u00e8s-Nancy : ferm\u00e9.<\/li>\n<li><strong>E.Leclerc<\/strong>, Nancy 2 Rives : ouvert de 9h \u00e0 13h.<\/li>\n<li><strong>E.Leclerc<\/strong>, Frouard : ouvert de 9h \u00e0 19h.<\/li>\n<li><strong>Auchan<\/strong>, Nancy-Lobau : ouvert de 9h \u00e0 20h.<\/li>\n<li><strong>Auchan<\/strong>, Tomblaine : ouvert de 9h \u00e0 20h.<\/li>\n<li><strong>Carrefour<\/strong>, Nancy-Houdemont : ouvert de 9h \u00e0 19h.<\/li>\n<li><strong>Carrefour<\/strong>, Essey-l\u00e8s-Nancy : ouvert de 9h \u00e0 19h.<\/li>\n<li><strong>Carrefour Contact<\/strong>, Nancy Keller : ouvert de 9h \u00e0 18h.<\/li>\n<li><strong>Carrefour Contact<\/strong>, Nancy Jeanne d\u2019Arc : ouvert de 9h \u00e0 13h.<\/li>\n<li><strong>Carrefour City<\/strong>, Nancy (rue Saint-Nicolas) : ouvert de 7h \u00e0 22h.<\/li>\n<li><strong>Carrefour City<\/strong>, Nancy Vieux Gourmet : ouvert de 9h \u00e0 13h.<\/li>\n<li><strong>Carrefour City<\/strong>, Nancy Strasbourg : ouvert de 9h \u00e0 21h.<\/li>\n<li><strong>Carrefour Express<\/strong>, Nancy St Dizier : ouvert de 9h \u00e0 13h.<\/li>\n<li><strong>Carrefour Express<\/strong>, Nancy Saint-Epvre : ouvert de 9h \u00e0 13h.<\/li>\n<li><strong>Carrefour Express<\/strong>, Nancy Jaur\u00e8s : ouvert de 9h \u00e0 12h45.<\/li>\n<li><strong>Carrefour Express<\/strong>, Nancy Commanderie : ouvert de 9h \u00e0 21h.<\/li>\n<li><strong>Carrefour Express<\/strong>, Nancy Craffe : ouvert de 9h \u00e0 13h.<\/li>\n<li><strong>Carrefour Express<\/strong>, Nancy Foch : ouvert de 8h \u00e0 22h.<\/li>\n<li><strong>Carrefour Express<\/strong>, Nancy L\u00e9opold : ouvert de 9h \u00e0 22h.<\/li>\n<li><strong>Decathlon<\/strong>, Houdemont : ouvert de 10h \u00e0 18h30.<\/li>\n<\/ul>\n<p>Votre r\u00e9gion, votre actu !<\/p>\n<p>Recevez chaque jour les infos qui comptent pour vous.<\/p>\n<p>\t<a href=\"https:\/\/actu.fr\/newsletter\" class=\"ac-btn ac-btn--corner ac-btn--medium ac-btn--blue800\" target=\"_blank\" rel=\"noopener\">S&rsquo;incrire<\/a><br \/>\nUne journ\u00e9e pour profiter en famille<\/p>\n<p class=\" wall-content\">Mais ce prochain jour f\u00e9ri\u00e9 peut \u00eatre \u00e9galement l\u2019occasion de profiter des activit\u00e9s de loisirs. On peut notamment citer <a href=\"https:\/\/actu.fr\/grand-est\/amneville_57019\/images-festival-luminescences-au-zoo-d-amneville-decouvrez-en-avant-premiere-l-edition-2025_63315033.html\" target=\"_blank\" rel=\"noopener\">le festival Luminescences<\/a> au zoo d\u2019Amn\u00e9ville ou encore le <a href=\"https:\/\/actu.fr\/tag\/parc-animalier-de-sainte-croix\" target=\"_blank\" rel=\"noopener\">parc animalier de Sainte-Croix<\/a>.<\/p>\n<p class=\" wall-content\">\u00c0 noter \u00e9galement que les cin\u00e9mas <strong>Kinepolis<\/strong> seront ouverts, m\u00eame ceux du centre <a href=\"https:\/\/actu.fr\/tag\/centre-commercial-waves\" target=\"_blank\" rel=\"noopener\">commercial Waves Actisud<\/a> et pr\u00e8s du Muse.<\/p>\n<p class=\" wall-content\">Personnalisez votre actualit\u00e9 en ajoutant vos villes et m\u00e9dias en favori avec <a href=\"https:\/\/moncompte.actu.fr\" title=\"D\u00e9couvez Mon Actu\" rel=\"nofollow noopener\" data-trk=\"{&quot;cta&quot;:{&quot;action&quot;:&quot;https:\\\/\\\/moncompte.actu.fr&quot;,&quot;category&quot;:&quot;mon compte&quot;,&quot;from&quot;:&quot;article footer&quot;,&quot;name&quot;:&quot;Mon actu&quot;,&quot;type&quot;:&quot;cta&quot;}}\" target=\"_blank\">Mon Actu<\/a>.<\/p>\n","protected":false},"excerpt":{"rendered":"Par Ninon Oget Publi\u00e9 le 9 nov. 2025 \u00e0 18h02 Pour le jour de la Toussaint, samedi 1er&hellip;\n","protected":false},"author":2,"featured_media":523164,"comment_status":"","ping_status":"","sticky":false,"template":"","format":"standard","meta":{"footnotes":""},"categories":[9635],"tags":[1111,11,215,33,1777,674,1011,27,775,39144,1702,12,25],"class_list":{"0":"post-523163","1":"post","2":"type-post","3":"status-publish","4":"format-standard","5":"has-post-thumbnail","7":"category-nancy","8":"tag-actu","9":"tag-actualites","10":"tag-commerce","11":"tag-economie","12":"tag-eu","13":"tag-europe","14":"tag-fr","15":"tag-france","16":"tag-grand-est","17":"tag-jours-feries","18":"tag-nancy","19":"tag-news","20":"tag-republique-francaise"},"share_on_mastodon":{"url":"https:\/\/pubeurope.com\/@fr\/115520868570077339","error":""},"_links":{"self":[{"href":"https:\/\/www.europesays.com\/fr\/wp-json\/wp\/v2\/posts\/523163","targetHints":{"allow":["GET"]}}],"collection":[{"href":"https:\/\/www.europesays.com\/fr\/wp-json\/wp\/v2\/posts"}],"about":[{"href":"https:\/\/www.europesays.com\/fr\/wp-json\/wp\/v2\/types\/post"}],"author":[{"embeddable":true,"href":"https:\/\/www.europesays.com\/fr\/wp-json\/wp\/v2\/users\/2"}],"replies":[{"embeddable":true,"href":"https:\/\/www.europesays.com\/fr\/wp-json\/wp\/v2\/comments?post=523163"}],"version-history":[{"count":0,"href":"https:\/\/www.europesays.com\/fr\/wp-json\/wp\/v2\/posts\/523163\/revisions"}],"wp:featuredmedia":[{"embeddable":true,"href":"https:\/\/www.europesays.com\/fr\/wp-json\/wp\/v2\/media\/523164"}],"wp:attachment":[{"href":"https:\/\/www.europesays.com\/fr\/wp-json\/wp\/v2\/media?parent=523163"}],"wp:term":[{"taxonomy":"category","embeddable":true,"href":"https:\/\/www.europesays.com\/fr\/wp-json\/wp\/v2\/categories?post=523163"},{"taxonomy":"post_tag","embeddable":true,"href":"https:\/\/www.europesays.com\/fr\/wp-json\/wp\/v2\/tags?post=523163"}],"curies":[{"name":"wp","href":"https:\/\/api.w.org\/{rel}","templated":true}]}}